{"id":539498,"date":"2025-11-17T04:43:12","date_gmt":"2025-11-17T04:43:12","guid":{"rendered":"https:\/\/www.europesays.com\/fr\/539498\/"},"modified":"2025-11-17T04:43:12","modified_gmt":"2025-11-17T04:43:12","slug":"temperatures-en-baisse-ciel-nuageux-les-previsions-meteo-a-toulouse-et-en-occitanie-lundi","status":"publish","type":"post","link":"https:\/\/www.europesays.com\/fr\/539498\/","title":{"rendered":"temp\u00e9ratures en baisse, ciel nuageux\u2026 Les pr\u00e9visions m\u00e9t\u00e9o \u00e0 Toulouse et en Occitanie lundi"},"content":{"rendered":"<p>                    Par<br \/>\n        <strong><br \/>\n            <a href=\"https:\/\/actu.fr\/auteur\/guillaume-laurens\" title=\"Consulter tous les articles de Guillaume Laurens\" rel=\"nofollow noopener\" target=\"_blank\">Guillaume Laurens<\/a><br \/>\n                    <\/strong><\/p>\n<p>        Publi\u00e9 le<\/p>\n<p>            17 nov. 2025 \u00e0 5h06        <\/p>\n<p>Bonjour \u00e0 tous\u2009! Apr\u00e8s <a href=\"https:\/\/actu.fr\/occitanie\/toulouse_31555\/quel-temps-a-toulouse-et-en-occitanie-ce-dimanche-voici-les-previsions-de-meteo-france-2_63442373.html\" rel=\"nofollow noopener\" target=\"_blank\">un week-end tr\u00e8s cl\u00e9ment pour la saison<\/a>, le temps commence \u00e0 <strong>se g\u00e2ter<\/strong> et les <strong>temp\u00e9ratures<\/strong> \u00e0 descendre (un peu) ce lundi 17\u00a0novembre 2025, sur <strong>Toulouse<\/strong> et sa r\u00e9gion. Le point sur les<a href=\"https:\/\/actu.fr\/toulouse\/meteo\" rel=\"nofollow noopener\" target=\"_blank\"> pr\u00e9visions m\u00e9t\u00e9o dans la Ville rose<\/a>.<\/p>\n<p>Temp\u00e9ratures en baisse et nuages sur Toulouse<\/p>\n<p class=\" wall-content\">\u00c0 Toulouse, ce lundi, les <strong>temp\u00e9ratures<\/strong> baisseront un peu, mais resteront encore l\u00e9g\u00e8rement au-dessus des normales de saison, selon <a href=\"https:\/\/meteofrance.com\/previsions-meteo-france\/toulouse\/31000\" rel=\"nofollow noopener\" target=\"_blank\">M\u00e9t\u00e9o-France<\/a>, qui annonce <strong>9\u00b0C au matin<\/strong>, et <strong>15\u00b0C l\u2019apr\u00e8s-midi<\/strong>. Et ce n\u2019est qu\u2019un avant-go\u00fbt du premier <strong>coup de froid<\/strong> de l\u2019hiver, annonc\u00e9 par M\u00e9t\u00e9o France, puisque le mercure devrait <strong>fortement chuter d\u00e8s mardi<\/strong>, avec sans doute les premi\u00e8res gel\u00e9es matinales mercredi et des temp\u00e9ratures qui resteront bien fra\u00eeches jusqu\u2019\u00e0 dimanche.<\/p>\n<p class=\" wall-content\">C\u00f4t\u00e9 ciel, pas de perturbation \u00e0 l\u2019horizon\u2009: le temps devrait rester <strong>tr\u00e8s nuageux<\/strong> toute la journ\u00e9e sur la Ville rose.<\/p>\n<p>    <img   decoding=\"async\" loading=\"lazy\" src=\"https:\/\/www.europesays.com\/fr\/wp-content\/uploads\/2025\/11\/previsions-meteo-toulouse-lundi-17-novembre-2025-960x640.jpg\" alt=\"Voici les pr\u00e9visions m\u00e9t\u00e9o \u00e0 Toulouse lundi 17 novembre 2025\" width=\"960\" height=\"640\"\/><br \/>\n    Voici les pr\u00e9visions m\u00e9t\u00e9o \u00e0 Toulouse lundi 17\u00a0novembre 2025 (\u00a9M\u00e9t\u00e9o France)Soleil \u00e0 l\u2019est, nuages \u00e0 l\u2019ouest en Occitanie<\/p>\n<p class=\" wall-content\">\u00c0 l\u2019\u00e9chelle de <strong>l\u2019Occitanie<\/strong>, la r\u00e9gion sera globalement <strong>coup\u00e9e en deux<\/strong>. Le matin, M\u00e9t\u00e9o France pr\u00e9voit du soleil sur le littoral m\u00e9diterran\u00e9en, de la pluie sur quelques secteurs (Comminges, Montagne Noire, Gers et Aveyron) et un temps nuageux partout ailleurs.<\/p>\n<p class=\" wall-content\"><strong>L\u2019apr\u00e8s-midi<\/strong>, le <strong>soleil<\/strong> brillera encore sur la <strong>c\u00f4te languedocienne<\/strong>, alors que de la <strong>pluie<\/strong> est au programme sur <strong>l\u2019Ari\u00e8ge<\/strong> et les <strong>Hautes-Pyr\u00e9n\u00e9es<\/strong>. Ailleurs, le temps oscillera entre nuages et \u00e9claircies.<\/p>\n<p>Vid\u00e9os : en ce moment sur Actu<\/p>\n<p class=\" wall-content\">Quant aux temp\u00e9ratures, il ne fera pas plus de <strong>8\u00b0C \u00e0 Laguiole<\/strong> (Aveyron), <strong>14\u00b0C \u00e0 Saint-Gaudens<\/strong> (Haute-Garonne), ou encore <strong>15\u00b0C \u00e0 Montauban<\/strong> (Tarn-et-Garonne).<\/p>\n<p>    <img   decoding=\"async\" loading=\"lazy\" src=\"https:\/\/www.europesays.com\/fr\/wp-content\/uploads\/2025\/11\/previsions-meteo-occitanie-lundi-17-novembre-2025-960x640.jpg\" alt=\"Voici les pr\u00e9visions m\u00e9t\u00e9o en Occitanie lundi 17 novembre 2025\" width=\"960\" height=\"640\"\/><br \/>\n    Voici les pr\u00e9visions m\u00e9t\u00e9o en Occitanie lundi 17\u00a0novembre 2025 (\u00a9M\u00e9t\u00e9o France)<\/p>\n<p class=\" wall-content\">Personnalisez votre actualit\u00e9 en ajoutant vos villes et m\u00e9dias en favori avec <a href=\"https:\/\/moncompte.actu.fr\" title=\"D\u00e9couvez Mon Actu\" rel=\"nofollow noopener\" data-trk=\"{&quot;cta&quot;:{&quot;action&quot;:&quot;https:\\\/\\\/moncompte.actu.fr&quot;,&quot;category&quot;:&quot;mon compte&quot;,&quot;from&quot;:&quot;article footer&quot;,&quot;name&quot;:&quot;Mon actu&quot;,&quot;type&quot;:&quot;cta&quot;}}\" target=\"_blank\">Mon Actu<\/a>.<\/p>\n","protected":false},"excerpt":{"rendered":"Par Guillaume Laurens Publi\u00e9 le 17 nov. 2025 \u00e0 5h06 Bonjour \u00e0 tous\u2009! Apr\u00e8s un week-end tr\u00e8s cl\u00e9ment&hellip;\n","protected":false},"author":2,"featured_media":539499,"comment_status":"","ping_status":"","sticky":false,"template":"","format":"standard","meta":{"footnotes":""},"categories":[2816],"tags":[1111,11,1777,674,1011,27,2487,2357,12,2680,25,2312],"class_list":{"0":"post-539498","1":"post","2":"type-post","3":"status-publish","4":"format-standard","5":"has-post-thumbnail","7":"category-toulouse","8":"tag-actu","9":"tag-actualites","10":"tag-eu","11":"tag-europe","12":"tag-fr","13":"tag-france","14":"tag-meteo","15":"tag-meteo-france","16":"tag-news","17":"tag-occitanie","18":"tag-republique-francaise","19":"tag-toulouse"},"share_on_mastodon":{"url":"https:\/\/pubeurope.com\/@fr\/115563215031234231","error":""},"_links":{"self":[{"href":"https:\/\/www.europesays.com\/fr\/wp-json\/wp\/v2\/posts\/539498","targetHints":{"allow":["GET"]}}],"collection":[{"href":"https:\/\/www.europesays.com\/fr\/wp-json\/wp\/v2\/posts"}],"about":[{"href":"https:\/\/www.europesays.com\/fr\/wp-json\/wp\/v2\/types\/post"}],"author":[{"embeddable":true,"href":"https:\/\/www.europesays.com\/fr\/wp-json\/wp\/v2\/users\/2"}],"replies":[{"embeddable":true,"href":"https:\/\/www.europesays.com\/fr\/wp-json\/wp\/v2\/comments?post=539498"}],"version-history":[{"count":0,"href":"https:\/\/www.europesays.com\/fr\/wp-json\/wp\/v2\/posts\/539498\/revisions"}],"wp:featuredmedia":[{"embeddable":true,"href":"https:\/\/www.europesays.com\/fr\/wp-json\/wp\/v2\/media\/539499"}],"wp:attachment":[{"href":"https:\/\/www.europesays.com\/fr\/wp-json\/wp\/v2\/media?parent=539498"}],"wp:term":[{"taxonomy":"category","embeddable":true,"href":"https:\/\/www.europesays.com\/fr\/wp-json\/wp\/v2\/categories?post=539498"},{"taxonomy":"post_tag","embeddable":true,"href":"https:\/\/www.europesays.com\/fr\/wp-json\/wp\/v2\/tags?post=539498"}],"curies":[{"name":"wp","href":"https:\/\/api.w.org\/{rel}","templated":true}]}}