{"id":539501,"date":"2025-11-17T04:48:14","date_gmt":"2025-11-17T04:48:14","guid":{"rendered":"https:\/\/www.europesays.com\/fr\/539501\/"},"modified":"2025-11-17T04:48:14","modified_gmt":"2025-11-17T04:48:14","slug":"municipales-2026-sebastien-delogu-lfi-annonce-sa-candidature-a-la-mairie-de-marseille","status":"publish","type":"post","link":"https:\/\/www.europesays.com\/fr\/539501\/","title":{"rendered":"Municipales 2026 : S\u00e9bastien Delogu (LFI) annonce sa candidature \u00e0 la mairie de Marseille"},"content":{"rendered":"<p>                                            Politique\n                                                                            <\/p>\n<p>\n                                            Le d\u00e9put\u00e9 insoumis S\u00e9bastien Delogu a annonc\u00e9 dimanche 16 novembre qu\u2019il briguerait la mairie de Marseille en 2026. Il se pr\u00e9sente comme le candidat susceptible de \u00ab d\u00e9gager ce syst\u00e8me \u00bb et assure qu\u2019il \u00ab ne fermera pas la porte, au second tour, \u00e0 une union des gauches \u00bb.                                        <\/p>\n<p>                                                Publi\u00e9 le 16 novembre 2025 \u00e0 21h22                                                                                            <\/p>\n<p>                                            <img loading=\"lazy\" width=\"1024\" height=\"683\" src=\"https:\/\/www.europesays.com\/fr\/wp-content\/uploads\/2025\/11\/SIPA_01239242_000071-1.jpg\" class=\"attachment-post-thumbnail size-post-thumbnail wp-post-image\" alt=\"S\u00e9bastien Delogu a lanc\u00e9 sa candidature \u00e0 la mairie de Marseille dimanche 16 novembre. \u00a9 Alain ROBERT\/SIPA\" decoding=\"async\"  \/><\/p>\n<p>                                            S\u00e9bastien Delogu a lanc\u00e9 sa candidature \u00e0 la mairie de Marseille dimanche 16 novembre. \u00a9 Alain ROBERT\/SIPA<\/p>\n<p class=\"font-claude-response-body whitespace-normal break-words\">L\u2019assembl\u00e9e communale des militants \u00ab insoumis \u00bb de Marseille a confirm\u00e9, dimanche 16 novembre, la d\u00e9signation de <a href=\"https:\/\/www.valeursactuelles.com\/politique\/algerie-lfi-desavoue-delogu-et-se-fait-incendier-mentalite-de-colon-chiez-sur-sansal\" target=\"_blank\" rel=\"noopener\">S\u00e9bastien Delogu<\/a> comme <a href=\"https:\/\/www.valeursactuelles.com\/politique\/la-france-insoumise-a-lheure-algerienne\" target=\"_blank\" rel=\"noopener\">candidat LFI<\/a> aux <a href=\"https:\/\/www.valeursactuelles.com\/politique\/municipales-2026-le-rn-nexclut-pas-des-scenarios-dalliance-affirme-jordan-bardella\" target=\"_blank\" rel=\"noopener\">municipales de mars 2026<\/a>. Il se pr\u00e9sente comme celui capable de \u00ab ramener le peuple au pouvoir \u00bb et n\u2019exclut pas une union de la gauche au second tour, alors que cette derni\u00e8re part divis\u00e9e, rapporte <a href=\"https:\/\/www.tf1info.fr\/elections\/municipales-2026-le-depute-lfi-sebastien-delogu-officialise-sa-candidature-a-marseille-2407041.html\" target=\"_blank\" rel=\"nofollow noopener\">TF1<\/a>.<\/p>\n<p><a href=\"https:\/\/www.valeursactuelles.com\/politique\/sebastien-delogu-lfi-apercu-dans-un-restaurant-de-luxe-en-pleine-seance-de-nuit-a-lassemblee\" class=\"h-flex h-align-items-center h-border-tb h-ptb-15\" target=\"_blank\" rel=\"noopener\">A\u00a0LIRE\u00a0S\u00e9bastien Delogu (LFI) aper\u00e7u dans un restaurant de luxe en pleine s\u00e9ance de nuit \u00e0 l\u2019Assembl\u00e9e<\/a><\/p>\n<p>\u00ab\u00a0Je souhaite ramener le peuple au pouvoir et ne pas laisser Marseille aux magouilleurs qui font du favoritisme et du client\u00e9lisme comme la ville a toujours connu\u00a0\u00bb, a d\u00e9clar\u00e9 l\u2019\u00e9lu des quartiers nord de la deuxi\u00e8me ville de France. Fils de chauffeur de taxi, \u00e9lu puis r\u00e9\u00e9lu d\u00e8s 2024 au premier tour, S\u00e9bastien Delogu revendique une connaissance \u00ab de la moindre rue \u00bb de la ville et affirme avoir \u00ab vu tout le client\u00e9lisme, la corruption \u00bb. Il promet ainsi de \u00ab d\u00e9gager ce syst\u00e8me \u00bb et assure qu\u2019il \u00ab ne fermera pas la porte au second tour \u00e0 une union des gauches \u00bb. Il b\u00e9n\u00e9ficie notamment du soutien de S\u00e9bastien Barles, adjoint \u00e0 la Transition \u00e9nerg\u00e9tique.<\/p>\n<p>Une gauche marseillaise divis\u00e9e<\/p>\n<p class=\"font-claude-response-body whitespace-normal break-words\">La gauche marseillaise s\u2019annonce cependant \u00e9parse : le maire sortant Beno\u00eet Payan (divers gauche) n\u2019a pas encore officialis\u00e9 sa candidature, mais peut compter sur les socialistes, les communistes et une partie des \u00e9cologistes. En face, la droite et le centre partent unis derri\u00e8re Martine Vassal, tandis que le RN, fort d\u2019avoir remport\u00e9 3 des 7 circonscriptions l\u00e9gislatives marseillaises, lance le d\u00e9put\u00e9 Franck Allisio \u00e0 la conqu\u00eate de la mairie.<\/p>\n<p><a href=\"https:\/\/www.valeursactuelles.com\/regions\/provence-alpes-cote-dazur\/bouches-du-rhone\/marseille\/politique\/marseille-une-main-courante-pour-intimidation-deposee-contre-sebastien-delogu-par-son-medecin-traitant\" class=\"h-flex h-align-items-center h-border-tb h-ptb-15\" target=\"_blank\" rel=\"noopener\">A\u00a0LIRE\u00a0Marseille : une main courante pour intimidation d\u00e9pos\u00e9e contre S\u00e9bastien Delogu par son m\u00e9decin traitant<\/a><\/p>\n<p class=\"font-claude-response-body whitespace-normal break-words\">Pour esp\u00e9rer l\u2019emporter, S\u00e9bastien Delogu devra d\u00e9passer son socle des quartiers nord et s\u00e9duire les autres arrondissements de la ville. Pour cela, il mise sur un programme \u00e0 forte tonalit\u00e9 \u00e9cologique, avec des transports \u00ab au service de la nature et des habitants \u00bb dans une ville qui ne compte que deux lignes de m\u00e9tro.<\/p>\n","protected":false},"excerpt":{"rendered":"Politique Le d\u00e9put\u00e9 insoumis S\u00e9bastien Delogu a annonc\u00e9 dimanche 16 novembre qu\u2019il briguerait la mairie de Marseille en&hellip;\n","protected":false},"author":2,"featured_media":539502,"comment_status":"","ping_status":"","sticky":false,"template":"","format":"standard","meta":{"footnotes":""},"categories":[2814],"tags":[1111,11,1777,674,1011,27,2338,884,3434,12,882,25,10338],"class_list":{"0":"post-539501","1":"post","2":"type-post","3":"status-publish","4":"format-standard","5":"has-post-thumbnail","7":"category-marseille","8":"tag-actu","9":"tag-actualites","10":"tag-eu","11":"tag-europe","12":"tag-fr","13":"tag-france","14":"tag-la-france-insoumise","15":"tag-marseille","16":"tag-municipales-2026","17":"tag-news","18":"tag-provence-alpes-cote-dazur","19":"tag-republique-francaise","20":"tag-sebastien-delogu"},"share_on_mastodon":{"url":"https:\/\/pubeurope.com\/@fr\/115563234439493962","error":""},"_links":{"self":[{"href":"https:\/\/www.europesays.com\/fr\/wp-json\/wp\/v2\/posts\/539501","targetHints":{"allow":["GET"]}}],"collection":[{"href":"https:\/\/www.europesays.com\/fr\/wp-json\/wp\/v2\/posts"}],"about":[{"href":"https:\/\/www.europesays.com\/fr\/wp-json\/wp\/v2\/types\/post"}],"author":[{"embeddable":true,"href":"https:\/\/www.europesays.com\/fr\/wp-json\/wp\/v2\/users\/2"}],"replies":[{"embeddable":true,"href":"https:\/\/www.europesays.com\/fr\/wp-json\/wp\/v2\/comments?post=539501"}],"version-history":[{"count":0,"href":"https:\/\/www.europesays.com\/fr\/wp-json\/wp\/v2\/posts\/539501\/revisions"}],"wp:featuredmedia":[{"embeddable":true,"href":"https:\/\/www.europesays.com\/fr\/wp-json\/wp\/v2\/media\/539502"}],"wp:attachment":[{"href":"https:\/\/www.europesays.com\/fr\/wp-json\/wp\/v2\/media?parent=539501"}],"wp:term":[{"taxonomy":"category","embeddable":true,"href":"https:\/\/www.europesays.com\/fr\/wp-json\/wp\/v2\/categories?post=539501"},{"taxonomy":"post_tag","embeddable":true,"href":"https:\/\/www.europesays.com\/fr\/wp-json\/wp\/v2\/tags?post=539501"}],"curies":[{"name":"wp","href":"https:\/\/api.w.org\/{rel}","templated":true}]}}