{"id":539505,"date":"2025-11-17T04:50:19","date_gmt":"2025-11-17T04:50:19","guid":{"rendered":"https:\/\/www.europesays.com\/fr\/539505\/"},"modified":"2025-11-17T04:50:19","modified_gmt":"2025-11-17T04:50:19","slug":"trop-tard-pour-convaincre","status":"publish","type":"post","link":"https:\/\/www.europesays.com\/fr\/539505\/","title":{"rendered":"trop tard pour convaincre ?"},"content":{"rendered":"<p>Elle concerne directement <a href=\"https:\/\/www.lyonmag.com\/profil-personnalite-lyonnaise\/518\/bruno-bernard\" target=\"_blank\" rel=\"noopener\">Bruno Bernard<\/a>, puisqu&rsquo;il \u00e9tait demand\u00e9 aux habitants de la M\u00e9tropole de Lyon s&rsquo;ils \u00e9taient satisfaits ou insatisfaits de l&rsquo;action du pr\u00e9sident de la collectivit\u00e9 depuis 6 ans. Pas de mention de son \u00e9tiquette \u00e9cologiste dans la question, juste de son nom et de son titre.<\/p>\n<p>Et Bruno Bernard a d\u00fb faire la grimace en voyant que 65% des sond\u00e9s se disaient insatisfaits de son travail \u00e0 la t\u00eate de la M\u00e9tropole.<\/p>\n<p>Dans le d\u00e9tail, 37% se disent tr\u00e8s insatisfaits et 28% plut\u00f4t insatisfaits.<\/p>\n<p>Chez les 35% de satisfaits, 27% sont plut\u00f4t satisfaits et seulement 8% se revendiquent tr\u00e8s satisfaits par l&rsquo;action de l&rsquo;\u00e9lu \u00e9cologiste.<\/p>\n<p>Est-ce trop tard pour convaincre ?<\/p>\n<p>Vous souvenez-vous du s\u00e9isme provoqu\u00e9 \u00e0 l&rsquo;H\u00f4tel de Ville par notre sondage Ipsos de d\u00e9but 2023 ? <a href=\"https:\/\/www.lyonmag.com\/profil-personnalite-lyonnaise\/504\/gregory-doucet\" target=\"_blank\" rel=\"noopener\">Gr\u00e9gory Doucet<\/a> venait fi\u00e8rement d&rsquo;annoncer qu&rsquo;il briguerait un second mandat. Une entr\u00e9e en campagne tr\u00e8s pr\u00e9coce, et un \u00e9lan coup\u00e9 quelques semaines plus tard par l&rsquo;avis implacable des Lyonnais : 74% d&rsquo;habitants ne souhaitant pas qu&rsquo;il soit r\u00e9\u00e9lu, et 67% de m\u00e9contents quant \u00e0 son action en tant que maire.<\/p>\n<p>\u00c0 l&rsquo;\u00e9poque, Brice Couturier, directeur g\u00e9n\u00e9ral d\u00e9l\u00e9gu\u00e9 d&rsquo;IPSOS, d\u00e9clarait avoir \u00ab\u00a0rarement vu des r\u00e9sultats aussi critiques vis-\u00e0-vis d&rsquo;un maire en place \u00e9lu pour son premier mandat\u00a0\u00bb<\/p>\n<p>Bruno Bernard pouvait regarder cela depuis l&rsquo;H\u00f4tel de la M\u00e9tropole, satisfait de passer entre les gouttes de l&rsquo;orage. Or, le pr\u00e9sident de la M\u00e9tropole de Lyon n&rsquo;\u00e9chappe pas \u00e0 la col\u00e8re des Grands Lyonnais avec cette nouvelle mouture sign\u00e9e Opinion Way.<\/p>\n<p>Avec 65% d&rsquo;insatisfaits, l&rsquo;\u00e9cologiste est m\u00eame \u00e0 touche-touche avec son pendant de la mairie. Et comme Gr\u00e9gory Doucet, qui montait \u00e0 41%, il r\u00e9colte son plus gros score chez les \u00ab\u00a0tr\u00e8s insatisfaits\u00a0\u00bb avec 37% des sond\u00e9s.<\/p>\n<p>Les 18-24 ans sont les plus ravis de l&rsquo;action de Bruno Bernard (72 %), quand les 55-64 ans sont ceux qui critiquent le plus (80 %). Un v\u00e9ritable conflit g\u00e9n\u00e9rationnel, parents-enfants, qui s&rsquo;annonce pour ce scrutin !<\/p>\n<p><strong>Course contre-la-montre<\/strong><\/p>\n<p>Il faut croire que les longs threads post\u00e9s sur ses r\u00e9seaux sociaux et r\u00e9dig\u00e9s par un twittos tr\u00e8s influent de l\u2019\u00e9colosph\u00e8re, n\u2019arrivent pas \u00e0 toucher un public au-del\u00e0 de son premier cercle acquis \u00e0 sa cause.<\/p>\n<p>Il reste d\u00e9sormais quatre mois pour convaincre les \u00e9lecteurs qu\u2019ils se trompent et que l\u2019action men\u00e9e par la collectivit\u00e9 sous l\u2019impulsion des \u00e9cologistes et de leurs partenaires, offre des motifs de satisfaction\u2026<\/p>\n<p>Quelques rubans seront coup\u00e9s avant le scrutin, notamment pour de nouvelles lignes importantes de tramways. Mais ces derni\u00e8res concernent uniquement l\u2019Est et le Sud lyonnais. Ce qui ne constitue pas un motif de satisfaction pour le reste de la population, notamment de l\u2019Ouest et du Val de Sa\u00f4ne, qui se sentent d\u00e9lib\u00e9r\u00e9ment abandonn\u00e9s.<\/p>\n<p>Sondage OpinionWay r\u00e9alis\u00e9 pour LyonMag et Radio Espace du 15 au 20 octobre 2025 aupr\u00e8s de 1013 personnes inscrites sur les listes \u00e9lectorales de la m\u00e9tropole de Lyon, panel issu d\u2019un \u00e9chantillon repr\u00e9sentatif de 1210 personnes, repr\u00e9sentatif de la m\u00e9tropole de Lyon \u00e2g\u00e9e de 18 ans et plus. L\u2019\u00e9chantillon a \u00e9t\u00e9 constitu\u00e9 selon la m\u00e9thode des quotas, au regard des crit\u00e8res de sexe, d\u2019\u00e2ge, de cat\u00e9gorie socioprofessionnelle, de zone de r\u00e9sidence. L\u2019\u00e9chantillon a \u00e9t\u00e9 interrog\u00e9 en ligne.<\/p>\n","protected":false},"excerpt":{"rendered":"Elle concerne directement Bruno Bernard, puisqu&rsquo;il \u00e9tait demand\u00e9 aux habitants de la M\u00e9tropole de Lyon s&rsquo;ils \u00e9taient satisfaits&hellip;\n","protected":false},"author":2,"featured_media":539506,"comment_status":"","ping_status":"","sticky":false,"template":"","format":"standard","meta":{"footnotes":""},"categories":[1889],"tags":[1111,11,2813,2190,2430,1109,251,1112,2811,1777,674,118,1011,27,1922,1110,1114,2428,2810,12,241,316,25,2812,517,800],"class_list":{"0":"post-539505","1":"post","2":"type-post","3":"status-publish","4":"format-standard","5":"has-post-thumbnail","7":"category-lyon","8":"tag-actu","9":"tag-actualites","10":"tag-article","11":"tag-asvel","12":"tag-auvergne-rhone-alpes","13":"tag-breves","14":"tag-culture","15":"tag-depeches","16":"tag-economique","17":"tag-eu","18":"tag-europe","19":"tag-faits-divers","20":"tag-fr","21":"tag-france","22":"tag-info","23":"tag-informations","24":"tag-infos","25":"tag-lyon","26":"tag-lyonmag","27":"tag-news","28":"tag-ol","29":"tag-politique","30":"tag-republique-francaise","31":"tag-sociale","32":"tag-sport","33":"tag-transports"},"share_on_mastodon":{"url":"https:\/\/pubeurope.com\/@fr\/115563241358709794","error":""},"_links":{"self":[{"href":"https:\/\/www.europesays.com\/fr\/wp-json\/wp\/v2\/posts\/539505","targetHints":{"allow":["GET"]}}],"collection":[{"href":"https:\/\/www.europesays.com\/fr\/wp-json\/wp\/v2\/posts"}],"about":[{"href":"https:\/\/www.europesays.com\/fr\/wp-json\/wp\/v2\/types\/post"}],"author":[{"embeddable":true,"href":"https:\/\/www.europesays.com\/fr\/wp-json\/wp\/v2\/users\/2"}],"replies":[{"embeddable":true,"href":"https:\/\/www.europesays.com\/fr\/wp-json\/wp\/v2\/comments?post=539505"}],"version-history":[{"count":0,"href":"https:\/\/www.europesays.com\/fr\/wp-json\/wp\/v2\/posts\/539505\/revisions"}],"wp:featuredmedia":[{"embeddable":true,"href":"https:\/\/www.europesays.com\/fr\/wp-json\/wp\/v2\/media\/539506"}],"wp:attachment":[{"href":"https:\/\/www.europesays.com\/fr\/wp-json\/wp\/v2\/media?parent=539505"}],"wp:term":[{"taxonomy":"category","embeddable":true,"href":"https:\/\/www.europesays.com\/fr\/wp-json\/wp\/v2\/categories?post=539505"},{"taxonomy":"post_tag","embeddable":true,"href":"https:\/\/www.europesays.com\/fr\/wp-json\/wp\/v2\/tags?post=539505"}],"curies":[{"name":"wp","href":"https:\/\/api.w.org\/{rel}","templated":true}]}}