{"id":539511,"date":"2025-11-17T04:56:25","date_gmt":"2025-11-17T04:56:25","guid":{"rendered":"https:\/\/www.europesays.com\/fr\/539511\/"},"modified":"2025-11-17T04:56:25","modified_gmt":"2025-11-17T04:56:25","slug":"arrivee-du-quinte-du-dimanche-16-novembre-a-vincennes-josh-power-se-qualifie-avec-la-maniere","status":"publish","type":"post","link":"https:\/\/www.europesays.com\/fr\/539511\/","title":{"rendered":"Arriv\u00e9e du quint\u00e9 du dimanche 16\u00a0novembre \u00e0 Vincennes\u00a0: Josh Power se qualifie avec la mani\u00e8re"},"content":{"rendered":"<p class=\"paragraph text_align_left lp-f-body-02\"><b>Arriv\u00e9e du quint\u00e9 <\/b>: 7 &#8211; 13 &#8211; 16 &#8211; 2 &#8211; 5<\/p>\n<p class=\"paragraph text_align_left lp-f-body-02\">Le meeting d\u2019hiver est d\u00e9j\u00e0 bien lanc\u00e9 mais le <a href=\"https:\/\/www.leparisien.fr\/sports\/hippisme\/quinte-du-dimanche-16-novembre-a-vincennes-pour-sebastien-ernault-lobjectif-est-la-qualification-avec-josh-power-15-11-2025-ZZKJHWN4X5A77DJD54TMAT6WUE.php\" target=\"_self\" rel=\"nofollow noopener\">Prix de Bretagne <\/a>donne le coup d\u2019envoi de la course \u00e0 la qualification pour <a href=\"https:\/\/www.leparisien.fr\/sports\/hippisme\/les-champions-realisent-le-double-la-joie-du-clan-duvaldestin-vainqueur-du-prix-damerique-avec-idao-de-tillard-26-01-2025-QSTK2SSXYJCLZNOJCUSDAYO3NA.php\" target=\"_self\" rel=\"nofollow noopener\">le Prix d\u2019Am\u00e9rique<\/a>, disput\u00e9 le 25 janvier.<\/p>\n<p class=\"paragraph text_align_left lp-f-body-02\">Devant des tribunes bien remplies (environ 10 000 personnes), Josh Power (n\u00b0 7) a marqu\u00e9 les esprits en dominant avec beaucoup de facilit\u00e9 le favori de la course, <a href=\"https:\/\/www.leparisien.fr\/sports\/hippisme\/jushua-tree-reprend-sa-marche-en-avant-en-remportant-lultime-epreuve-qualificative-au-criterium-des-5-ans-31-08-2024-FTCD3OTA5BE7ZCVCU2OTLXVBPM.php\" target=\"_self\" rel=\"nofollow noopener\">Jushua Tree<\/a>. Une victoire qui ne souffre d\u2019aucune contestation tant la sup\u00e9riorit\u00e9 de l\u2019\u00e9l\u00e8ve de <a href=\"https:\/\/www.leparisien.fr\/sports\/hippisme\/quinte-du-dimanche-23-fevrier-a-vincennes-sebastien-ernault-a-la-conquete-de-paris-avec-josh-power-21-02-2025-BO66547DWVHLJLB5PINPNRWN7Y.php\" target=\"_self\" rel=\"nofollow noopener\">S\u00e9bastien Ernault <\/a>a sembl\u00e9 \u00e9vidente.<\/p>\n<p class=\"paragraph text_align_left lp-f-body-02\">Pourtant, la premi\u00e8re moiti\u00e9 du parcours ne s\u2019est pas pass\u00e9e comme pr\u00e9vu. \u00ab Je n\u2019\u00e9tais pas tr\u00e8s bien plac\u00e9 dans la plaine, avoue-t-il. J\u2019ai pu sortir avec la faute d\u2019un adversaire. \u00bb Une aubaine dont a profit\u00e9 le pilote normand. \u00ab En haut de la c\u00f4te, j\u2019allais encore tr\u00e8s bien alors que d\u2019habitude, c\u2019est un endroit un peu critique pour lui. \u00bb<\/p>\n<blockquote class=\"twitter-tweet\">\n<p lang=\"fr\" dir=\"ltr\">\ud83c\udfc6 \ud835\udddd\ud835\uddfc\ud835\ude00\ud835\uddf5 \ud835\udde3\ud835\uddfc\ud835\ude04\ud835\uddf2\ud835\uddff triomphe dans le Prix de Bretagne &#8211; Amerique Races Q1 ! <\/p>\n<p>Le premier round des \ud835\uddd4\ud835\uddfa\ud835\uddf2\ud835\uddff\ud835\uddf6\ud835\uddfe\ud835\ude02\ud835\uddf2 \ud835\udde5\ud835\uddee\ud835\uddf0\ud835\uddf2\ud835\ude00 revient au pensionnaire de S\u00e9bastien Ernault qui bat le favori Jushua Tree. <\/p>\n<p>Borups Victory termine tr\u00e8s fort \u00e0 l&rsquo;ext\u00e9rieur pour s&rsquo;adjuger la\u2026 <a href=\"https:\/\/t.co\/JQVbOIvC9C\" rel=\"nofollow\">pic.twitter.com\/JQVbOIvC9C<\/a><\/p>\n<p>\u2014 Equidia (@equidia) <a href=\"https:\/\/twitter.com\/equidia\/status\/1990064157601792103?ref_src=twsrc%5Etfw\" rel=\"nofollow noopener\" target=\"_blank\">November 16, 2025<\/a><\/p><\/blockquote>\n<p class=\"paragraph text_align_left lp-f-body-02\">S\u2019il a parfaitement men\u00e9 son cheval vers le succ\u00e8s, S\u00e9bastien Ernault laisse ensuite de c\u00f4t\u00e9 sa casquette de driver pour endosser celle d\u2019entra\u00eeneur. \u00ab On voulait se qualifier sans faire trop dure, confie-t-il. C\u2019est chose faite. Maintenant on va avoir moins de pression et on va voir la suite. \u00bb<\/p>\n<p class=\"paragraph text_align_left lp-f-body-02\">Si la victoire est importante, les places sont aussi pr\u00e9pond\u00e9rantes puisque les quatre premiers des diff\u00e9rentes \u00ab B \u00bb obtiennent leur s\u00e9same pour le Prix d\u2019Am\u00e9rique. <\/p>\n<p class=\"paragraph text_align_left lp-f-body-02\">Sans \u00eatre dans un grand jour, Jushua Tree (n\u00b0 13) conserve la deuxi\u00e8me place et valide son billet pour l\u2019Am\u00e9rique. Il sera accompagn\u00e9 par Borups Victory (n\u00b0 16) auteur d\u2019une grande performance, et J\u2019aime Le Foot (n\u00b0 2), qui cr\u00e9e une grosse surprise \u00e0 plus de 200\/1. Iguski Sautonne (n\u00b0 5) compl\u00e8te la bonne combinaison du quint\u00e9.<\/p>\n<p><script async src=\"https:\/\/platform.twitter.com\/widgets.js\" charset=\"utf-8\"><\/script><\/p>\n","protected":false},"excerpt":{"rendered":"Arriv\u00e9e du quint\u00e9 : 7 &#8211; 13 &#8211; 16 &#8211; 2 &#8211; 5 Le meeting d\u2019hiver est d\u00e9j\u00e0&hellip;\n","protected":false},"author":2,"featured_media":539512,"comment_status":"","ping_status":"","sticky":false,"template":"","format":"standard","meta":{"footnotes":""},"categories":[1888],"tags":[11,1777,674,1011,27,11462,12,626,25,60],"class_list":{"0":"post-539511","1":"post","2":"type-post","3":"status-publish","4":"format-standard","5":"has-post-thumbnail","7":"category-paris","8":"tag-actualites","9":"tag-eu","10":"tag-europe","11":"tag-fr","12":"tag-france","13":"tag-hippisme","14":"tag-news","15":"tag-paris","16":"tag-republique-francaise","17":"tag-sports"},"share_on_mastodon":{"url":"https:\/\/pubeurope.com\/@fr\/115563265012417507","error":""},"_links":{"self":[{"href":"https:\/\/www.europesays.com\/fr\/wp-json\/wp\/v2\/posts\/539511","targetHints":{"allow":["GET"]}}],"collection":[{"href":"https:\/\/www.europesays.com\/fr\/wp-json\/wp\/v2\/posts"}],"about":[{"href":"https:\/\/www.europesays.com\/fr\/wp-json\/wp\/v2\/types\/post"}],"author":[{"embeddable":true,"href":"https:\/\/www.europesays.com\/fr\/wp-json\/wp\/v2\/users\/2"}],"replies":[{"embeddable":true,"href":"https:\/\/www.europesays.com\/fr\/wp-json\/wp\/v2\/comments?post=539511"}],"version-history":[{"count":0,"href":"https:\/\/www.europesays.com\/fr\/wp-json\/wp\/v2\/posts\/539511\/revisions"}],"wp:featuredmedia":[{"embeddable":true,"href":"https:\/\/www.europesays.com\/fr\/wp-json\/wp\/v2\/media\/539512"}],"wp:attachment":[{"href":"https:\/\/www.europesays.com\/fr\/wp-json\/wp\/v2\/media?parent=539511"}],"wp:term":[{"taxonomy":"category","embeddable":true,"href":"https:\/\/www.europesays.com\/fr\/wp-json\/wp\/v2\/categories?post=539511"},{"taxonomy":"post_tag","embeddable":true,"href":"https:\/\/www.europesays.com\/fr\/wp-json\/wp\/v2\/tags?post=539511"}],"curies":[{"name":"wp","href":"https:\/\/api.w.org\/{rel}","templated":true}]}}