{"id":539513,"date":"2025-11-17T04:57:13","date_gmt":"2025-11-17T04:57:13","guid":{"rendered":"https:\/\/www.europesays.com\/fr\/539513\/"},"modified":"2025-11-17T04:57:13","modified_gmt":"2025-11-17T04:57:13","slug":"macron-attend-zelensky-a-paris-avec-au-menu-les-besoins-militaires-de-kiev","status":"publish","type":"post","link":"https:\/\/www.europesays.com\/fr\/539513\/","title":{"rendered":"Macron attend Zelensky \u00e0 Paris avec au menu les besoins militaires de Kiev"},"content":{"rendered":"<p>Alors que les armes continuent de parler <a href=\"https:\/\/www.20minutes.fr\/monde\/ukraine\/4185910-20251116-guerre-ukraine-intensification-commerce-nucleaire-entre-france-russie-avancee-front\" target=\"_blank\" class=\"c-link c-link--is-underlined\" rel=\"noopener\">entre Kiev et Moscou<\/a>, malgr\u00e9 <a href=\"https:\/\/www.20minutes.fr\/monde\/ukraine\/4181020-20251023-guerre-ukraine-excede-poutine-trump-promet-sanctions-enormes-espere-terme-mis-conflit\" target=\"_blank\" class=\"c-link c-link--is-underlined\" rel=\"noopener\">les tentatives de Donald Trump<\/a> pour trouver un chemin vers la paix, Emmanuel Macron va d\u00e9rouler ce lundi le tapis rouge pour Volodymyr Zelensky. Le pr\u00e9sident ukrainien est en effet attendu \u00e0 Paris pour discuter des besoins militaires de l\u2019Ukraine et de la coop\u00e9ration des industries de d\u00e9fense des deux pays. Le dirigeant ukrainien a m\u00eame \u00e9voqu\u00e9 un \u00ab\u00a0accord majeur en pr\u00e9paration\u00a0\u00bb.<\/p>\n<p>Selon l\u2019Elys\u00e9e, l\u2019objectif est de \u00ab\u00a0mettre l\u2019excellence fran\u00e7aise en mati\u00e8re d&rsquo;industrie d\u2019armement au service de la d\u00e9fense de l\u2019Ukraine\u00a0\u00bb et de \u00ab\u00a0permettre d\u2019acqu\u00e9rir les syst\u00e8mes qui lui sont n\u00e9cessaires pour r\u00e9pondre \u00e0 l\u2019agression russe\u00a0\u00bb. La pr\u00e9sidence fran\u00e7aise a notamment \u00e9voqu\u00e9 \u00ab\u00a0la d\u00e9fense du ciel ukrainien\u00a0\u00bb.<\/p>\n<p>L\u2019avion de combat Rafale en vedette<\/p>\n<p>Le chef de l\u2019Etat fran\u00e7ais et son homologue commenceront leur journ\u00e9e sur la base a\u00e9rienne militaire de Villacoublay. Le pr\u00e9sident ukrainien, qui a sign\u00e9 le mois dernier une lettre d\u2019intention en vue d\u2019acqu\u00e9rir 100 \u00e0 150 avions de chasse su\u00e9dois Gripen, se verra pr\u00e9senter l\u2019avion de combat fran\u00e7ais Rafale et son armement, ainsi que des syst\u00e8mes de drones et <a href=\"https:\/\/www.20minutes.fr\/monde\/4173321-20250916-message-washington-plutot-patriot-americain-danemark-choisit-systeme-antimissiles-franco-italien\" target=\"_blank\" class=\"c-link c-link--is-underlined\" rel=\"noopener\">le syst\u00e8me de d\u00e9fense anti-a\u00e9rienne SAMP-T<\/a> de nouvelle g\u00e9n\u00e9ration. Celui-ci doit \u00eatre livr\u00e9 \u00e0 la France \u00e0 partir de\u00a02027.<\/p>\n<\/p>\n<p>Les deux dirigeants participeront dans l\u2019apr\u00e8s-midi \u00e0 l\u2019Elys\u00e9e \u00e0 un \u00ab\u00a0forum drones franco-ukrainien\u00a0\u00bb. Il s\u2019agira de \u00ab\u00a0mise en contact\u00a0\u00bb et de \u00ab\u00a0renforcer les coop\u00e9rations avec tous les acteurs de cet \u00e9cosyst\u00e8me, que ce soit les acteurs industriels ou les acteurs financiers\u00a0\u00bb, selon l\u2019Elys\u00e9e.<\/p>\n<p>Le r\u00e9gime ukrainien \u00e9branl\u00e9 par la corruption<\/p>\n<p>Emmanuel Macron et Volodymyr Zelensky se rendront par ailleurs au mont Val\u00e9rien, visiter l\u2019\u00e9tat-major de la \u00ab\u00a0force multinationale Ukraine\u00a0\u00bb que Paris et Londres pr\u00e9parent pour qu\u2019elle puisse \u00eatre d\u00e9ploy\u00e9e dans le cadre d\u2019un accord de cessez-le-feu et des \u00ab\u00a0garanties de s\u00e9curit\u00e9\u00a0\u00bb \u00e0 fournir \u00e0 Kiev. Mis en place par la \u00ab\u00a0coalition de volontaires\u00a0\u00bb, \u00e0 laquelle participent, selon l\u2019Elys\u00e9e, 35 pays en incluant l\u2019Ukraine, cet \u00e9tat-major \u00ab\u00a0fonctionne\u00a0\u00bb et est \u00ab\u00a0d\u00e8s \u00e0 pr\u00e9sent\u00a0\u00bb capable \u00ab\u00a0de d\u00e9ployer une force d\u00e8s le lendemain d\u2019un cessez-le-feu\u00a0\u00bb, assure-t-on c\u00f4t\u00e9 fran\u00e7ais.<\/p>\n<p><a href=\"https:\/\/www.20minutes.fr\/monde\/ukraine\/\" target=\"_blank\" class=\"c-link c-btn c-btn--primary\" rel=\"noopener\">Notre dossier sur la Guerre en Ukraine<\/a><\/p>\n<p>Les garanties de s\u00e9curit\u00e9 envisag\u00e9es pour l\u2019Ukraine, \u00e9chafaud\u00e9es depuis des mois par cette coalition, comprennent un soutien \u00e0 l\u2019arm\u00e9e de Kiev et des volets terrestre, maritime et a\u00e9rien. Mais la mise en \u0153uvre reste conditionn\u00e9e \u00e0 un tr\u00e8s hypoth\u00e9tique arr\u00eat des combats.<\/p>\n<p>Cette neuvi\u00e8me visite du dirigeant ukrainien en France depuis le d\u00e9but de l\u2019invasion \u00e0 grande \u00e9chelle de son pays par la Russie en f\u00e9vrier\u00a02022 intervient par ailleurs alors que l\u2019Ukraine est \u00e9branl\u00e9e par <a href=\"https:\/\/www.20minutes.fr\/monde\/ukraine\/4185069-20251112-guerre-ukraine-comment-corruption-energie-embarrasse-camp-zelensky\" target=\"_blank\" class=\"c-link c-link--is-underlined\" rel=\"noopener\">un scandale de corruption<\/a> ayant pouss\u00e9 deux ministres \u00e0 la d\u00e9mission et forc\u00e9 Volodymyr Zelensky \u00e0 prendre des sanctions contre l\u2019un de ses proches.<\/p>\n","protected":false},"excerpt":{"rendered":"Alors que les armes continuent de parler entre Kiev et Moscou, malgr\u00e9 les tentatives de Donald Trump pour&hellip;\n","protected":false},"author":2,"featured_media":539514,"comment_status":"","ping_status":"","sticky":false,"template":"","format":"standard","meta":{"footnotes":""},"categories":[1888],"tags":[47,11,1073,1777,674,1011,27,131,74,12,626,25,132,555,133,135,134],"class_list":{"0":"post-539513","1":"post","2":"type-post","3":"status-publish","4":"format-standard","5":"has-post-thumbnail","7":"category-paris","8":"tag-actualite","9":"tag-actualites","10":"tag-emmanuel-macron","11":"tag-eu","12":"tag-europe","13":"tag-fr","14":"tag-france","15":"tag-guerre-en-ukraine","16":"tag-monde","17":"tag-news","18":"tag-paris","19":"tag-republique-francaise","20":"tag-russie","21":"tag-union-europeenne-ue","22":"tag-video","23":"tag-vladimir-poutine","24":"tag-volodymyr-zelensky"},"share_on_mastodon":{"url":"https:\/\/pubeurope.com\/@fr\/115563268920991981","error":""},"_links":{"self":[{"href":"https:\/\/www.europesays.com\/fr\/wp-json\/wp\/v2\/posts\/539513","targetHints":{"allow":["GET"]}}],"collection":[{"href":"https:\/\/www.europesays.com\/fr\/wp-json\/wp\/v2\/posts"}],"about":[{"href":"https:\/\/www.europesays.com\/fr\/wp-json\/wp\/v2\/types\/post"}],"author":[{"embeddable":true,"href":"https:\/\/www.europesays.com\/fr\/wp-json\/wp\/v2\/users\/2"}],"replies":[{"embeddable":true,"href":"https:\/\/www.europesays.com\/fr\/wp-json\/wp\/v2\/comments?post=539513"}],"version-history":[{"count":0,"href":"https:\/\/www.europesays.com\/fr\/wp-json\/wp\/v2\/posts\/539513\/revisions"}],"wp:featuredmedia":[{"embeddable":true,"href":"https:\/\/www.europesays.com\/fr\/wp-json\/wp\/v2\/media\/539514"}],"wp:attachment":[{"href":"https:\/\/www.europesays.com\/fr\/wp-json\/wp\/v2\/media?parent=539513"}],"wp:term":[{"taxonomy":"category","embeddable":true,"href":"https:\/\/www.europesays.com\/fr\/wp-json\/wp\/v2\/categories?post=539513"},{"taxonomy":"post_tag","embeddable":true,"href":"https:\/\/www.europesays.com\/fr\/wp-json\/wp\/v2\/tags?post=539513"}],"curies":[{"name":"wp","href":"https:\/\/api.w.org\/{rel}","templated":true}]}}