{"id":539515,"date":"2025-11-17T04:58:13","date_gmt":"2025-11-17T04:58:13","guid":{"rendered":"https:\/\/www.europesays.com\/fr\/539515\/"},"modified":"2025-11-17T04:58:13","modified_gmt":"2025-11-17T04:58:13","slug":"une-attaque-russe-fait-au-moins-trois-morts-dans-lest-du-pays","status":"publish","type":"post","link":"https:\/\/www.europesays.com\/fr\/539515\/","title":{"rendered":"une attaque russe fait au moins trois morts dans l&rsquo;est du pays"},"content":{"rendered":"<p class=\"article-p mdl\">Des frappes russes ont tu\u00e9 au moins trois personnes dans\u00a0<a class=\"link\" href=\"https:\/\/www.rtl.fr\/actu\/international\/guerre-en-ukraine-a-kharkiv-certains-enfants-ont-cours-a-6-metres-sous-terre-a-l-abri-des-bombardements-7900388211\" title=\"Guerre en Ukraine : \u00e0 Kharkiv, certains enfants ont cours \u00e0 6 m\u00e8tres sous terre, \u00e0 l&#039;abri des bombardements\" rel=\"nofollow noopener\" target=\"_blank\">la r\u00e9gion ukrainienne de Kharkiv<\/a>\u00a0au cours de la nuit, ont annonc\u00e9 les autorit\u00e9s locales lundi 17 novembre t\u00f4t dans la matin\u00e9e.<\/p>\n<p class=\"article-p mdl\">\u00ab\u00a0L&rsquo;ennemi a lanc\u00e9 des frappes de missile sur la ville de Balakliya\u00a0\u00bb, endommageant des immeubles d&rsquo;appartements et des v\u00e9hicules, a indiqu\u00e9 le chef de l&rsquo;administration militaire de la r\u00e9gion de Kharkiv Oleg Synegoubov sur le r\u00e9seau social Telegram.<\/p>\n<p class=\"article-p mdl\">\u00ab\u00a0Selon de premi\u00e8res informations, trois personnes ont \u00e9t\u00e9 tu\u00e9es\u00a0\u00bb et au moins dix autres bless\u00e9es, dont plusieurs enfants, dans cette attaque nocturne, a ensuite d\u00e9plor\u00e9 sur Telegram Vitalii Karabanov, \u00e0 la t\u00eate de l&rsquo;administration militaire de Balakliya.<\/p>\n<p class=\"article-p mdl\">D&rsquo;apr\u00e8s lui, l&rsquo;arm\u00e9e russe a proc\u00e9d\u00e9 \u00e0 deux frappes de missile contre le centre-ville. Les services d&rsquo;urgence interviennent sur les lieux.<\/p>\n<p>            Une attaque \u00ab\u00a0massive\u00a0\u00bb d\u00e9j\u00e0 d\u00e9nonc\u00e9e par Kiev vendredi<\/p>\n<p class=\"article-p mdl\">Depuis le d\u00e9but de l&rsquo;invasion russe de l&rsquo;Ukraine en f\u00e9vrier 2022, la Russie cible quasi quotidiennement le territoire ukrainien, au moyen de drones ou de missiles.<\/p>\n<p class=\"article-p mdl\">Vendredi, au moins\u00a0<a class=\"link\" href=\"https:\/\/www.rtl.fr\/actu\/international\/guerre-en-ukraine-430-drones-et-18-missiles-ce-que-l-on-sait-de-l-attaque-russe-massive-de-ce-vendredi-a-kiev-7900566398\" title=\"Guerre en Ukraine : &quot;430 drones et 18 missiles&quot;, ce que l&#039;on sait de l&#039;attaque russe &quot;massive&quot; de ce vendredi \u00e0 Kiev\" rel=\"nofollow noopener\" target=\"_blank\">six personnes ont \u00e9t\u00e9 tu\u00e9es<\/a>\u00a0dans un m\u00eame immeuble \u00e0 Kiev lors d&rsquo;une attaque russe. \u00c0 l&rsquo;approche de l&rsquo;hiver, Moscou multiplie aussi depuis des semaines les bombardements sur les infrastructures \u00e9nerg\u00e9tiques. Kiev vise de son c\u00f4t\u00e9 r\u00e9guli\u00e8rement des d\u00e9p\u00f4ts et raffineries de p\u00e9trole et d&rsquo;autres installations en Russie.<\/p>\n<p class=\"article-p mdl\">Sur le front, l&rsquo;arm\u00e9e russe continue d&rsquo;avancer, en particulier dans la r\u00e9gion de Zaporijjia partiellement occup\u00e9e par Moscou, o\u00f9 la Russie a revendiqu\u00e9 dimanche la prise de deux nouveaux villages.<\/p>\n<p>    La r\u00e9daction vous recommande<\/p>\n<p class=\"s-newsletter__title\">\n                L\u2019actualit\u00e9 par la r\u00e9daction de RTL dans votre bo\u00eete mail.\n            <\/p>\n<p class=\"s-newsletter__subtitle\">\n                Gr\u00e2ce \u00e0 votre compte RTL abonnez-vous \u00e0 la newsletter RTL info pour suivre toute l&rsquo;actualit\u00e9 au quotidien\n            <\/p>\n<p>\n                                    Lire la suite\n                                <\/p>\n","protected":false},"excerpt":{"rendered":"Des frappes russes ont tu\u00e9 au moins trois personnes dans\u00a0la r\u00e9gion ukrainienne de Kharkiv\u00a0au cours de la nuit,&hellip;\n","protected":false},"author":2,"featured_media":539516,"comment_status":"","ping_status":"","sticky":false,"template":"","format":"standard","meta":{"footnotes":""},"categories":[1591],"tags":[11,1887,107,131,12,1885,1886,132,220],"class_list":{"0":"post-539515","1":"post","2":"type-post","3":"status-publish","4":"format-standard","5":"has-post-thumbnail","7":"category-russie","8":"tag-actualites","9":"tag-federation-de-russie","10":"tag-fil-info","11":"tag-guerre-en-ukraine","12":"tag-news","13":"tag-russia","14":"tag-russian-federation","15":"tag-russie","16":"tag-ukraine"},"share_on_mastodon":{"url":"https:\/\/pubeurope.com\/@fr\/115563272845582835","error":""},"_links":{"self":[{"href":"https:\/\/www.europesays.com\/fr\/wp-json\/wp\/v2\/posts\/539515","targetHints":{"allow":["GET"]}}],"collection":[{"href":"https:\/\/www.europesays.com\/fr\/wp-json\/wp\/v2\/posts"}],"about":[{"href":"https:\/\/www.europesays.com\/fr\/wp-json\/wp\/v2\/types\/post"}],"author":[{"embeddable":true,"href":"https:\/\/www.europesays.com\/fr\/wp-json\/wp\/v2\/users\/2"}],"replies":[{"embeddable":true,"href":"https:\/\/www.europesays.com\/fr\/wp-json\/wp\/v2\/comments?post=539515"}],"version-history":[{"count":0,"href":"https:\/\/www.europesays.com\/fr\/wp-json\/wp\/v2\/posts\/539515\/revisions"}],"wp:featuredmedia":[{"embeddable":true,"href":"https:\/\/www.europesays.com\/fr\/wp-json\/wp\/v2\/media\/539516"}],"wp:attachment":[{"href":"https:\/\/www.europesays.com\/fr\/wp-json\/wp\/v2\/media?parent=539515"}],"wp:term":[{"taxonomy":"category","embeddable":true,"href":"https:\/\/www.europesays.com\/fr\/wp-json\/wp\/v2\/categories?post=539515"},{"taxonomy":"post_tag","embeddable":true,"href":"https:\/\/www.europesays.com\/fr\/wp-json\/wp\/v2\/tags?post=539515"}],"curies":[{"name":"wp","href":"https:\/\/api.w.org\/{rel}","templated":true}]}}