{"id":539517,"date":"2025-11-17T04:59:12","date_gmt":"2025-11-17T04:59:12","guid":{"rendered":"https:\/\/www.europesays.com\/fr\/539517\/"},"modified":"2025-11-17T04:59:12","modified_gmt":"2025-11-17T04:59:12","slug":"une-attaque-russe-fait-trois-morts-dans-lest-de-lukraine","status":"publish","type":"post","link":"https:\/\/www.europesays.com\/fr\/539517\/","title":{"rendered":"Une attaque russe fait trois morts dans l&rsquo;est de l&rsquo;Ukraine"},"content":{"rendered":"<p>\n    Le bilan compte au moins dix bless\u00e9es, dont plusieurs enfants. Vendredi, au moins six personnes ont \u00e9t\u00e9 tu\u00e9es dans un m\u00eame immeuble \u00e0 Kiev lors d\u2019une attaque russe.<\/p>\n<p class=\"fig-paragraph\">Des\u00a0<a href=\"http:\/\/www.lefigaro.fr\/international\/l-ukraine-tente-toujours-de-retablir-l-electricite-et-le-chauffage-apres-des-frappes-russes-massives-20251109\" data-fig-type=\"NewsFlash\" data-gtm-custom-categorie=\"navigation\" data-gtm-custom-action=\"crossclick\" data-gtm-custom-label=\"Contextuel\" data-gtm-event=\"customEventSPE\" data-fig-domain=\"LEFIGARO\" target=\"_blank\" rel=\"noopener\">frappes russes<\/a>\u00a0ont tu\u00e9 au moins trois personnes dans la r\u00e9gion ukrainienne de Kharkiv (est) au cours de la nuit, ont annonc\u00e9 les autorit\u00e9s locales lundi matin.<\/p>\n<p class=\"fig-paragraph\">\u00abL&rsquo;ennemi a lanc\u00e9 des frappes de missile sur la ville de Balakliya\u00bb, endommageant des immeubles d&rsquo;appartements et des v\u00e9hicules, a indiqu\u00e9 le chef de l&rsquo;administration militaire de la r\u00e9gion de Kharkiv Oleg Synegoubov sur le r\u00e9seau social Telegram.<\/p>\n<p>                                    <a class=\"fig-a11y-skip a11y-hidden\" href=\"#fig-a11y-skip-main-inarticle\"><br \/>\n        Passer la publicit\u00e9<br \/>\n    <\/a><\/p>\n<p class=\"fig-paragraph\">\u00abSelon de premi\u00e8res informations, trois personnes ont \u00e9t\u00e9 tu\u00e9es\u00bb et au moins dix autres bless\u00e9es, dont plusieurs enfants, dans cette attaque nocturne, a ensuite d\u00e9plor\u00e9 sur Telegram Vitalii Karabanov, \u00e0 la t\u00eate de l&rsquo;administration militaire de Balakliya. D&rsquo;apr\u00e8s M. Karabanov, l&rsquo;arm\u00e9e russe a proc\u00e9d\u00e9 \u00e0 deux frappes de missile contre le centre-ville. Les services d&rsquo;urgence interviennent sur les lieux.<\/p>\n<p>Des bombardements sur les infrastructures \u00e9nerg\u00e9tiques<\/p>\n<p class=\"fig-paragraph\">Depuis le d\u00e9but de l&rsquo;invasion russe de l&rsquo;Ukraine en f\u00e9vrier 2022, la Russie cible quasi quotidiennement le territoire ukrainien, au moyen de drones ou de missiles. Vendredi, au moins six personnes ont \u00e9t\u00e9 tu\u00e9es dans un m\u00eame immeuble \u00e0 Kiev lors d&rsquo;une attaque russe.<\/p>\n<p class=\"fig-paragraph\">\u00c0 l&rsquo;approche de l&rsquo;hiver, Moscou multiplie aussi depuis des semaines les bombardements sur les infrastructures \u00e9nerg\u00e9tiques. Kiev vise de son c\u00f4t\u00e9 r\u00e9guli\u00e8rement des d\u00e9p\u00f4ts et raffineries de p\u00e9trole et d&rsquo;autres installations en Russie. Sur le front, l&rsquo;arm\u00e9e russe continue d&rsquo;avancer, en particulier dans la r\u00e9gion de Zaporijjia (sud) partiellement occup\u00e9e par Moscou, o\u00f9 la Russie a revendiqu\u00e9 dimanche la prise de deux nouveaux villages.<\/p>\n","protected":false},"excerpt":{"rendered":"Le bilan compte au moins dix bless\u00e9es, dont plusieurs enfants. Vendredi, au moins six personnes ont \u00e9t\u00e9 tu\u00e9es&hellip;\n","protected":false},"author":2,"featured_media":539518,"comment_status":"","ping_status":"","sticky":false,"template":"","format":"standard","meta":{"footnotes":""},"categories":[1590],"tags":[11,1777,674,3482,12,220],"class_list":{"0":"post-539517","1":"post","2":"type-post","3":"status-publish","4":"format-standard","5":"has-post-thumbnail","7":"category-ukraine","8":"tag-actualites","9":"tag-eu","10":"tag-europe","11":"tag-guerre-russie-ukraine","12":"tag-news","13":"tag-ukraine"},"share_on_mastodon":{"url":"https:\/\/pubeurope.com\/@fr\/115563276796567212","error":""},"_links":{"self":[{"href":"https:\/\/www.europesays.com\/fr\/wp-json\/wp\/v2\/posts\/539517","targetHints":{"allow":["GET"]}}],"collection":[{"href":"https:\/\/www.europesays.com\/fr\/wp-json\/wp\/v2\/posts"}],"about":[{"href":"https:\/\/www.europesays.com\/fr\/wp-json\/wp\/v2\/types\/post"}],"author":[{"embeddable":true,"href":"https:\/\/www.europesays.com\/fr\/wp-json\/wp\/v2\/users\/2"}],"replies":[{"embeddable":true,"href":"https:\/\/www.europesays.com\/fr\/wp-json\/wp\/v2\/comments?post=539517"}],"version-history":[{"count":0,"href":"https:\/\/www.europesays.com\/fr\/wp-json\/wp\/v2\/posts\/539517\/revisions"}],"wp:featuredmedia":[{"embeddable":true,"href":"https:\/\/www.europesays.com\/fr\/wp-json\/wp\/v2\/media\/539518"}],"wp:attachment":[{"href":"https:\/\/www.europesays.com\/fr\/wp-json\/wp\/v2\/media?parent=539517"}],"wp:term":[{"taxonomy":"category","embeddable":true,"href":"https:\/\/www.europesays.com\/fr\/wp-json\/wp\/v2\/categories?post=539517"},{"taxonomy":"post_tag","embeddable":true,"href":"https:\/\/www.europesays.com\/fr\/wp-json\/wp\/v2\/tags?post=539517"}],"curies":[{"name":"wp","href":"https:\/\/api.w.org\/{rel}","templated":true}]}}