{"id":539519,"date":"2025-11-17T05:00:16","date_gmt":"2025-11-17T05:00:16","guid":{"rendered":"https:\/\/www.europesays.com\/fr\/539519\/"},"modified":"2025-11-17T05:00:16","modified_gmt":"2025-11-17T05:00:16","slug":"usa-trump-fait-volte-face-demande-au-congres-de-voter-pour-la-publication-du-dossier-epstein-17-11-2025-a-0527","status":"publish","type":"post","link":"https:\/\/www.europesays.com\/fr\/539519\/","title":{"rendered":"USA-Trump fait volte-face, demande au Congr\u00e8s de voter pour la publication du &lsquo;dossier Epstein&rsquo; &#8211; 17\/11\/2025 \u00e0 05:27"},"content":{"rendered":"<p>\n Donald Trump a<br \/>\nexhort\u00e9 dimanche soir ses pairs r\u00e9publicains du Congr\u00e8s \u00e0 voter<br \/>\nen faveur de la publication des documents judiciaires li\u00e9s \u00e0<br \/>\nJeffrey Epstein, retrouv\u00e9 pendu en prison en 2019 avant son<br \/>\nproc\u00e8s pour trafic sexuel de mineures, une d\u00e9cision qui marque<br \/>\nune volte-face du pr\u00e9sident am\u00e9ricain, oppos\u00e9 jusque-l\u00e0 \u00e0 une<br \/>\ntelle d\u00e9marche.\n<\/p>\n<p>\n Selon des courriels rendus publics la semaine derni\u00e8re par<br \/>\ndes \u00e9lus d\u00e9mocrates \u00e0 la Chambre des repr\u00e9sentants, Jeffrey<br \/>\nEpstein a \u00e9crit que Donald Trump \u00e9tait au courant que des jeunes<br \/>\nfilles mineures \u00e9taient victimes d&rsquo;abus de sa part.\n<\/p>\n<p>\n Donald Trump a r\u00e9guli\u00e8rement r\u00e9p\u00e9t\u00e9 n&rsquo;avoir eu aucune<br \/>\nconnaissance des crimes attribu\u00e9s \u00e0 Jeffrey Epstein, avec lequel<br \/>\nil a \u00e9t\u00e9 photographi\u00e9 il y a plusieurs d\u00e9cennies. Le pr\u00e9sident<br \/>\nam\u00e9ricain a dit avoir \u00e9t\u00e9 ami avec le financier avant de prendre<br \/>\nses distances.\n<\/p>\n<p>\n \u00ab\u00a0Les r\u00e9publicains de la Chambre des repr\u00e9sentants doivent<br \/>\nvoter pour la publication du dossier Epstein, parce que nous<br \/>\nn&rsquo;avons rien \u00e0 cacher\u00a0\u00bb, a \u00e9crit le locataire r\u00e9publicain de la<br \/>\nMaison blanche sur son r\u00e9seau social Truth.\n<\/p>\n<p>\n \u00ab\u00a0Il est temps d&rsquo;en finir avec ce canular des d\u00e9mocrates<br \/>\nperp\u00e9tr\u00e9 par des lunatiques de la gauche radicale dans le but de<br \/>\nd\u00e9tourner l&rsquo;attention des grands succ\u00e8s du Parti r\u00e9publicain,<br \/>\ndont notre r\u00e9cente victoire sur le &lsquo;shutdown&rsquo; des d\u00e9mocrates\u00a0\u00bb.\n<\/p>\n<p>\n Donald Trump a effectu\u00e9 ces commentaires apr\u00e8s que le<br \/>\n&lsquo;speaker&rsquo; de la Chambre des repr\u00e9sentants, le r\u00e9publicain Mike<br \/>\nJohnson, a dit penser que la publication de documents<br \/>\njudiciaires du dossier Epstein permettrait de dissiper les<br \/>\naccusations selon lesquelles le pr\u00e9sident am\u00e9ricain aurait eu un<br \/>\nquelconque lien avec les crimes commis par Jeffrey Epstein.\n<\/p>\n<p>\n Les r\u00e9publicains sont majoritaires dans les deux chambres du<br \/>\nCongr\u00e8s.\n<\/p>\n<p>\n D\u00e9non\u00e7ant ce qu&rsquo;il d\u00e9crit comme une campagne de diffamation<br \/>\norchestr\u00e9e par les d\u00e9mocrates pour lui nuire, Donald Trump a<br \/>\nr\u00e9cemment demand\u00e9 qu&rsquo;une enqu\u00eate soit ouverte sur les liens<br \/>\nentretenus avec Jeffrey Epstein par des personnalit\u00e9s<br \/>\nd\u00e9mocrates.\n<\/p>\n<p>\n L&rsquo;affaire Epstein a provoqu\u00e9 tensions et querelles jusque<br \/>\ndans les rangs du mouvement trumpiste \u00ab\u00a0MAGA\u00a0\u00bb (Make America Great<br \/>\nAgain) au Congr\u00e8s. Donald Trump a annonc\u00e9 vendredi retirer son<br \/>\nsoutien \u00e0 l&rsquo;\u00e9lue r\u00e9publicaine Marjorie Taylor Greene, l&rsquo;une des<br \/>\nplus virulentes repr\u00e9sentantes des MAGA, apr\u00e8s des critiques<br \/>\n\u00e9mises par celle-ci \u00e0 propos de la gestion du dossier Epstein.\n<\/p>\n<p>\n Nombre de fid\u00e8les de Donald Trump pensent que le<br \/>\ngouvernement cache des informations sensibles \u00e0 propos de<br \/>\nJeffrey Epstein, dont les liens que le financier d\u00e9linquant<br \/>\nsexuel entretenait avec des personnalit\u00e9s influentes.\n<\/p>\n<p>\n (Matt Spetalnick; version fran\u00e7aise Jean Terzian)<\/p>\n","protected":false},"excerpt":{"rendered":"Donald Trump a exhort\u00e9 dimanche soir ses pairs r\u00e9publicains du Congr\u00e8s \u00e0 voter en faveur de la publication&hellip;\n","protected":false},"author":2,"featured_media":2486,"comment_status":"","ping_status":"","sticky":false,"template":"","format":"standard","meta":{"footnotes":""},"categories":[1589],"tags":[400,11,398,408,405,73,1866,403,402,399,404,12,401,406,1864,1865,1863,308,407],"class_list":{"0":"post-539519","1":"post","2":"type-post","3":"status-publish","4":"format-standard","5":"has-post-thumbnail","7":"category-etats-unis","8":"tag-action-cac-40","9":"tag-actualites","10":"tag-bourse-de-paris","11":"tag-boursorama","12":"tag-cotations","13":"tag-etats-unis","14":"tag-etats-unis-damerique","15":"tag-indices-devises","16":"tag-investir","17":"tag-investissement","18":"tag-marche-boursier","19":"tag-news","20":"tag-sicav","21":"tag-trackers","22":"tag-united-states","23":"tag-united-states-of-america","24":"tag-us","25":"tag-usa","26":"tag-warrants"},"share_on_mastodon":{"url":"https:\/\/pubeurope.com\/@fr\/115563280777407083","error":""},"_links":{"self":[{"href":"https:\/\/www.europesays.com\/fr\/wp-json\/wp\/v2\/posts\/539519","targetHints":{"allow":["GET"]}}],"collection":[{"href":"https:\/\/www.europesays.com\/fr\/wp-json\/wp\/v2\/posts"}],"about":[{"href":"https:\/\/www.europesays.com\/fr\/wp-json\/wp\/v2\/types\/post"}],"author":[{"embeddable":true,"href":"https:\/\/www.europesays.com\/fr\/wp-json\/wp\/v2\/users\/2"}],"replies":[{"embeddable":true,"href":"https:\/\/www.europesays.com\/fr\/wp-json\/wp\/v2\/comments?post=539519"}],"version-history":[{"count":0,"href":"https:\/\/www.europesays.com\/fr\/wp-json\/wp\/v2\/posts\/539519\/revisions"}],"wp:featuredmedia":[{"embeddable":true,"href":"https:\/\/www.europesays.com\/fr\/wp-json\/wp\/v2\/media\/2486"}],"wp:attachment":[{"href":"https:\/\/www.europesays.com\/fr\/wp-json\/wp\/v2\/media?parent=539519"}],"wp:term":[{"taxonomy":"category","embeddable":true,"href":"https:\/\/www.europesays.com\/fr\/wp-json\/wp\/v2\/categories?post=539519"},{"taxonomy":"post_tag","embeddable":true,"href":"https:\/\/www.europesays.com\/fr\/wp-json\/wp\/v2\/tags?post=539519"}],"curies":[{"name":"wp","href":"https:\/\/api.w.org\/{rel}","templated":true}]}}