{"id":539520,"date":"2025-11-17T05:01:28","date_gmt":"2025-11-17T05:01:28","guid":{"rendered":"https:\/\/www.europesays.com\/fr\/539520\/"},"modified":"2025-11-17T05:01:28","modified_gmt":"2025-11-17T05:01:28","slug":"au-royaume-uni-le-gouvernement-starmer-defend-un-plan-qui-affaiblit-le-droit-dasile","status":"publish","type":"post","link":"https:\/\/www.europesays.com\/fr\/539520\/","title":{"rendered":"Au Royaume-Uni, le gouvernement Starmer d\u00e9fend un plan qui affaiblit le droit d\u2019asile"},"content":{"rendered":"<p>La r\u00e9forme examin\u00e9e ce lundi 17\u00a0novembre au Royaume-Uni est largement inspir\u00e9e du Danemark, o\u00f9 la premi\u00e8re ministre sociale-d\u00e9mocrate Mette Frederiksen a converti son camp \u00e0 la fermet\u00e9 migratoire depuis des ann\u00e9es, avec une certaine r\u00e9ussite au plan \u00e9lectoral. Deux des piliers du plan qui sera d\u00e9taill\u00e9 devant le Parlement ont d\u00e9j\u00e0 \u00e9t\u00e9 d\u00e9fendus ce week-end. Objectif, r\u00e9duire l\u2019attractivit\u00e9 outre-Manche en durcissant l\u2019asile.<\/p>\n<p>Cet article est r\u00e9serv\u00e9 aux abonn\u00e9s<\/p>\n<p>\n                    Vous souhaitez lire la suite\u00a0? Abonnez-vous sans engagement \u00e0 notre offre num\u00e9rique\n                <\/p>\n<p>                <a href=\"https:\/\/www.la-croix.com\/abonnement\" class=\"default-paywall__subscribe-button\" data-tracking=\"cta_click\" data-tracking-action=\"voir la page abonnement\" data-tracking-category=\"abonnement\" rel=\"nofollow noopener\" target=\"_blank\">Je m&rsquo;abonne<\/a><\/p>\n","protected":false},"excerpt":{"rendered":"La r\u00e9forme examin\u00e9e ce lundi 17\u00a0novembre au Royaume-Uni est largement inspir\u00e9e du Danemark, o\u00f9 la premi\u00e8re ministre sociale-d\u00e9mocrate&hellip;\n","protected":false},"author":2,"featured_media":539521,"comment_status":"","ping_status":"","sticky":false,"template":"","format":"standard","meta":{"footnotes":""},"categories":[1588],"tags":[11,1777,674,12,473,1853,1851,1850,1852],"class_list":{"0":"post-539520","1":"post","2":"type-post","3":"status-publish","4":"format-standard","5":"has-post-thumbnail","7":"category-royaume-uni","8":"tag-actualites","9":"tag-eu","10":"tag-europe","11":"tag-news","12":"tag-royaume-uni","13":"tag-royaume-uni-de-grande-bretagne-et-dirlande-du-nord","14":"tag-uk","15":"tag-united-kingdom","16":"tag-united-kingdom-of-great-britain-and-northern-ireland"},"share_on_mastodon":{"url":"https:\/\/pubeurope.com\/@fr\/115563284708078544","error":""},"_links":{"self":[{"href":"https:\/\/www.europesays.com\/fr\/wp-json\/wp\/v2\/posts\/539520","targetHints":{"allow":["GET"]}}],"collection":[{"href":"https:\/\/www.europesays.com\/fr\/wp-json\/wp\/v2\/posts"}],"about":[{"href":"https:\/\/www.europesays.com\/fr\/wp-json\/wp\/v2\/types\/post"}],"author":[{"embeddable":true,"href":"https:\/\/www.europesays.com\/fr\/wp-json\/wp\/v2\/users\/2"}],"replies":[{"embeddable":true,"href":"https:\/\/www.europesays.com\/fr\/wp-json\/wp\/v2\/comments?post=539520"}],"version-history":[{"count":0,"href":"https:\/\/www.europesays.com\/fr\/wp-json\/wp\/v2\/posts\/539520\/revisions"}],"wp:featuredmedia":[{"embeddable":true,"href":"https:\/\/www.europesays.com\/fr\/wp-json\/wp\/v2\/media\/539521"}],"wp:attachment":[{"href":"https:\/\/www.europesays.com\/fr\/wp-json\/wp\/v2\/media?parent=539520"}],"wp:term":[{"taxonomy":"category","embeddable":true,"href":"https:\/\/www.europesays.com\/fr\/wp-json\/wp\/v2\/categories?post=539520"},{"taxonomy":"post_tag","embeddable":true,"href":"https:\/\/www.europesays.com\/fr\/wp-json\/wp\/v2\/tags?post=539520"}],"curies":[{"name":"wp","href":"https:\/\/api.w.org\/{rel}","templated":true}]}}