{"id":539522,"date":"2025-11-17T05:02:33","date_gmt":"2025-11-17T05:02:33","guid":{"rendered":"https:\/\/www.europesays.com\/fr\/539522\/"},"modified":"2025-11-17T05:02:33","modified_gmt":"2025-11-17T05:02:33","slug":"pourquoi-boualem-sansal-est-il-toujours-en-allemagne","status":"publish","type":"post","link":"https:\/\/www.europesays.com\/fr\/539522\/","title":{"rendered":"Pourquoi Boualem Sansal est-il toujours en Allemagne ?"},"content":{"rendered":"<p class=\"intro \">Boualem Sansal, gr\u00e2ci\u00e9 ce mercredi par Alger, est toujours en Allemagne o\u00f9 il devrait poursuivre ses examens m\u00e9dicaux. L&rsquo;\u00e9crivain de 80 ans, malade, pourrait ensuite rentrer en France dans les jours qui viennent. Mais en attendant, on ne sait pas grand chose sur sa situation r\u00e9elle, une situation qui est encore opaque. <\/p>\n<p>Boualem Sansal est libre. L&rsquo;\u00e9crivain de 80 ans est d\u00e9sormais en Allemagne o\u00f9 il doit encore passer des examens m\u00e9dicaux. Mais on sait encore peu de chose sur la situation r\u00e9elle de <a href=\"https:\/\/www.europe1.fr\/international\/liberation-de-boualem-sansal-pourquoi-berlin-a-reussi-la-ou-paris-a-echoue-871066\" target=\"_blank\" rel=\"nofollow noopener\">Boualem Sansal<\/a>. Ce dernier n&rsquo;a pas encore r\u00e9cup\u00e9r\u00e9 son t\u00e9l\u00e9phone personnel, toujours d\u00e9tenu par les services alg\u00e9riens et n&rsquo;a qu&rsquo;une possibilit\u00e9 restreinte de communiquer avec ses proches.\u00a0<\/p>\n<p>    La suite apr\u00e8s cette publicit\u00e9<\/p>\n<p>    La suite apr\u00e8s cette publicit\u00e9<\/p>\n<p>\u00ab\u00a0Je ne vais pas \u00eatre d\u00e9truit par une petite ann\u00e9e en prison\u00a0\u00bb<\/p>\n<p>Il faut dire que le minist\u00e8re des Affaires \u00e9trang\u00e8res souhaite \u00e0 tout prix rouvrir le dialogue entre Paris et Alger et ainsi obtenir la lib\u00e9ration de Christophe Gleizes, deuxi\u00e8me otage fran\u00e7ais toujours incarc\u00e9r\u00e9 par l&rsquo;Alg\u00e9rie et dont le proc\u00e8s en appel doit avoir lieu le 3 d\u00e9cembre.\u00a0<\/p>\n<p>\u00a0<\/p>\n<p>    La suite apr\u00e8s cette publicit\u00e9<\/p>\n<p>    La suite apr\u00e8s cette publicit\u00e9<\/p>\n<p>Il faut donc \u00e9viter toute d\u00e9claration embarrassante sur le gouvernement d&rsquo;<a href=\"https:\/\/www.europe1.fr\/politique\/grace-de-boualem-sansal-le-bras-de-fer-prone-par-retailleau-critique-par-lelysee-son-entourage-contre-attaque-871099\" target=\"_blank\" rel=\"nofollow noopener\">Abdelmadjid Tebboune<\/a>. Dans l&rsquo;entourage de l&rsquo;\u00e9crivain, on s&rsquo;insurge. Sa d\u00e9tention est indirectement prolong\u00e9e. L&rsquo;ambassadeur de France \u00e0 Berlin \u00ab\u00a0maintient un p\u00e9rim\u00e8tre \u00e9tanche autour de lui\u00a0\u00bb, explique un proche.\u00a0<\/p>\n<p>Toujours est-il que l&rsquo;auteur s&rsquo;est n\u00e9anmoins exprim\u00e9 contre l&rsquo;avis du Quai d&rsquo;Orsay par le biais de confidences t\u00e9l\u00e9phoniques \u00e0 son ami Kamel Daoud, une confidence publi\u00e9e dans\u00a0Le Point. Il dit se porter plut\u00f4t bien et esp\u00e8re entrer rapidement sur le territoire fran\u00e7ais. \u00ab\u00a0Je ne vais pas \u00eatre d\u00e9truit par une petite ann\u00e9e en prison\u00a0\u00bb, explique-t-il \u00e0 son ami, avant d&rsquo;ajouter : \u00ab\u00a0Bonjour la France, je reviens, on va gagner\u00a0\u00bb. Un retour qu&rsquo;il attend depuis un an et qui devrait avoir lieu dans les prochains jours.\u00a0<\/p>\n","protected":false},"excerpt":{"rendered":"Boualem Sansal, gr\u00e2ci\u00e9 ce mercredi par Alger, est toujours en Allemagne o\u00f9 il devrait poursuivre ses examens m\u00e9dicaux.&hellip;\n","protected":false},"author":2,"featured_media":539523,"comment_status":"","ping_status":"","sticky":false,"template":"","format":"standard","meta":{"footnotes":""},"categories":[1587],"tags":[11,672,1804,1805,1803,1777,674,1801,12,1802],"class_list":{"0":"post-539522","1":"post","2":"type-post","3":"status-publish","4":"format-standard","5":"has-post-thumbnail","7":"category-allemagne","8":"tag-actualites","9":"tag-allemagne","10":"tag-bundesrepublik-deutschland","11":"tag-de","12":"tag-deutschland","13":"tag-eu","14":"tag-europe","15":"tag-germany","16":"tag-news","17":"tag-republique-federale-dallemagne"},"share_on_mastodon":{"url":"https:\/\/pubeurope.com\/@fr\/115563288629512029","error":""},"_links":{"self":[{"href":"https:\/\/www.europesays.com\/fr\/wp-json\/wp\/v2\/posts\/539522","targetHints":{"allow":["GET"]}}],"collection":[{"href":"https:\/\/www.europesays.com\/fr\/wp-json\/wp\/v2\/posts"}],"about":[{"href":"https:\/\/www.europesays.com\/fr\/wp-json\/wp\/v2\/types\/post"}],"author":[{"embeddable":true,"href":"https:\/\/www.europesays.com\/fr\/wp-json\/wp\/v2\/users\/2"}],"replies":[{"embeddable":true,"href":"https:\/\/www.europesays.com\/fr\/wp-json\/wp\/v2\/comments?post=539522"}],"version-history":[{"count":0,"href":"https:\/\/www.europesays.com\/fr\/wp-json\/wp\/v2\/posts\/539522\/revisions"}],"wp:featuredmedia":[{"embeddable":true,"href":"https:\/\/www.europesays.com\/fr\/wp-json\/wp\/v2\/media\/539523"}],"wp:attachment":[{"href":"https:\/\/www.europesays.com\/fr\/wp-json\/wp\/v2\/media?parent=539522"}],"wp:term":[{"taxonomy":"category","embeddable":true,"href":"https:\/\/www.europesays.com\/fr\/wp-json\/wp\/v2\/categories?post=539522"},{"taxonomy":"post_tag","embeddable":true,"href":"https:\/\/www.europesays.com\/fr\/wp-json\/wp\/v2\/tags?post=539522"}],"curies":[{"name":"wp","href":"https:\/\/api.w.org\/{rel}","templated":true}]}}