{"id":539530,"date":"2025-11-17T05:06:22","date_gmt":"2025-11-17T05:06:22","guid":{"rendered":"https:\/\/www.europesays.com\/fr\/539530\/"},"modified":"2025-11-17T05:06:22","modified_gmt":"2025-11-17T05:06:22","slug":"ce-gardien-breton-fait-gagner-son-equipe-apres-un-ciseau-acrobatique","status":"publish","type":"post","link":"https:\/\/www.europesays.com\/fr\/539530\/","title":{"rendered":"ce gardien breton fait gagner son \u00e9quipe apr\u00e8s un ciseau acrobatique"},"content":{"rendered":"<p>                    Par<br \/>\n        <strong><br \/>\n            <a href=\"https:\/\/actu.fr\/auteur\/matheo-girard\" title=\"Consulter tous les articles de Matheo Girard\" target=\"_blank\" rel=\"noopener\">Matheo Girard<\/a><br \/>\n                    <\/strong><\/p>\n<p>        Publi\u00e9 le<\/p>\n<p>            16 nov. 2025 \u00e0 19h09        <\/p>\n<p>On a d\u00e9pass\u00e9 les cinq minutes de temps additionnel annonc\u00e9es par l\u2019arbitre lorsqu\u2019<b>Aur\u00e9lien Deniel monte<\/b>, sur le coup franc de la derni\u00e8re chance pour <b>l\u2019AG Plouvorn <\/b>(R1, Finist\u00e8re). Juste au cas o\u00f9. Le ballon, d\u2019abord repouss\u00e9, revient dans la surface de la droite, sur un centre. Et c\u2019est le gardien qui conclut, d\u2019un <b>ciseau acrobatique aussi spectaculaire qu\u2019invraisemblable<\/b> pour \u00e9galiser <a href=\"https:\/\/actu.fr\/bretagne\/vitre_35360\/direct-as-vitre-plouvorn-suivez-le-match-du-7e-tour-de-la-coupe-de-france-en-live_63444393.html\" target=\"_blank\" rel=\"noopener\">en Coupe de France sur la pelouse de <b>l\u2019AS Vitr\u00e9<\/b><\/a> (N3, Ille-et-Vilaine).<\/p>\n<p class=\" wall-content\">\u00ab\u2009Le coach m\u2019a dit de monter sur le dernier coup franc. Un de nos gars centre, je la vois arriver sur moi. Je tente une retourn\u00e9e, <b>un truc que je n\u2019ai jamais r\u00e9ussi.<\/b> Je la vois partir petit filet, c\u2019est incroyable\u2009! Tous les gars commencent \u00e0 me courir dessus, donc je comprends qu\u2019elle est dedans. <b>C\u2019est ouf\u2009!<\/b>\u2009\u00bb, raconte-t-il apr\u00e8s la qualification, ce dimanche 16\u00a0novembre 2025.<\/p>\n<p class=\" wall-content\"><a href=\"https:\/\/www.instagram.com\/p\/DRH_C4BjXqO\/embed\" title=\"Ouvrir le lien sur Instagram\" target=\"_blank\" rel=\"noopener\">Visualiser le contenu sur Instagram<\/a><\/p>\n<p>Un ancien joueur de champ<\/p>\n<p class=\" wall-content\">La qualit\u00e9 de son geste s\u2019explique peut-\u00eatre par le fait que le portier finist\u00e9rien est <b>un ancien joueur de champ<\/b>, reconverti dans les buts lors de son passage en seniors.<\/p>\n<p class=\" wall-content\">Mais Deniel n\u2019est devenu le h\u00e9ros de son \u00e9quipe qu\u2019un petit quart d\u2019heure plus tard, lorsqu\u2019apr\u00e8s avoir \u00e9galis\u00e9, <b>il a sorti les tirs au but frapp\u00e9s par K\u00e9vin Tapoko et Jordan Lebacle<\/b> pour qualifier les siens <b>au 8e tour.<\/b><\/p>\n<p class=\" wall-content\">\u00ab\u2009Apr\u00e8s mon but, j\u2019ai mis deux ou trois minutes \u00e0 redescendre, se marre-t-il. <b>J\u2019\u00e9tais essouffl\u00e9, j\u2019\u00e9tais mort.<\/b> Quand \u00e7a a siffl\u00e9, j\u2019ai dit aux gars qu\u2019on f\u00eaterait \u00e7a apr\u00e8s, qu\u2019il fallait passer aux p\u00e9nos, et rester concentr\u00e9s car le plus dur \u00e9tait fait.\u2009\u00bb<\/p>\n<p>Regrets immenses pour l\u2019AS Vitr\u00e9<\/p>\n<p class=\" wall-content\">Au 8e tour, l\u2019AG Plouvorn affrontera <b>les Sables d\u2019Olonne<\/b>, un autre adversaire de National 3, qui a r\u00e9ussi \u00e0 se sortir du pi\u00e8ge tendu par les Finist\u00e9riens de Camaret (R3).<\/p>\n<p>Votre r\u00e9gion, votre actu !<\/p>\n<p>Recevez chaque jour les infos qui comptent pour vous.<\/p>\n<p>\t<a href=\"https:\/\/actu.fr\/newsletter\" class=\"ac-btn ac-btn--corner ac-btn--medium ac-btn--blue800\" target=\"_blank\" rel=\"noopener\">S&rsquo;incrire<\/a><\/p>\n<p class=\" wall-content\">\u00ab\u2009Le record de Plouvorn, c\u2019est le 8e tour. On n\u2019a jamais atteint les 32es de finale en Coupe de France. Cette ann\u00e9e, on ne fait <b>que des matches incroyables.<\/b> D\u00e8s le premier, on doit presque se faire sortir. Peut-\u00eatre que \u00e7a nous sourit cette ann\u00e9e\u2009?\u2009\u00bb, se projette Aur\u00e9lien Deniel.<\/p>\n<p class=\" wall-content\">Du c\u00f4t\u00e9 de l\u2019AS Vitr\u00e9, <b>les regrets sont immenses<\/b>. Les Sang et Or se sont procur\u00e9s une bonne dizaine de situations franches dans ce match, sans parvenir \u00e0 faire le break apr\u00e8s l\u2019ouverture du score de Micka\u00ebl Martin juste avant la pause.<\/p>\n<p>\u00ab\u2009Ils n\u2019ont rien du tout sur le match\u2009\u00bb<\/p>\n<p class=\" wall-content\">Ils ont c\u00e9d\u00e9 sur <b>la seule situation de Plouvorn<\/b>, au bout du sc\u00e9nario que l\u2019on conna\u00eet.<\/p>\n<p class=\" wall-content\">\u00ab\u2009<b>C\u2019est improbable, ce ciseau du gardien.<\/b> L\u2019arbitre a d\u00e9cid\u00e9 de laisser huit minutes d\u2019arr\u00eats de jeu, peut-\u00eatre qu\u2019elle voulait que \u00e7a se finisse comme \u00e7a\u2009\u00bb, s\u2019interroge l\u2019entra\u00eeneur, Laurent Herv\u00e9.<\/p>\n<p class=\" wall-content\">\u00ab\u2009Il n\u2019emp\u00eache, poursuit-il, que l\u2019on doit faire la diff\u00e9rence avant. <b>On doit gagner ce match avec deux ou trois buts d\u2019\u00e9cart.<\/b> Ils n\u2019ont rien du tout, pas une occasion du match. C\u2019est donc beaucoup de d\u00e9ception.\u2009\u00bb<\/p>\n<p class=\" wall-content\">Les Vitr\u00e9ens devront passer leur soir\u00e9e loin de leur t\u00e9l\u00e9phone, car les images capt\u00e9es par le club sont d\u00e9j\u00e0 devenues virales sur les r\u00e9seaux sociaux.<\/p>\n<p class=\" wall-content\">Personnalisez votre actualit\u00e9 en ajoutant vos villes et m\u00e9dias en favori avec <a href=\"https:\/\/moncompte.actu.fr\" title=\"D\u00e9couvez Mon Actu\" rel=\"nofollow noopener\" data-trk=\"{&quot;cta&quot;:{&quot;action&quot;:&quot;https:\\\/\\\/moncompte.actu.fr&quot;,&quot;category&quot;:&quot;mon compte&quot;,&quot;from&quot;:&quot;article footer&quot;,&quot;name&quot;:&quot;Mon actu&quot;,&quot;type&quot;:&quot;cta&quot;}}\" target=\"_blank\">Mon Actu<\/a>.<\/p>\n<p>                    <script async src=\"\/\/www.instagram.com\/embed.js\"><\/script><\/p>\n","protected":false},"excerpt":{"rendered":"Par Matheo Girard Publi\u00e9 le 16 nov. 2025 \u00e0 19h09 On a d\u00e9pass\u00e9 les cinq minutes de temps&hellip;\n","protected":false},"author":2,"featured_media":539531,"comment_status":"","ping_status":"","sticky":false,"template":"","format":"standard","meta":{"footnotes":""},"categories":[2],"tags":[11,83,15922,1011,27,12,25,60],"class_list":{"0":"post-539530","1":"post","2":"type-post","3":"status-publish","4":"format-standard","5":"has-post-thumbnail","7":"category-actualites","8":"tag-actualites","9":"tag-coupe-de-france","10":"tag-coupe-de-france-de-football","11":"tag-fr","12":"tag-france","13":"tag-news","14":"tag-republique-francaise","15":"tag-sports"},"share_on_mastodon":{"url":"https:\/\/pubeurope.com\/@fr\/115563304460073904","error":""},"_links":{"self":[{"href":"https:\/\/www.europesays.com\/fr\/wp-json\/wp\/v2\/posts\/539530","targetHints":{"allow":["GET"]}}],"collection":[{"href":"https:\/\/www.europesays.com\/fr\/wp-json\/wp\/v2\/posts"}],"about":[{"href":"https:\/\/www.europesays.com\/fr\/wp-json\/wp\/v2\/types\/post"}],"author":[{"embeddable":true,"href":"https:\/\/www.europesays.com\/fr\/wp-json\/wp\/v2\/users\/2"}],"replies":[{"embeddable":true,"href":"https:\/\/www.europesays.com\/fr\/wp-json\/wp\/v2\/comments?post=539530"}],"version-history":[{"count":0,"href":"https:\/\/www.europesays.com\/fr\/wp-json\/wp\/v2\/posts\/539530\/revisions"}],"wp:featuredmedia":[{"embeddable":true,"href":"https:\/\/www.europesays.com\/fr\/wp-json\/wp\/v2\/media\/539531"}],"wp:attachment":[{"href":"https:\/\/www.europesays.com\/fr\/wp-json\/wp\/v2\/media?parent=539530"}],"wp:term":[{"taxonomy":"category","embeddable":true,"href":"https:\/\/www.europesays.com\/fr\/wp-json\/wp\/v2\/categories?post=539530"},{"taxonomy":"post_tag","embeddable":true,"href":"https:\/\/www.europesays.com\/fr\/wp-json\/wp\/v2\/tags?post=539530"}],"curies":[{"name":"wp","href":"https:\/\/api.w.org\/{rel}","templated":true}]}}