{"id":539534,"date":"2025-11-17T05:10:16","date_gmt":"2025-11-17T05:10:16","guid":{"rendered":"https:\/\/www.europesays.com\/fr\/539534\/"},"modified":"2025-11-17T05:10:16","modified_gmt":"2025-11-17T05:10:16","slug":"montauban-depouille-par-le-top-14-deux-jeunes-pepites-tres-courtisees","status":"publish","type":"post","link":"https:\/\/www.europesays.com\/fr\/539534\/","title":{"rendered":"Montauban d\u00e9pouill\u00e9 par le Top 14 ? Deux jeunes p\u00e9pites tr\u00e8s courtis\u00e9es !"},"content":{"rendered":"<p>Actuellement 13\u00e8me du Top 14, le club de Montauban, promu l\u2019\u00e9t\u00e9 dernier, va devoir se battre jusqu\u2019\u00e0 la derni\u00e8re journ\u00e9e du championnat pour verrouiller son maintien dans l\u2019\u00e9lite du rugby Fran\u00e7ais.<\/p>\n<p>Reste que plusieurs joueurs cadres de l\u2019USM sont actuellement courtis\u00e9s par des clubs du Top 14.<\/p>\n<p>Selon les informations du Midi Olympique, le talonneur Thomas Bu\u00e9 serait en contact avec le Stade-Fran\u00e7ais Paris.<\/p>\n<p>Le joueur de 23 ans qui verra son contrat arriver \u00e0 terme au mois de juin prochain plait \u00e9norm\u00e9ment au club de la Capitale.<\/p>\n<p>Le Stade-Fran\u00e7ais tient la corde pour enr\u00f4ler celui qui \u00e9volue sous les couleurs Montalbanaises depuis 2017.<\/p>\n<p>Un temps, le Castres Olympique s\u2019\u00e9tait \u00e9galement renseign\u00e9, mais c\u2019est bien Paris qui serait en p\u00f4le position sur ce dossier.<\/p>\n<p>Ce n\u2019est pas tout : un autre joueur de l\u2019USM est courtis\u00e9 par le Top 14. Il s\u2019agit du deuxi\u00e8me ou troisi\u00e8me ligne Kyllian Ringuet.<\/p>\n<p>Le joueur de 22 ans est li\u00e9 avec Montauban jusqu\u2019au mois de juin 2027. Mais le Castres Olympique se dit pr\u00eat \u00e0 racheter sa derni\u00e8re ann\u00e9e de contrat afin d\u2019enr\u00f4ler le joueur d\u00e8s l\u2019\u00e9t\u00e9 prochain.<\/p>\n<p>Montauban pourrait donc perdre deux jeunes joueurs \u00e0 fort potentiel.<\/p>\n<p><strong>Affaire \u00e0 suivre\u2026<\/strong><\/p>\n","protected":false},"excerpt":{"rendered":"Actuellement 13\u00e8me du Top 14, le club de Montauban, promu l\u2019\u00e9t\u00e9 dernier, va devoir se battre jusqu\u2019\u00e0 la&hellip;\n","protected":false},"author":2,"featured_media":539535,"comment_status":"","ping_status":"","sticky":false,"template":"","format":"standard","meta":{"footnotes":""},"categories":[1416],"tags":[1011,27,479,1468,60],"class_list":{"0":"post-539534","1":"post","2":"type-post","3":"status-publish","4":"format-standard","5":"has-post-thumbnail","7":"category-rugby","8":"tag-fr","9":"tag-france","10":"tag-rugby","11":"tag-rugby-football","12":"tag-sports"},"share_on_mastodon":{"url":"https:\/\/pubeurope.com\/@fr\/115563320085308370","error":""},"_links":{"self":[{"href":"https:\/\/www.europesays.com\/fr\/wp-json\/wp\/v2\/posts\/539534","targetHints":{"allow":["GET"]}}],"collection":[{"href":"https:\/\/www.europesays.com\/fr\/wp-json\/wp\/v2\/posts"}],"about":[{"href":"https:\/\/www.europesays.com\/fr\/wp-json\/wp\/v2\/types\/post"}],"author":[{"embeddable":true,"href":"https:\/\/www.europesays.com\/fr\/wp-json\/wp\/v2\/users\/2"}],"replies":[{"embeddable":true,"href":"https:\/\/www.europesays.com\/fr\/wp-json\/wp\/v2\/comments?post=539534"}],"version-history":[{"count":0,"href":"https:\/\/www.europesays.com\/fr\/wp-json\/wp\/v2\/posts\/539534\/revisions"}],"wp:featuredmedia":[{"embeddable":true,"href":"https:\/\/www.europesays.com\/fr\/wp-json\/wp\/v2\/media\/539535"}],"wp:attachment":[{"href":"https:\/\/www.europesays.com\/fr\/wp-json\/wp\/v2\/media?parent=539534"}],"wp:term":[{"taxonomy":"category","embeddable":true,"href":"https:\/\/www.europesays.com\/fr\/wp-json\/wp\/v2\/categories?post=539534"},{"taxonomy":"post_tag","embeddable":true,"href":"https:\/\/www.europesays.com\/fr\/wp-json\/wp\/v2\/tags?post=539534"}],"curies":[{"name":"wp","href":"https:\/\/api.w.org\/{rel}","templated":true}]}}