{"id":539542,"date":"2025-11-17T05:17:14","date_gmt":"2025-11-17T05:17:14","guid":{"rendered":"https:\/\/www.europesays.com\/fr\/539542\/"},"modified":"2025-11-17T05:17:14","modified_gmt":"2025-11-17T05:17:14","slug":"pardon-je-suis-tres-emu-damien-thevenot-en-larmes-il-secroule-devant-michel-drucker","status":"publish","type":"post","link":"https:\/\/www.europesays.com\/fr\/539542\/","title":{"rendered":"\u00ab\u00a0Pardon, je suis tr\u00e8s \u00e9mu\u00a0\u00bb : Damien Th\u00e9venot en larmes, il s&rsquo;\u00e9croule devant Michel Drucker"},"content":{"rendered":"<p>Ce dimanche 16 novembre sur France 3, le <a href=\"https:\/\/www.closermag.fr\/people\/damien-thevenot-est-il-en-couple-3560378\" rel=\"nofollow noopener\" target=\"_blank\"><br \/>\ncharmant Damien Th\u00e9venot<\/a> a v\u00e9cu un moment qu\u2019il<br \/>\n<strong>n\u2019oubliera jamais<\/strong>. Invit\u00e9 de Vivement<br \/>\ndimanche, le journaliste s\u2019est retrouv\u00e9 face \u00e0 celui qui a<br \/>\ninspir\u00e9 toute sa carri\u00e8re : <strong>Michel Drucker<\/strong>. \u00c0<br \/>\npeine install\u00e9 sur le c\u00e9l\u00e8bre canap\u00e9 rouge, l\u2019animateur de<br \/>\nT\u00e9l\u00e9matin a perdu ses moyens, submerg\u00e9 par<br \/>\n<strong>l\u2019\u00e9motion<\/strong>. \u2018\u2018Pardon, je suis tr\u00e8s<br \/>\n<strong>\u00e9mu<\/strong>, Michel\u2026\u2019\u2019 a-t-il souffl\u00e9, la voix<br \/>\n<strong>bris\u00e9e<\/strong>.<\/p>\n<p>Il se rem\u00e9more alors un souvenir <strong>d\u2019enfance<\/strong>,<br \/>\npresque anodin mais charg\u00e9 de nostalgie. \u2018\u2018Je me rappelle,<br \/>\nj\u2019avais un sous pull\u2026 il grattait, je n\u2019aimais pas ce sous pull. Et<br \/>\nma m\u00e8re s\u2019ent\u00eatait \u00e0 me le mettre\u2026\u2019\u2019 Puis d\u2019un coup, il<br \/>\nrevient \u00e0 ce qui l\u2019a <strong>boulevers\u00e9<\/strong>. \u2018\u2018Je suis<br \/>\ntr\u00e8s \u00e9mu d\u2019\u00eatre sur ce canap\u00e9. Parce qu\u2019<strong>en 85, je ne<br \/>\nmanquais pas un Champs-\u00c9lys\u00e9es<\/strong>. Je <strong>r\u00eavais d\u2019\u00eatre<br \/>\nMichel Drucker<\/strong>. Et <strong>40 ans plus tard, je suis l\u00e0\u2026<br \/>\nMerci<\/strong><strong>.\u2019\u2019<\/strong><\/p>\n<p>\u201cJe me suis pinc\u00e9, ce n\u2019est pas possible\u201d : le r\u00eave<br \/>\nd\u2019un enfant fascin\u00e9 par la t\u00e9l\u00e9vision et par Michel Drucker<\/p>\n<p>Tr\u00e8s vite, <a href=\"https:\/\/www.closermag.fr\/people\/vous-etes-plutot-emmanuel-moire-mal-a-laise-dans-telematin-damien-thevenot-est-il-alle-trop-loin-3590219\" rel=\"nofollow noopener\" target=\"_blank\"><br \/>\nDamien Th\u00e9venot, pr\u00e9sentateur de T\u00e9l\u00e9matin<\/a>, raconte<br \/>\ncombien la t\u00e9l\u00e9vision a fa\u00e7onn\u00e9 son <strong>enfance<\/strong>.<br \/>\n\u2018\u2018C\u2019\u00e9tait t\u00e9l\u00e9, t\u00e9l\u00e9, t\u00e9l\u00e9. Je <strong>d\u00e9vorais la<br \/>\nt\u00e9l\u00e9<\/strong><strong>.<\/strong>\u2019\u2019 Il se souvient m\u00eame du jour<br \/>\no\u00f9 ses parents ont contract\u00e9 un <strong>cr\u00e9dit<\/strong> pour lui<br \/>\noffrir <strong>une t\u00e9l\u00e9vision couleur<\/strong>. \u2018\u2018J\u2019\u00e9tais le<br \/>\nplus <strong>heureux<\/strong>. Je faisais mes <strong>\u00e9missions<br \/>\ndans ma t\u00eate<\/strong>. Je me <strong>voyais \u00e0 ta place,<br \/>\nMichel<\/strong><strong>.\u2019\u2019<\/strong><\/p>\n<p>Lorsqu\u2019il apprend que <a href=\"https:\/\/www.closermag.fr\/people\/heures-de-vol-michel-drucker-attaque-sur-son-age-sa-reponse-pas-piquee-des-hannetons-3550132\" rel=\"nofollow noopener\" target=\"_blank\"><br \/>\nMichel Drucker, toujours \u00e0 l\u2019antenne \u00e0 82 ans<\/a>, souhaite lui<br \/>\nconsacrer un num\u00e9ro de Vivement dimanche, il <strong>n\u2019y<br \/>\ncroit pas.<\/strong> \u2018\u2018On m\u2019a appel\u00e9, on m\u2019a dit :<br \/>\n\u2018<strong>Michel te consacre un Vivement dimanche<\/strong>.\u2019 Je me<br \/>\nsuis <strong>pinc\u00e9<\/strong>. Ce n\u2019est <strong>pas<br \/>\npossible\u2026<\/strong> Merci infiniment de l\u2019invitation.\u2019\u2019<\/p>\n<p>L\u2019hommage bouleversant de ses parents<br \/>\nfait craquer Damien Th\u00e9venot<\/p>\n<p>Mais c\u2019est lorsqu\u2019un message surprise de ses <strong>parents,<br \/>\nSerge et Huguette<\/strong>, est diffus\u00e9 que Damien Th\u00e9venot<br \/>\n<strong>s\u2019effondre<\/strong> totalement. Sur l\u2019\u00e9cran, des images<br \/>\n<strong>d\u2019archives<\/strong> d\u00e9filent tandis que leurs voix<br \/>\nracontent son enfance. \u2018\u2018Enfant <strong>tr\u00e8s agit\u00e9<\/strong>, la<br \/>\nma\u00eetresse te retrouvait en <strong>haut des meubles<\/strong>.<br \/>\nEnfant <strong>turbulent mais attachant\u2026 attachiant,<\/strong> comme<br \/>\non dit maintenant. Tu faisais <strong>tes \u00e9missions avec ta t\u00eate<br \/>\ndans un carton d\u00e9coup\u00e9<\/strong><strong>.\u2019\u2019<\/strong><\/p>\n<p>Ils \u00e9voquent aussi leur <strong>fiert\u00e9<\/strong> de le voir \u00e0 la<br \/>\n<strong>t\u00e9l\u00e9vision<\/strong>, ses d\u00e9buts en <strong>radio<\/strong>,<br \/>\nen Alsace, puis son arriv\u00e9e sur une <strong>grande cha\u00eene<\/strong>.<br \/>\n\u2018\u2018C\u2019est une <strong>grande fiert\u00e9\u2026 Et pour tes grands-parents,<br \/>\nencore plus<\/strong><strong>.<\/strong>\u2019\u2019 Un mot de 1997 sign\u00e9<br \/>\nde la main de Damien Th\u00e9venot r\u00e9appara\u00eet : \u2018\u2018Pour vous mes<br \/>\nch\u00e8res <strong>maman et papa, merci de m\u2019avoir encourag\u00e9 \u00e0 faire le<br \/>\nm\u00e9tier dont je r\u00eavais<\/strong><strong>.<\/strong>\u2019\u2019 La gorge<br \/>\nnou\u00e9e, l\u2019animateur souffle un dernier \u2018\u2018Merci \u00e0 mes parents\u2026<br \/>\nMes parents, <strong>extraordinaires<\/strong>.\u2019\u2019<\/p>\n","protected":false},"excerpt":{"rendered":"Ce dimanche 16 novembre sur France 3, le charmant Damien Th\u00e9venot a v\u00e9cu un moment qu\u2019il n\u2019oubliera jamais.&hellip;\n","protected":false},"author":2,"featured_media":539543,"comment_status":"","ping_status":"","sticky":false,"template":"","format":"standard","meta":{"footnotes":""},"categories":[1359],"tags":[58,59,1011,27,877,973,878],"class_list":{"0":"post-539542","1":"post","2":"type-post","3":"status-publish","4":"format-standard","5":"has-post-thumbnail","7":"category-people","8":"tag-divertissement","9":"tag-entertainment","10":"tag-fr","11":"tag-france","12":"tag-michel-drucker","13":"tag-people","14":"tag-vivement-dimanche"},"share_on_mastodon":{"url":"https:\/\/pubeurope.com\/@fr\/115563347616377285","error":""},"_links":{"self":[{"href":"https:\/\/www.europesays.com\/fr\/wp-json\/wp\/v2\/posts\/539542","targetHints":{"allow":["GET"]}}],"collection":[{"href":"https:\/\/www.europesays.com\/fr\/wp-json\/wp\/v2\/posts"}],"about":[{"href":"https:\/\/www.europesays.com\/fr\/wp-json\/wp\/v2\/types\/post"}],"author":[{"embeddable":true,"href":"https:\/\/www.europesays.com\/fr\/wp-json\/wp\/v2\/users\/2"}],"replies":[{"embeddable":true,"href":"https:\/\/www.europesays.com\/fr\/wp-json\/wp\/v2\/comments?post=539542"}],"version-history":[{"count":0,"href":"https:\/\/www.europesays.com\/fr\/wp-json\/wp\/v2\/posts\/539542\/revisions"}],"wp:featuredmedia":[{"embeddable":true,"href":"https:\/\/www.europesays.com\/fr\/wp-json\/wp\/v2\/media\/539543"}],"wp:attachment":[{"href":"https:\/\/www.europesays.com\/fr\/wp-json\/wp\/v2\/media?parent=539542"}],"wp:term":[{"taxonomy":"category","embeddable":true,"href":"https:\/\/www.europesays.com\/fr\/wp-json\/wp\/v2\/categories?post=539542"},{"taxonomy":"post_tag","embeddable":true,"href":"https:\/\/www.europesays.com\/fr\/wp-json\/wp\/v2\/tags?post=539542"}],"curies":[{"name":"wp","href":"https:\/\/api.w.org\/{rel}","templated":true}]}}