{"id":539544,"date":"2025-11-17T05:18:20","date_gmt":"2025-11-17T05:18:20","guid":{"rendered":"https:\/\/www.europesays.com\/fr\/539544\/"},"modified":"2025-11-17T05:18:20","modified_gmt":"2025-11-17T05:18:20","slug":"visite-du-fabuleux-explora-iii-avec-larchitecte-naval-antonio-di-nenno","status":"publish","type":"post","link":"https:\/\/www.europesays.com\/fr\/539544\/","title":{"rendered":"Visite du fabuleux Explora III avec l\u2019architecte naval Antonio di Nenno"},"content":{"rendered":"<p>                                    <img decoding=\"async\" src=\"https:\/\/www.europesays.com\/fr\/wp-content\/uploads\/2025\/11\/3340e8bd0b827f480c6892213ef572f622e5f775c99bce3361a465b88251c826.jpg\" alt=\"Lenny Kravitz fait visiter \u00e0 AD Magazine son incroyable maison\" class=\"a11y-hidden\" fetchpriority=\"high\"\/><\/p>\n<p>\n    <strong>Croisi\u00e8res design 3\/5. &#8211; <\/strong>Tour d\u2019horizon de bateaux d\u2019exception, avec pour guides leurs architectes d\u2019int\u00e9rieur. Aujourd\u2019hui, rencontre avec Antonio di Nenno qui a particip\u00e9 au projet de l\u2019Explora III.<\/p>\n<p class=\"fig-paragraph\">Architecte naval, Antonio Di Nenno assure, depuis 2019, la direction de l\u2019architecture et du design d\u2019Explora Journeys et d\u00e9veloppe une approche plus exclusive du voyage en mer. Il a ainsi sign\u00e9 le d\u00e9cor de l\u2019Explora III, qui traverse toutes les mers rejoignant des destinations inattendues\u00a0: p\u00e9ninsule arabique, Am\u00e9rique du Sud, Amazonie&#8230;<\/p>\n<p class=\"fig-paragraph\"><strong>Qu\u2019est-ce qui diff\u00e9rencie l\u2019am\u00e9nagement d\u2019un bateau de celui d\u2019un h\u00f4tel\u00a0?<\/strong><br \/>La fa\u00e7on dont on combine l\u2019agencement et la conception structurelle. Je suis en charge des deux aspects, donc j\u2019essaie au mieux d\u2019associer\u00a0<a href=\"http:\/\/madame.lefigaro.fr\/deco-design\/combien-coute-la-bougie-de-meghan-markle-qui-aurait-l-odeur-du-bonheur-20251104\" target=\"_blank\" data-fig-type=\"Article\" rel=\"noopener\" data-gtm-custom-categorie=\"navigation\" data-gtm-custom-action=\"crossclick\" data-gtm-custom-label=\"Contextuel\" data-gtm-event=\"customEventSPE\" data-fig-domain=\"MADAME\">la d\u00e9coration<\/a>\u00a0\u00e0 l\u2019organisation des espaces, la circulation\u2026 et cela en tenant compte des r\u00e8gles nautiques. J\u2019ai toujours \u00e0 l\u2019esprit qu\u2019il est moins coutumier pour un voyageur d\u2019embarquer sur un bateau\u2026 que d\u2019entrer dans un h\u00f4tel.<\/p>\n<p>    Le lobby de l\u2019Explora III.<br \/>\n                S. P.<\/p>\n<p>                                    <a class=\"fig-a11y-skip a11y-hidden\" href=\"#fig-a11y-skip-main-inarticle\"><br \/>\n        Passer la publicit\u00e9<br \/>\n    <\/a><\/p>\n<p class=\"fig-paragraph\"><strong>Avez-vous \u00e9t\u00e9 influenc\u00e9 par l\u2019histoire des paquebots et de l\u2019Art D\u00e9co\u00a0?<\/strong><br \/>En cr\u00e9ant Explora, il s\u2019agissait de poser les bases d\u2019une nouvelle marque, qui ne se raccrochait pas \u00e0 une marque d\u2019hospitalit\u00e9 et qu\u2019il fallait d\u00e9cliner autour de l\u2019univers marin. Nous nous sommes donc concentr\u00e9s sur la notion d\u2019un voyage qui ouvre un nouvel imaginaire sur la mer.<\/p>\n<p class=\"fig-paragraph\"><strong>Qu\u2019en est-il du travail avec les artisans et les fournisseurs\u00a0?<\/strong><br \/>Nous voulions un rendu diff\u00e9rent de ce qui existe. Certains des fournisseurs travaillent pour la maison m\u00e8re,\u00a0<a href=\"http:\/\/www.lefigaro.fr\/economie\/msc-croisieres-commande-deux-nouveaux-navires-pour-3-5-milliards-d-euros-20251112\" target=\"_blank\" data-fig-type=\"Article\" rel=\"noopener\" data-gtm-custom-categorie=\"navigation\" data-gtm-custom-action=\"crossclick\" data-gtm-custom-label=\"Contextuel\" data-gtm-event=\"customEventSPE\" data-fig-domain=\"LEFIGARO\">MSC<\/a>, et ont une grande exp\u00e9rience des contraintes navales. Pour le mobilier, nous avons choisi des pi\u00e8ces iconiques que les voyageurs poss\u00e8dent sans doute chez eux, avec une diff\u00e9rence\u00a0: ils sont \u00ab\u00a0amarin\u00e9s\u00a0\u00bb. Certains grands \u00e9diteurs italiens de mobilier existaient \u00e0 l\u2019\u00e9poque des transatlantiques et ma\u00eetrisent cette exigence.<\/p>\n<p class=\"fig-paragraph\"><strong>Y a-t-il un aspect de la conception qui vous a particuli\u00e8rement marqu\u00e9\u00a0?<\/strong><br \/>J\u2019ai dessin\u00e9 l\u2019int\u00e9gralit\u00e9 de l\u2019un des restaurants du bateau, le Media club. Nous souhaitions cr\u00e9er un lieu ouvert en permanence, o\u00f9 l\u2019on peut venir lire, prendre un caf\u00e9, d\u00e9jeuner ou d\u00eener\u2026 \u00c0 l\u2019image finalement d\u2019un Yacht-Club de la Riviera, o\u00f9 l\u2019on se sent un peu chez soi.<\/p>\n<p class=\"fig-paragraph\">Croisi\u00e8res de 5 \u00e0 20 nuits, \u00e0 partir de 3\u200a250 \u20ac. R\u00e9servation sur\u00a0<a href=\"https:\/\/explorajourneys.com\/fr\/fr\" target=\"_blank\" rel=\"sponsored noopener\" data-gtm-custom-categorie=\"navigation\" data-gtm-custom-action=\"crossclick\" data-gtm-custom-label=\"Contextuel\" data-gtm-event=\"customEventSPE\">explorajourneys.com<\/a><\/p>\n","protected":false},"excerpt":{"rendered":"Croisi\u00e8res design 3\/5. &#8211; Tour d\u2019horizon de bateaux d\u2019exception, avec pour guides leurs architectes d\u2019int\u00e9rieur. Aujourd\u2019hui, rencontre avec&hellip;\n","protected":false},"author":2,"featured_media":539545,"comment_status":"","ping_status":"","sticky":false,"template":"","format":"standard","meta":{"footnotes":""},"categories":[1358],"tags":[1111,8122,1350,1348,1384,1385,2380,8117,8114,8121,8120,1386,58,59,1295,1294,638,1011,27,8125,8118,977,8123,8119,8124],"class_list":{"0":"post-539544","1":"post","2":"type-post","3":"status-publish","4":"format-standard","5":"has-post-thumbnail","7":"category-arts-et-design","8":"tag-actu","9":"tag-amenager-sa-maison","10":"tag-architecture","11":"tag-arts","12":"tag-arts-and-design","13":"tag-arts-et-design","14":"tag-croisiere","15":"tag-deco","16":"tag-decoration-dinterieur","17":"tag-decoration-interieur","18":"tag-decoration-maison","19":"tag-design","20":"tag-divertissement","21":"tag-entertainment","22":"tag-feminin","23":"tag-femme","24":"tag-figaro","25":"tag-fr","26":"tag-france","27":"tag-idee-deco","28":"tag-inspiration-deco","29":"tag-madame","30":"tag-meubler-sa-maison","31":"tag-objet-deco","32":"tag-tendance-deco"},"share_on_mastodon":{"url":"https:\/\/pubeurope.com\/@fr\/115563352493915038","error":""},"_links":{"self":[{"href":"https:\/\/www.europesays.com\/fr\/wp-json\/wp\/v2\/posts\/539544","targetHints":{"allow":["GET"]}}],"collection":[{"href":"https:\/\/www.europesays.com\/fr\/wp-json\/wp\/v2\/posts"}],"about":[{"href":"https:\/\/www.europesays.com\/fr\/wp-json\/wp\/v2\/types\/post"}],"author":[{"embeddable":true,"href":"https:\/\/www.europesays.com\/fr\/wp-json\/wp\/v2\/users\/2"}],"replies":[{"embeddable":true,"href":"https:\/\/www.europesays.com\/fr\/wp-json\/wp\/v2\/comments?post=539544"}],"version-history":[{"count":0,"href":"https:\/\/www.europesays.com\/fr\/wp-json\/wp\/v2\/posts\/539544\/revisions"}],"wp:featuredmedia":[{"embeddable":true,"href":"https:\/\/www.europesays.com\/fr\/wp-json\/wp\/v2\/media\/539545"}],"wp:attachment":[{"href":"https:\/\/www.europesays.com\/fr\/wp-json\/wp\/v2\/media?parent=539544"}],"wp:term":[{"taxonomy":"category","embeddable":true,"href":"https:\/\/www.europesays.com\/fr\/wp-json\/wp\/v2\/categories?post=539544"},{"taxonomy":"post_tag","embeddable":true,"href":"https:\/\/www.europesays.com\/fr\/wp-json\/wp\/v2\/tags?post=539544"}],"curies":[{"name":"wp","href":"https:\/\/api.w.org\/{rel}","templated":true}]}}