{"id":539550,"date":"2025-11-17T05:22:17","date_gmt":"2025-11-17T05:22:17","guid":{"rendered":"https:\/\/www.europesays.com\/fr\/539550\/"},"modified":"2025-11-17T05:22:17","modified_gmt":"2025-11-17T05:22:17","slug":"nous-avons-puise-dans-le-repertoire-du-film-dhorreur-a-la-shining-faisant-du-dindon-un-monstre-maryse-estier-revisite-feydeau","status":"publish","type":"post","link":"https:\/\/www.europesays.com\/fr\/539550\/","title":{"rendered":"\u00ab\u00a0Nous avons puis\u00e9 dans le r\u00e9pertoire du film d&rsquo;horreur \u00e0 la Shining, faisant du Dindon un monstre\u00a0\u00bb, Maryse Estier revisite Feydeau"},"content":{"rendered":"<p class=\"article__intro\">3 questions \u00e0 Maryse Estier, la metteuse en sc\u00e8ne de la pi\u00e8ce \u00ab\u00a0Le Dindon\u00a0\u00bb pr\u00e9sent\u00e9e au Th\u00e9\u00e2tre National de Nice du 20 au 22 novembre. D\u00e9couvrez ce troisi\u00e8me volet centr\u00e9 sur les liens entre possession, s\u00e9duction et pouvoir. <\/p>\n<p>\n      L\u2019actu des r\u00e9gions\n    <\/p>\n<p>\n      Chaque jour, un tour d\u2019horizon des principales infos de toutes les r\u00e9gions.\n    <\/p>\n<p>    France T\u00e9l\u00e9visions utilise votre adresse e-mail afin de vous envoyer la newsletter \u00ab\u00a0L\u2019actu des r\u00e9gions\u00a0\u00bb. Vous pouvez vous d\u00e9sinscrire \u00e0 tout moment via le lien en bas de cette newsletter. <a target=\"_blank\" href=\"https:\/\/www.francetelevisions.fr\/groupe\/confidentialite\/politique-de-confidentialite\/politique-de-confidentialite-de-france-televisions-6503\" rel=\"nofollow noopener\">Notre politique de confidentialit\u00e9<\/a><\/p>\n<p>Apr\u00e8s avoir pr\u00e9sent\u00e9 Marie Stuart en 2024, Maryse Estier revient avec \u00ab\u00a0Le Dindon\u00a0\u00bb au <a href=\"https:\/\/www.tnn.fr\/fr\/\" target=\"_blank\" rel=\"noopener noreferrer nofollow\" data-tooltip-url=\"https:\/\/www.tnn.fr\/fr\/\">Th\u00e9\u00e2tre National de Nice<\/a> du 20 au 22 novembre. Dans ce vaudeville explosif, Feydeau pousse le quiproquo \u00e0 son paroxysme et s\u2019amuse de nos travers humains, partag\u00e9s entre la tranquillit\u00e9 du quotidien et la folie de nos passions.<\/p>\n<p><a data-article-figure=\"\" href=\"https:\/\/france3-regions.franceinfo.fr\/image\/i4V1WekY6dyMOewO5Sj38dBHDSs\/4500x3000\/regions\/2025\/11\/13\/le-dindon-1-c-caroleparodi-6915a5ff6d76a778265496.jpg\" data-pswp-width=\"4500\" data-pswp-height=\"3000\" target=\"_blank\" rel=\"nofollow noopener\"><\/p>\n<p>          <img width=\"600\" height=\"400\" class=\"article-image lazy\" data-src=\"https:\/\/www.europesays.com\/fr\/wp-content\/uploads\/2025\/11\/le-dindon-1-c-caroleparodi-6915a5ff6d76a778265496.jpg\" alt=\"Extrait de la pi\u00e8ce &quot;Le Dindon&quot; mis en sc\u00e8ne par Maryse Estier. \" fetchpriority=\"high\" as=\"image\"\/><\/p>\n<p>\n            Extrait de la pi\u00e8ce \u00ab\u00a0Le Dindon\u00a0\u00bb mis en sc\u00e8ne par Maryse Estier.<br \/>\n                           \u2022<br \/>\n                                      \u00a9 Carole Parodi\n                      <\/p>\n<p><\/a><\/p>\n<p>Nous avons pos\u00e9 trois questions \u00e0 Maryse Estier, la metteuse en sc\u00e8ne franco-suisse, qui a toujours \u00e9t\u00e9 fascin\u00e9e par cette pi\u00e8ce et son intrigue.<\/p>\n<p>Qu\u2019est-ce qui vous a inspir\u00e9 pour r\u00e9aliser ce vaudeville ?<\/p>\n<p><strong>Maryse Estier <\/strong>: \u00ab\u00a0Ce qui m&rsquo;a d&rsquo;abord frapp\u00e9e, en travaillant sur\u00a0Le Dindon, c&rsquo;est \u00e0 quel point les codes du vaudeville y sont proches de ceux du film d&rsquo;horreur. La premi\u00e8re sc\u00e8ne est de ce point de vue \u00e9difiante : un homme essaie de s&rsquo;introduire de force chez une femme, apr\u00e8s l&rsquo;avoir suivie toute une semaine. Elle crie, se d\u00e9bat, il la poursuit, elle tombe, elle se blesse, et au final, quoi qu&rsquo;elle fasse, il entre et il est terrifiant. Par la suite, il ne cessera de s&rsquo;imposer, et de faire irruption partout o\u00f9 l&rsquo;on se croit \u00e0 l&rsquo;abri, dans une chambre d&rsquo;h\u00f4tel, ou chez un ami.<\/p>\n<p><a data-article-figure=\"\" href=\"https:\/\/france3-regions.franceinfo.fr\/image\/4MuhtuG8AKdW0P5iy9vzJDyZ6Nc\/4500x2531\/regions\/2025\/11\/13\/le-dindon-3-c-caroleparodi-6915a57bad9c6610254471.jpg\" data-pswp-width=\"4500\" data-pswp-height=\"2531\" target=\"_blank\" rel=\"nofollow noopener\"><\/p>\n<p>          <img width=\"600\" height=\"400\" class=\"article-image lazy\" data-src=\"https:\/\/www.europesays.com\/fr\/wp-content\/uploads\/2025\/11\/le-dindon-3-c-caroleparodi-6915a57bad9c6610254471.jpg\" alt=\"Extrait de la pi\u00e8ce &quot;Le Dindon&quot; mis en sc\u00e8ne par Maryse Estier. \" fetchpriority=\"high\" as=\"image\"\/><\/p>\n<p>\n            Extrait de la pi\u00e8ce \u00ab\u00a0Le Dindon\u00a0\u00bb mis en sc\u00e8ne par Maryse Estier.<br \/>\n                           \u2022<br \/>\n                                      \u00a9 Carole Parodi\n                      <\/p>\n<p><\/a><\/p>\n<blockquote class=\"ftvi_content_quote\">\n<p class=\"ftvi_citation_quote\">Avec mon \u00e9quipe, nous avons donc largement puis\u00e9 dans le r\u00e9pertoire du film d&rsquo;horreur \u00e0 la\u00a0Shining, faisant du Dindon un monstre qui d\u00e9forme la r\u00e9alit\u00e9 partout o\u00f9 il passe, tordant le temps et l&rsquo;espace comme c&rsquo;est le cas dans les cauchemars. <\/p>\n<p>Maryse Estier<\/p>\n<p class=\"ftvi_citation_source\">\u00e0 France 3 C\u00f4te d&rsquo;Azur <\/p>\n<\/blockquote>\n<p>Mais l\u00e0 o\u00f9 Feydeau est singulier, c&rsquo;est que ce monstre mi-homme mi-animal, il nous dit qu&rsquo;il ne faut pas en avoir peur, mais plut\u00f4t en rire. Chaque situation inqui\u00e9tante est d\u00e9gonfl\u00e9e par un gros gag, chaque moment de terreur est un p\u00e9tard mouill\u00e9, et c&rsquo;est ce m\u00e9canisme qui cr\u00e9e l&rsquo;humour irr\u00e9sistible de cette pi\u00e8ce, de mani\u00e8re assez unique dans le r\u00e9pertoire.\u00a0\u00bb<\/p>\n<p>Pouvez-vous nous expliquer le lien que vous voyez entre votre r\u00e9alisation autour de\u00a0Marie Stuart\u00a0en 2024 et\u00a0Le Dindon\u00a0?<\/p>\n<p>\u00ab\u00a0Il y a quand m\u00eame dans les deux propositions de spectacle des points de d\u00e9part et de conflit similaires : \u00e0 chaque fois, les femmes s&rsquo;y retrouvent malgr\u00e9 elles dans des situations de grands embarras, prises en otages au milieu des d\u00e9sirs contradictoires des hommes.<\/p>\n<blockquote class=\"ftvi_content_quote\">\n<p class=\"ftvi_citation_quote\">Chez Schiller, le conflit \u00e9tait politique, chez Feydeau, il est domestique, mais dans les deux cas les femmes se d\u00e9battent pour s&rsquo;en sortir tant sur le plan priv\u00e9 que public. <\/p>\n<p>Maryse Estier<\/p>\n<p class=\"ftvi_citation_source\">\u00e0 France 3 C\u00f4te d&rsquo;Azur <\/p>\n<\/blockquote>\n<p><a data-article-figure=\"\" href=\"https:\/\/france3-regions.franceinfo.fr\/image\/5Phq3N_cOy_0PzLzNXS31RYrEjQ\/4500x3000\/regions\/2025\/11\/13\/le-dindon-5-c-caroleparodi-6915a59d4f14e822692172.jpg\" data-pswp-width=\"4500\" data-pswp-height=\"3000\" target=\"_blank\" rel=\"nofollow noopener\"><\/p>\n<p>          <img width=\"600\" height=\"400\" class=\"article-image lazy\" data-src=\"https:\/\/www.europesays.com\/fr\/wp-content\/uploads\/2025\/11\/le-dindon-5-c-caroleparodi-6915a59d4f14e822692172.jpg\" alt=\"Extrait de la pi\u00e8ce &quot;Le Dindon&quot; mis en sc\u00e8ne par Maryse Estier. \" fetchpriority=\"high\" as=\"image\"\/><\/p>\n<p>\n            Extrait de la pi\u00e8ce \u00ab\u00a0Le Dindon\u00a0\u00bb mis en sc\u00e8ne par Maryse Estier.<br \/>\n                           \u2022<br \/>\n                                      \u00a9 Carole Parodi\n                      <\/p>\n<p><\/a><\/p>\n<p>La question de la repr\u00e9sentation, qu&rsquo;elle soit r\u00e9galienne ou mondaine, semble toujours s&rsquo;ajouter aux probl\u00e9matiques que traversent les femmes. Et dans les deux pi\u00e8ces, elles s&rsquo;en tirent avec puissance et panache, et ce sont elles qui reprennent le pouvoir, f\u00fbt-ce pour un moment, et f\u00fbt-ce seulement au th\u00e9\u00e2tre.\u00a0\u00bb<\/p>\n<p>Quels sont vos futurs projets ?<\/p>\n<p>\u00ab\u00a0L&rsquo;ann\u00e9e prochaine, je vais adapter \u00ab\u00a0Napoline\u00a0\u00bb, qui est un roman en alexandrin de Delphine de Girardin, une \u00e9crivaine et dramaturge du 19\u1d49 si\u00e8cle. C&rsquo;est un texte tout \u00e0 fait \u00e0 part dans les productions de son temps, tant sur la forme que sur le fond\u00a0: c&rsquo;est un long po\u00e8me \u00e0 la premi\u00e8re personne, une femme raconte l&rsquo;histoire de son amie, morte de ne pas avoir voulu compromettre ses id\u00e9aux face \u00e0 la m\u00e9diocrit\u00e9 de la soci\u00e9t\u00e9 humaine.<\/p>\n<blockquote class=\"ftvi_content_quote\">\n<p class=\"ftvi_citation_quote\">L\u00e0 aussi, il s&rsquo;agit de mettre au centre du spectacle des personnages f\u00e9minins complexes, mais cette fois-ci, apr\u00e8s la fresque historique et le drame bourgeois, en explorant la forme du conte. <\/p>\n<p>Maryse Estier<\/p>\n<p class=\"ftvi_citation_source\">\u00e0 France 3 C\u00f4te d&rsquo;Azur <\/p>\n<\/blockquote>\n<p>Car \u00ab\u00a0Napoline\u00a0\u00bb, ce n&rsquo;est pas que l&rsquo;histoire d&rsquo;une jeune fille vivant sa premi\u00e8re d\u00e9ception amoureuse. C&rsquo;est aussi et surtout un miroir po\u00e9tique tendu \u00e0 nos id\u00e9aux malmen\u00e9s, et \u00e0 nos r\u00eaves, chaque jour un peu plus flous, de ne plus \u00eatre \u00e9cout\u00e9s.\u00a0\u00bb<\/p>\n<p>&gt;&gt; <strong>\u00ab\u00a0Le Dindon\u00a0\u00bb, du 20 au 22 novembre au Th\u00e9\u00e2tre National de Nice. Une pi\u00e8ce de Georges Feydeau \/ adaptation et dramaturgie Maryse Estier et Cl\u00e9mence Longy \/ mise en sc\u00e8ne Maryse Estier.<\/strong><\/p>\n<p><a href=\"https:\/\/tnn.notre-billetterie.fr\/billets?kld=2526&amp;spec=1842\" target=\"_blank\" rel=\"noopener noreferrer nofollow\" data-tooltip-url=\"https:\/\/tnn.notre-billetterie.fr\/billets?kld=2526&amp;spec=1842\">Billetterie <\/a><\/p>\n<p><a href=\"https:\/\/www.tnn.fr\/fr\/spectacles\/saison-2025-2026\/le-dindon\" target=\"_blank\" rel=\"noopener noreferrer nofollow\" data-tooltip-url=\"https:\/\/www.tnn.fr\/fr\/spectacles\/saison-2025-2026\/le-dindon\">Plus d&rsquo;infos <\/a><\/p><\/p>\n","protected":false},"excerpt":{"rendered":"3 questions \u00e0 Maryse Estier, la metteuse en sc\u00e8ne de la pi\u00e8ce \u00ab\u00a0Le Dindon\u00a0\u00bb pr\u00e9sent\u00e9e au Th\u00e9\u00e2tre National&hellip;\n","protected":false},"author":2,"featured_media":539551,"comment_status":"","ping_status":"","sticky":false,"template":"","format":"standard","meta":{"footnotes":""},"categories":[1354],"tags":[58,59,1346,1011,27,1360],"class_list":{"0":"post-539550","1":"post","2":"type-post","3":"status-publish","4":"format-standard","5":"has-post-thumbnail","7":"category-films","8":"tag-divertissement","9":"tag-entertainment","10":"tag-films","11":"tag-fr","12":"tag-france","13":"tag-movies"},"share_on_mastodon":{"url":"https:\/\/pubeurope.com\/@fr\/115563367180966235","error":""},"_links":{"self":[{"href":"https:\/\/www.europesays.com\/fr\/wp-json\/wp\/v2\/posts\/539550","targetHints":{"allow":["GET"]}}],"collection":[{"href":"https:\/\/www.europesays.com\/fr\/wp-json\/wp\/v2\/posts"}],"about":[{"href":"https:\/\/www.europesays.com\/fr\/wp-json\/wp\/v2\/types\/post"}],"author":[{"embeddable":true,"href":"https:\/\/www.europesays.com\/fr\/wp-json\/wp\/v2\/users\/2"}],"replies":[{"embeddable":true,"href":"https:\/\/www.europesays.com\/fr\/wp-json\/wp\/v2\/comments?post=539550"}],"version-history":[{"count":0,"href":"https:\/\/www.europesays.com\/fr\/wp-json\/wp\/v2\/posts\/539550\/revisions"}],"wp:featuredmedia":[{"embeddable":true,"href":"https:\/\/www.europesays.com\/fr\/wp-json\/wp\/v2\/media\/539551"}],"wp:attachment":[{"href":"https:\/\/www.europesays.com\/fr\/wp-json\/wp\/v2\/media?parent=539550"}],"wp:term":[{"taxonomy":"category","embeddable":true,"href":"https:\/\/www.europesays.com\/fr\/wp-json\/wp\/v2\/categories?post=539550"},{"taxonomy":"post_tag","embeddable":true,"href":"https:\/\/www.europesays.com\/fr\/wp-json\/wp\/v2\/tags?post=539550"}],"curies":[{"name":"wp","href":"https:\/\/api.w.org\/{rel}","templated":true}]}}