{"id":539561,"date":"2025-11-17T05:30:16","date_gmt":"2025-11-17T05:30:16","guid":{"rendered":"https:\/\/www.europesays.com\/fr\/539561\/"},"modified":"2025-11-17T05:30:16","modified_gmt":"2025-11-17T05:30:16","slug":"vive-la-liberte-lemotion-de-camilo-castro-a-son-arrivee-en-france","status":"publish","type":"post","link":"https:\/\/www.europesays.com\/fr\/539561\/","title":{"rendered":"\u00ab\u00a0Vive la libert\u00e9\u00a0\u00bb\u2026 L\u2019\u00e9motion de Camilo Castro \u00e0 son arriv\u00e9e en France"},"content":{"rendered":"<p><a href=\"https:\/\/www.20minutes.fr\/societe\/4185893-20251116-camilo-castro-francais-libere-nuit-apres-quatre-mois-detention-motif-venezuela\" target=\"_blank\" class=\"c-link c-link--is-underlined\" rel=\"noopener\">Camilo Castro<\/a> est de retour en France. D\u00e9tenu au Venezuela depuis juin, ce Fran\u00e7ais est rentr\u00e9 dimanche, au lendemain de sa lib\u00e9ration. Visiblement \u00e9mu et \u00e9prouv\u00e9, ce professeur de yoga de 41 ans a atterri dans l\u2019apr\u00e8s-midi \u00e0 l\u2019a\u00e9roport parisien d\u2019Orly.<\/p>\n<p>\u00ab\u00a0Vive la libert\u00e9, vive l\u2019\u00e9galit\u00e9 et vive la fraternit\u00e9. Puissent tous les \u00eatres sur cette terre vivre libre de toute souffrance\u00a0\u00bb, a-t-il d\u00e9clar\u00e9, des sanglots dans la voix, au c\u00f4t\u00e9 de sa famille et du chef de la diplomatie Jean-No\u00ebl Barrot venus l\u2019accueillir.<\/p>\n<p>Les accusations de Caracas rejet\u00e9es par Paris<\/p>\n<p>\u00ab\u00a0On ne peut pas se repr\u00e9senter (l\u2019\u00e9motion que cela repr\u00e9sente) par rapport \u00e0 toutes les joies qu\u2019on a dans la vie, toutes les bonnes surprises, tous les soulagements\u00a0\u00bb, avait r\u00e9agi plus t\u00f4t la m\u00e8re de Camilo Castro, H\u00e9l\u00e8ne Boursier. <a href=\"https:\/\/www.20minutes.fr\/monde\/4185879-20251116-venezuela-detenu-depuis-juin-francais-camilo-castro-libere\" target=\"_blank\" class=\"c-link c-link--is-underlined\" rel=\"noopener\">Sa lib\u00e9ration avait \u00e9t\u00e9 annonc\u00e9e au petit matin dimanche par Emmanuel Macron<\/a>.<\/p>\n<\/p>\n<p>Camilo Castro avait disparu le 26\u00a0juin au poste-fronti\u00e8re de Paraguachon, s\u00e9parant le Venezuela de la Colombie, o\u00f9 il r\u00e9side. Il s\u2019y \u00e9tait rendu pour renouveler son visa de s\u00e9jour colombien, selon sa famille, avant de dispara\u00eetre. Les autorit\u00e9s v\u00e9n\u00e9zu\u00e9liennes ont tard\u00e9 \u00e0 reconna\u00eetre qu\u2019elles le d\u00e9tenaient et n\u2019ont jamais communiqu\u00e9 le motif de son arrestation. Elles l\u2019accusaient d\u2019entr\u00e9e ill\u00e9gale sur le territoire, ont indiqu\u00e9 les autorit\u00e9s fran\u00e7aises, qui jugent cette accusation \u00ab\u00a0sans fondement\u00a0\u00bb.<\/p>\n<p>Selon son beau-p\u00e8re, Yves Guibert, \u00ab\u00a0il a \u00e9t\u00e9 arr\u00eat\u00e9 parce qu\u2019il \u00e9tait Fran\u00e7ais, essentiellement pour \u00e7a, et accus\u00e9 injustement d\u2019\u00eatre un agent de la CIA, ce qu\u2019il n\u2019\u00e9tait absolument pas\u00a0\u00bb. Ses conditions de d\u00e9tention ont \u00e9t\u00e9 \u00ab\u00a0extr\u00eamement difficiles\u00a0\u00bb, a-t-il ajout\u00e9, disant avoir \u00ab\u00a0une pens\u00e9e particuli\u00e8re pour tous les otages fran\u00e7ais qui sont enferm\u00e9s \u00e0 l\u2019\u00e9tranger\u00a0\u00bb.<\/p>\n<p>La France assure n\u2019avoir rien donn\u00e9 en \u00e9change<\/p>\n<p>Il n\u2019y a eu \u00ab\u00a0aucune contrepartie\u00a0\u00bb pour sa lib\u00e9ration, a pour sa part assur\u00e9 Jean-No\u00ebl Barrot. \u00ab\u00a0Je salue le geste des autorit\u00e9s v\u00e9n\u00e9zu\u00e9liennes. Je remercie tout particuli\u00e8rement mes homologues br\u00e9siliens et mexicains qui ont pass\u00e9 un certain nombre de messages en lien \u00e9troit avec moi\u00a0\u00bb, a-t-il ajout\u00e9.<\/p>\n<p>Ce succ\u00e8s pour la diplomatie fran\u00e7aise survient apr\u00e8s la sortie de prison, le 4\u00a0novembre, de C\u00e9cile Kohler et Jacques Paris, deux Fran\u00e7ais d\u00e9tenus en Iran depuis trois ans et d\u00e9sormais h\u00e9berg\u00e9s \u00e0 l\u2019ambassade de France \u00e0 Iran, et la gr\u00e2ce obtenue le 12\u00a0novembre par l\u2019Allemagne de <a href=\"https:\/\/www.20minutes.fr\/monde\/allemagne\/4185680-20251115-jouant-intermediaires-grace-boualem-sansal-allemagne-redore-blason-offre-stature\" target=\"_blank\" class=\"c-link c-link--is-underlined\" rel=\"noopener\">l\u2019\u00e9crivain franco-alg\u00e9rien Boualem Sansal<\/a>, incarc\u00e9r\u00e9 pendant un an par l\u2019Alg\u00e9rie et d\u00e9sormais soign\u00e9 en Allemagne.<\/p>\n<p><a href=\"https:\/\/www.20minutes.fr\/monde\/venezuela\/\" target=\"_blank\" class=\"c-link c-btn c-btn--primary\" rel=\"noopener\">Notre dossier sur le Venezuela<\/a><\/p>\n<p>Camilo Castro a par ailleurs indiqu\u00e9 \u00e0 ses proches vouloir que \u00ab\u00a0la lutte continue pour ses cod\u00e9tenus, parce qu\u2019il y a des personnes de toutes nationalit\u00e9s qui sont encore l\u00e0-bas\u00a0\u00bb, selon Thierry Galvez, coresponsable d\u2019Amnesty International Midi-Pyr\u00e9n\u00e9es o\u00f9 est install\u00e9 sa famille. \u00ab\u00a0Ce n\u2019est pas parce que pour nous \u00e7a se termine bien qu\u2019on va s\u2019arr\u00eater l\u00e0. On pense aux autres, on ne va pas les oublier\u00a0\u00bb, a martel\u00e9 sa m\u00e8re, militante de longue date de l\u2019ONG.<\/p>\n","protected":false},"excerpt":{"rendered":"Camilo Castro est de retour en France. D\u00e9tenu au Venezuela depuis juin, ce Fran\u00e7ais est rentr\u00e9 dimanche, au&hellip;\n","protected":false},"author":2,"featured_media":539562,"comment_status":"","ping_status":"","sticky":false,"template":"","format":"standard","meta":{"footnotes":""},"categories":[4],"tags":[47,11,312,1011,27,2121,12,806,25,104,337,133],"class_list":{"0":"post-539561","1":"post","2":"type-post","3":"status-publish","4":"format-standard","5":"has-post-thumbnail","7":"category-france","8":"tag-actualite","9":"tag-actualites","10":"tag-diplomatie","11":"tag-fr","12":"tag-france","13":"tag-jean-noel-barrot","14":"tag-news","15":"tag-prison","16":"tag-republique-francaise","17":"tag-societe","18":"tag-venezuela","19":"tag-video"},"share_on_mastodon":{"url":"https:\/\/pubeurope.com\/@fr\/115563398673309564","error":""},"_links":{"self":[{"href":"https:\/\/www.europesays.com\/fr\/wp-json\/wp\/v2\/posts\/539561","targetHints":{"allow":["GET"]}}],"collection":[{"href":"https:\/\/www.europesays.com\/fr\/wp-json\/wp\/v2\/posts"}],"about":[{"href":"https:\/\/www.europesays.com\/fr\/wp-json\/wp\/v2\/types\/post"}],"author":[{"embeddable":true,"href":"https:\/\/www.europesays.com\/fr\/wp-json\/wp\/v2\/users\/2"}],"replies":[{"embeddable":true,"href":"https:\/\/www.europesays.com\/fr\/wp-json\/wp\/v2\/comments?post=539561"}],"version-history":[{"count":0,"href":"https:\/\/www.europesays.com\/fr\/wp-json\/wp\/v2\/posts\/539561\/revisions"}],"wp:featuredmedia":[{"embeddable":true,"href":"https:\/\/www.europesays.com\/fr\/wp-json\/wp\/v2\/media\/539562"}],"wp:attachment":[{"href":"https:\/\/www.europesays.com\/fr\/wp-json\/wp\/v2\/media?parent=539561"}],"wp:term":[{"taxonomy":"category","embeddable":true,"href":"https:\/\/www.europesays.com\/fr\/wp-json\/wp\/v2\/categories?post=539561"},{"taxonomy":"post_tag","embeddable":true,"href":"https:\/\/www.europesays.com\/fr\/wp-json\/wp\/v2\/tags?post=539561"}],"curies":[{"name":"wp","href":"https:\/\/api.w.org\/{rel}","templated":true}]}}