{"id":53957,"date":"2025-04-26T08:42:11","date_gmt":"2025-04-26T08:42:11","guid":{"rendered":"https:\/\/www.europesays.com\/fr\/53957\/"},"modified":"2025-04-26T08:42:11","modified_gmt":"2025-04-26T08:42:11","slug":"face-a-la-morosite-ambiante-le-nord-senflamme-avec-fiesta-de-lille-3000","status":"publish","type":"post","link":"https:\/\/www.europesays.com\/fr\/53957\/","title":{"rendered":"Face \u00e0 la morosit\u00e9 ambiante, le Nord s&rsquo;enflamme avec \u00abFiesta\u00bb de Lille 3000"},"content":{"rendered":"<p>Depuis 2004, Lille accueille tous les trois ans une riche programmation de cr\u00e9ation artistique en tout genre avec Lille3000. En 2025, les artistes font la f\u00eate pour tenter de f\u00e9d\u00e9rer face \u00e0 un monde troubl\u00e9 par les tensions, les guerres et les maladies.<\/p>\n<p>\u00abFiesta\u00bb comme mot d\u2019ordre. Lille3000 veut que sa septi\u00e8me \u00e9dition soit un antidote face \u00e0 la morosit\u00e9 ambiante. Le but est de montrer que les Lillois savent faire la f\u00eate, mais savent aussi accueillir g\u00e9n\u00e9reusement les autres formes de f\u00eate du monde entier. \u00c9parpill\u00e9 dans de nombreux lieux de Lille, de sa m\u00e9tropole et du Nord, les festivit\u00e9s dureront de ce 26 avril jusqu\u2019au mois de novembre.<\/p>\n<p>Si le choix de ce th\u00e8me peut paraitre insouciant, il est profond\u00e9ment politique puisqu\u2019il propose de f\u00e9d\u00e9rer les millions de personnes attendues \u00e0 Lille durant ces mois de f\u00eates. C\u2019est une proposition de vivre ensemble gr\u00e2ce \u00e0 la f\u00eate et la joie et en remettant la culture au centre. L\u2019occasion de cr\u00e9er des moments de rencontres alors que les divisions et les tensions au sein m\u00eame de la soci\u00e9t\u00e9 s\u2019intensifient.<\/p>\n<p>\u00ab La f\u00eate a toujours \u00e9t\u00e9 compl\u00e8tement politique, subversive et li\u00e9e aux mouvements de soci\u00e9t\u00e9, ajoute Jean-Fran\u00e7ois Chougnet, directeur g\u00e9n\u00e9ral de Lille3000 au micro de <strong>Jos\u00e9 Marinho<\/strong>, du service culture. Nous l\u2019entendons dans le sens d\u2019un partage, d\u2019une convivialit\u00e9. Des mots qui peuvent para\u00eetre mi\u00e8vres, mais qui sont des besoins r\u00e9els de vie en collectivit\u00e9 dont on ressent tous le besoin quelque soit nos opinions et nos croyances. \u00bb<\/p>\n<p>Une parade pour d\u00e9marrer en fanfare<\/p>\n<p><a href=\"https:\/\/www.rfi.fr\/fr\/culture\/20250426-face-%C3%A0-la-morosit%C3%A9-ambiante-lille-s-enflamme-avec-fiesta-de-lille-3000\" rel=\"nofollow noopener\" target=\"_blank\" data-ylk=\"slk:Lire la suite sur RFI;elm:context_link;itc:0;sec:content-canvas\" class=\"link \">Lire la suite sur RFI<\/a><\/p>\n","protected":false},"excerpt":{"rendered":"Depuis 2004, Lille accueille tous les trois ans une riche programmation de cr\u00e9ation artistique en tout genre avec&hellip;\n","protected":false},"author":2,"featured_media":53958,"comment_status":"","ping_status":"","sticky":false,"template":"","format":"standard","meta":{"footnotes":""},"categories":[2815],"tags":[1111,11,14819,1777,674,1011,27,811,14820,1307,12,25],"class_list":{"0":"post-53957","1":"post","2":"type-post","3":"status-publish","4":"format-standard","5":"has-post-thumbnail","7":"category-lille","8":"tag-actu","9":"tag-actualites","10":"tag-creation-artistique","11":"tag-eu","12":"tag-europe","13":"tag-fr","14":"tag-france","15":"tag-hauts-de-france","16":"tag-la-fete","17":"tag-lille","18":"tag-news","19":"tag-republique-francaise"},"share_on_mastodon":{"url":"https:\/\/pubeurope.com\/@fr\/114403379953539666","error":""},"_links":{"self":[{"href":"https:\/\/www.europesays.com\/fr\/wp-json\/wp\/v2\/posts\/53957","targetHints":{"allow":["GET"]}}],"collection":[{"href":"https:\/\/www.europesays.com\/fr\/wp-json\/wp\/v2\/posts"}],"about":[{"href":"https:\/\/www.europesays.com\/fr\/wp-json\/wp\/v2\/types\/post"}],"author":[{"embeddable":true,"href":"https:\/\/www.europesays.com\/fr\/wp-json\/wp\/v2\/users\/2"}],"replies":[{"embeddable":true,"href":"https:\/\/www.europesays.com\/fr\/wp-json\/wp\/v2\/comments?post=53957"}],"version-history":[{"count":0,"href":"https:\/\/www.europesays.com\/fr\/wp-json\/wp\/v2\/posts\/53957\/revisions"}],"wp:featuredmedia":[{"embeddable":true,"href":"https:\/\/www.europesays.com\/fr\/wp-json\/wp\/v2\/media\/53958"}],"wp:attachment":[{"href":"https:\/\/www.europesays.com\/fr\/wp-json\/wp\/v2\/media?parent=53957"}],"wp:term":[{"taxonomy":"category","embeddable":true,"href":"https:\/\/www.europesays.com\/fr\/wp-json\/wp\/v2\/categories?post=53957"},{"taxonomy":"post_tag","embeddable":true,"href":"https:\/\/www.europesays.com\/fr\/wp-json\/wp\/v2\/tags?post=53957"}],"curies":[{"name":"wp","href":"https:\/\/api.w.org\/{rel}","templated":true}]}}