{"id":539586,"date":"2025-11-17T05:47:14","date_gmt":"2025-11-17T05:47:14","guid":{"rendered":"https:\/\/www.europesays.com\/fr\/539586\/"},"modified":"2025-11-17T05:47:14","modified_gmt":"2025-11-17T05:47:14","slug":"cest-le-jour-et-la-nuit-ce-qui-a-change-ou-pas-dans-les-rues-de-rennes-pendant-le-deuxieme-mandat-de-nathalie-appere","status":"publish","type":"post","link":"https:\/\/www.europesays.com\/fr\/539586\/","title":{"rendered":"\u00ab\u00a0C\u2019est le jour et la nuit\u00a0\u00bb\u00a0: ce qui a chang\u00e9 (ou pas) dans les rues de Rennes pendant le deuxi\u00e8me mandat de Nathalie App\u00e9r\u00e9"},"content":{"rendered":"<p>\u00c0 l\u2019ombre des maisons \u00e0 pans de bois les plus embl\u00e9matiques de Rennes, les clients haussent la voix pour se faire entendre face au flux ininterrompu de voitures et des bus &#8211; 600 par jour &#8211; qui sillonnent cet axe majeur entre le nord et le sud de la ville. Malgr\u00e9 son int\u00e9r\u00eat patrimonial, la place n\u2019est rien d\u2019autre qu\u2019un Frankenstein urbanistique entre parking, carrefour et arr\u00eat de bus. Un avatar de l\u2019urbanisme du si\u00e8cle dernier construit autour de la voiture que Nathalie App\u00e9r\u00e9, lors de son deuxi\u00e8me mandat, a voulu gommer de son centre-ville.<\/p>\n<p>Des places m\u00e9tamorphos\u00e9es<\/p>\n<p>\u00ab Nous r\u00e9noverons nos places \u00bb, promettait la maire sortante\u2026 Cinq ans plus tard, le Champ-Jacquet -comme les places de la Parcheminerie et Saint-Germain- est m\u00e9tamorphos\u00e9. Les pav\u00e9s ont \u00e9t\u00e9 chang\u00e9s, des bancs ont \u00e9t\u00e9 install\u00e9s, les places de parking supprim\u00e9es. \u00ab C\u2019est le jour et la nuit. \u00c7a change vraiment la vie. Depuis que c\u2019est termin\u00e9 on voit des gens, des familles avec des enfants venir ici en s\u00e9curit\u00e9 car il n\u2019y a plus de passage de voitures \u00bb, constate Guirec Foucault, pr\u00e9sident de l\u2019association de riverains.<\/p>\n<p>Promesse tenue serait-on tent\u00e9 de dire. Enfin presque. La place est toujours aussi min\u00e9rale, malgr\u00e9 les annonces de verdissement du centre-ville. Une dizaine d\u2019arbres devraient toutefois \u00eatre plant\u00e9s d\u2019ici la fin de l\u2019ann\u00e9e. Ils peineront \u00e0 cacher les faibles transformations men\u00e9es sur le centre durant ce mandat. Si les travaux de d\u00e9couverte de la Vilaine d\u00e9marrent, le palais du Commerce, lui, reste notamment \u00e0 quai.<\/p>\n<p>La densification se poursuit<\/p>\n<p>En revanche, dans les quartiers, la morphologie urbaine n\u2019a cess\u00e9 d\u2019\u00e9voluer, conform\u00e9ment \u00e0 l\u2019adage municipal : \u00ab La ville se reconstruit sur elle-m\u00eame. \u00bb La densification s\u2019est poursuivie. Des maisons anciennes ont continu\u00e9 \u00e0 \u00eatre d\u00e9molies pour y installer des immeubles d\u2019habitat collectif. Particuli\u00e8rement sur les \u00ab p\u00e9n\u00e9trantes \u00bb comme la rue de Ch\u00e2teaugiron. Une \u00e9volution n\u00e9cessaire, selon la Ville, pour pr\u00e9server son mod\u00e8le de cit\u00e9 \u00ab archipel \u00bb et sa ceinture verte.<\/p>\n<p>Alors que la s\u00e9curit\u00e9 est aujourd\u2019hui le caillou dans la chaussure de la majorit\u00e9, la densification a \u00e9t\u00e9 l\u2019\u00e9pouvantail du premier mandat d\u2019App\u00e9r\u00e9. Il faut dire que certaines art\u00e8res, comme la rue de l\u2019Alma, ont \u00e9t\u00e9, selon les points de vue \u00ab d\u00e9figur\u00e9s \u00bb ou \u00ab reconfigur\u00e9es \u00bb lors de la d\u00e9cennie 2010, provoquant la col\u00e8re de certains riverains.<\/p>\n<p>Aujourd\u2019hui, sur cet axe, presque toutes les maisons anciennes ont \u00e9t\u00e9 d\u00e9truites au profit d\u2019immeubles de quatre ou cinq \u00e9tages \u00ab qui se ressemblent tous \u00bb, ne cessent de d\u00e9plorer Les Amis du patrimoine rennais. Aux quatre coins de la ville, des collectifs d\u2019habitants -comme Nanssa oppos\u00e9 au si\u00e8ge de 17 \u00e9tages du promoteur Aiguillon-, se sont cr\u00e9\u00e9s pour protester contre la densification et les grandes hauteurs. Pour \u00e9viter d\u2019aller au clash, la Ville a mis en place, en juin 2021, sa promesse de charte de \u00ab Construction et citoyennet\u00e9 \u00bb. Celle-ci vise \u00e0 am\u00e9liorer la concertation avec les habitants, les promoteurs et la municipalit\u00e9 autour des projets urbains, notamment sur la grande hauteur. \u00ab Une vigilance particuli\u00e8re sera accord\u00e9e aux projets d\u2019immeubles de grande hauteur, pointait le programme commun de 2020. Des modifications du Plan local d\u2019urbanisme (\u2026) permettront de limiter les hauteurs maximales. \u00bb<\/p>\n<p>Hauteur rabot\u00e9e<\/p>\n<p>Tout un symbole. Avec l\u2019av\u00e8nement des grands projets -ligne B du m\u00e9tro, LGV, centre des congr\u00e8s\u2026- la skyline \u00e0 la rennaise \u00e9tait un marqueur de la m\u00e9tropolisation de Rennes dans les ann\u00e9es 2010. Des \u00ab phares \u00bb cens\u00e9s la faire rayonner, \u00e0 l\u2019image <a href=\"https:\/\/www.letelegramme.fr\/ille-et-vilaine\/rennes-35000\/a-rennes-la-future-tour-samsic-rabotee-de-30-metres-6557117.php\" target=\"_blank\" rel=\"noopener\">du projet de tour Samsic<\/a>, dans le quartier d\u2019affaires Eurorennes. Au contraire de Lille et sa tour \u00ab Cr\u00e9dit Lyonnais \u00bb, de Lyon et sa tour Part-Dieu ou encore de Nantes et sa tour Bretagne, Rennes manquait encore de gratte-ciels \u00ab signature \u00bb. La tour, initialement pr\u00e9vue pour flirter avec les 100 m, en fera finalement la moiti\u00e9. Pas de quoi entrer dans le Guinness book.<\/p>\n<p>Mais largement suffisant pour s\u2019int\u00e9grer aux c\u00f4t\u00e9s des nouvelles tours rennaises, qui ont fleuri au cours du mandat \u00e9coul\u00e9. Chromosome (2021), Dremwell (2022), Akoya (2023), Trilogy (2023) ou encore Odacit\u00e9s (2024)\u2026 Tous ces b\u00e2timents d\u00e9passent les cinquante m\u00e8tres, seuil de la grande hauteur pour les immeubles d\u2019habitation. La promesse d\u2019App\u00e9r\u00e9 et de ses alli\u00e9s a-t-elle \u00e9t\u00e9 balay\u00e9e ? Pas vraiment. Pour toutes ces tours, le permis de construire a \u00e9t\u00e9 d\u00e9pos\u00e9 avant 2020.<\/p>\n<p>Cela ne signifie pas que la maire a renonc\u00e9 \u00e0 toutes les op\u00e9rations de grande hauteur. En 2022, la Ville a ainsi donn\u00e9 son feu vert au permis de construire du programme Ecotones, dans le quartier de Maurepas. La plus haute des deux tours -48 m- ne d\u00e9passera toutefois pas le seuil des 50 m.<\/p>\n<p>L\u2019arbre de la grande hauteur ne doit cependant pas cacher la for\u00eat des 1 900 logements construits chaque ann\u00e9e \u00e0 Rennes. Pour ces derniers, la Ville se targue d\u2019avoir rabot\u00e9 certains projets, les faisant passer de sept \u00e0 cinq \u00e9tages. Un compromis pour r\u00e9pondre \u00e0 l\u2019aspirateur d\u00e9mographique rennais sans renoncer \u00e0 l\u2019attractivit\u00e9.<\/p>\n","protected":false},"excerpt":{"rendered":"\u00c0 l\u2019ombre des maisons \u00e0 pans de bois les plus embl\u00e9matiques de Rennes, les clients haussent la voix&hellip;\n","protected":false},"author":2,"featured_media":539587,"comment_status":"","ping_status":"","sticky":false,"template":"","format":"standard","meta":{"footnotes":""},"categories":[2821],"tags":[1111,11,829,1777,674,1011,27,848,12,584,25,10810],"class_list":{"0":"post-539586","1":"post","2":"type-post","3":"status-publish","4":"format-standard","5":"has-post-thumbnail","7":"category-rennes","8":"tag-actu","9":"tag-actualites","10":"tag-bretagne","11":"tag-eu","12":"tag-europe","13":"tag-fr","14":"tag-france","15":"tag-ille-et-vilaine","16":"tag-news","17":"tag-rennes","18":"tag-republique-francaise","19":"tag-urbanisme-a-rennes"},"share_on_mastodon":{"url":"https:\/\/pubeurope.com\/@fr\/115563465619839832","error":""},"_links":{"self":[{"href":"https:\/\/www.europesays.com\/fr\/wp-json\/wp\/v2\/posts\/539586","targetHints":{"allow":["GET"]}}],"collection":[{"href":"https:\/\/www.europesays.com\/fr\/wp-json\/wp\/v2\/posts"}],"about":[{"href":"https:\/\/www.europesays.com\/fr\/wp-json\/wp\/v2\/types\/post"}],"author":[{"embeddable":true,"href":"https:\/\/www.europesays.com\/fr\/wp-json\/wp\/v2\/users\/2"}],"replies":[{"embeddable":true,"href":"https:\/\/www.europesays.com\/fr\/wp-json\/wp\/v2\/comments?post=539586"}],"version-history":[{"count":0,"href":"https:\/\/www.europesays.com\/fr\/wp-json\/wp\/v2\/posts\/539586\/revisions"}],"wp:featuredmedia":[{"embeddable":true,"href":"https:\/\/www.europesays.com\/fr\/wp-json\/wp\/v2\/media\/539587"}],"wp:attachment":[{"href":"https:\/\/www.europesays.com\/fr\/wp-json\/wp\/v2\/media?parent=539586"}],"wp:term":[{"taxonomy":"category","embeddable":true,"href":"https:\/\/www.europesays.com\/fr\/wp-json\/wp\/v2\/categories?post=539586"},{"taxonomy":"post_tag","embeddable":true,"href":"https:\/\/www.europesays.com\/fr\/wp-json\/wp\/v2\/tags?post=539586"}],"curies":[{"name":"wp","href":"https:\/\/api.w.org\/{rel}","templated":true}]}}