{"id":539588,"date":"2025-11-17T05:48:18","date_gmt":"2025-11-17T05:48:18","guid":{"rendered":"https:\/\/www.europesays.com\/fr\/539588\/"},"modified":"2025-11-17T05:48:18","modified_gmt":"2025-11-17T05:48:18","slug":"toute-lactu-top-music-les-collectes-de-jouets-en-alsace","status":"publish","type":"post","link":"https:\/\/www.europesays.com\/fr\/539588\/","title":{"rendered":"Toute l&rsquo;actu Top Music &#8211; Les collectes de jouets en Alsace"},"content":{"rendered":"<p><img decoding=\"async\" class=\"\" style=\"width:100%\" src=\"https:\/\/www.europesays.com\/fr\/wp-content\/uploads\/2025\/11\/6377c0c16d56a_jouets1763114805928.webp.webp\" alt=\"Faites le tri et offrez des jouets\"\/><\/p>\n<p>Faites le tri et offrez des jouets<\/p>\n<p>Cr\u00e9dit : DR<\/p>\n<p><strong>\ud83c\udf81 Grande collecte solidaire avec ecosystem et Ecomaison<\/strong><\/p>\n<p>Au lieu de jeter, donnez vos vieux jouets. Une grande collecte solidaire est organis\u00e9e. Tous les dons seront confi\u00e9s \u00e0 des associations locales : CARIJOU &#8211; F\u00e9d\u00e9ration de Charit\u00e9 Caritas Alsace et Emma\u00fcs Haguenau. Les jouets, tri\u00e9s, nettoy\u00e9s et remis en \u00e9tat, seront ensuite offerts \u00e0 des enfants. Toutes les <a href=\"https:\/\/www.topmusic.fr\/lagrandecollectesolidairedesjouets.com\" rel=\"noopener\" target=\"_blank\">infos sont ici.<\/a> Vous pouvez donner vos jouets avant le 30 novembre.<\/p>\n<p><strong>\ud83c\udf1f Jouer pour un jouet \u00e0 Mulhouse<\/strong><\/p>\n<p>Le Conservatoire de Mulhouse renouvelle son rendez-vous solidaire : l&rsquo;op\u00e9ration \u00ab Jouer pour un jouet \u00bb les 5 et 6 d\u00e9cembre de 15h \u00e0 19h (le vendredi au Temple Saint-Etienne et le samedi au Conservatoire). Deux jours de musique ! Et pour y acc\u00e9der il faut ramener un jouet ou un livre neuf ou en tr\u00e8s bon \u00e9tat. Les dons sont recueillis par la Croix rouge, Caritas, le Secours populaire et les Restos du c\u0153ur.<\/p>\n<p><strong>\ud83c\udf32 Collecte de jouets \u00e0 Saverne<\/strong><\/p>\n<p>La Mission locale du Pays de Saverne Plaine et Plateau organise une collecte jusqu\u2019au mercredi 17 d\u00e9cembre, pour l\u2019association Carijou (chantier d\u2019insertion de Caritas Alsace). Les jouets doivent \u00eatre complets et en \u00e9tat de fonctionnement.\u00a0<\/p>\n<p><strong>\ud83e\uddf8 Avec Caritas \u00e0 Rosheim<\/strong><\/p>\n<p>Samedi 22 et dimanche 23 novembre, Caritas Rosheim s\u2019associe \u00e0 une collecte \u00e0 la salle des f\u00eates ou au complet du Vallon \u00e0 Griesheim (uniquement le samedi).<\/p>\n<p><strong>\ud83e\udde9 Sur le march\u00e9 de No\u00ebl d\u2019Oberbronn<\/strong><\/p>\n<p>Lors des <a href=\"https:\/\/www.topmusic.fr\/la-carte-des-noel-2025-en-alsace\" rel=\"noopener\" target=\"_blank\">festivit\u00e9s de No\u00ebl<\/a>, le samedi 22 novembre, une collecte de jouets en bon \u00e9tat est organis\u00e9 au profit de Caritas Alsace.\u00a0<\/p>\n<p><strong>\ud83c\udf81 A Sermersheim<\/strong><\/p>\n<p>L\u2019association locale Serm\u2019Animations propose une collecte jusqu\u2019au 5 d\u00e9cembre. Les dons seront remis \u00e0 l\u2019association 7even Alsace, association d\u2019aide \u00e0 l\u2019enfance.<\/p>\n<p><strong>\ud83c\udf1f Aux Compotes \u00e0 Strasbourg<\/strong><\/p>\n<p>Les Compotes recueillent vos jouets jusqu\u2019au 29 novembre. Les jouets et jeux seront remis \u00e0 l\u2019association locale Carijou <a href=\"https:\/\/www.topmusic.fr\/strasbourg-les-infos-sur-le-marche-de-noel-2025\" rel=\"noopener\" target=\"_blank\">Strasbourg<\/a>.<\/p>\n<p><strong>\ud83c\udf32 D\u2019autres collectes de jouets<\/strong><\/p>\n<p>Plusieurs enseignes organisent aussi des collectes de jouets comme des agences Century 21, Harley-Davidson Mulhouse \u00e0 Sausheim (pour une distribution le 21 d\u00e9cembre \u00e0 Altkirch),\u00a0<\/p>\n","protected":false},"excerpt":{"rendered":"Faites le tri et offrez des jouets Cr\u00e9dit : DR \ud83c\udf81 Grande collecte solidaire avec ecosystem et Ecomaison&hellip;\n","protected":false},"author":2,"featured_media":539589,"comment_status":"","ping_status":"","sticky":false,"template":"","format":"standard","meta":{"footnotes":""},"categories":[2820],"tags":[1111,11,2389,4733,65818,1719,1777,674,1011,27,775,1197,330,7105,6647,2089,12,15830,22818,25,640,65819],"class_list":{"0":"post-539588","1":"post","2":"type-post","3":"status-publish","4":"format-standard","5":"has-post-thumbnail","7":"category-strasbourg","8":"tag-actu","9":"tag-actualites","10":"tag-alsace","11":"tag-associations","12":"tag-collecte-de-jouets","13":"tag-enfants","14":"tag-eu","15":"tag-europe","16":"tag-fr","17":"tag-france","18":"tag-grand-est","19":"tag-jeu","20":"tag-jeux","21":"tag-jouet","22":"tag-jouets","23":"tag-marche","24":"tag-news","25":"tag-noel","26":"tag-offrir","27":"tag-republique-francaise","28":"tag-strasbourg","29":"tag-trier"},"share_on_mastodon":{"url":"https:\/\/pubeurope.com\/@fr\/115563470148101245","error":""},"_links":{"self":[{"href":"https:\/\/www.europesays.com\/fr\/wp-json\/wp\/v2\/posts\/539588","targetHints":{"allow":["GET"]}}],"collection":[{"href":"https:\/\/www.europesays.com\/fr\/wp-json\/wp\/v2\/posts"}],"about":[{"href":"https:\/\/www.europesays.com\/fr\/wp-json\/wp\/v2\/types\/post"}],"author":[{"embeddable":true,"href":"https:\/\/www.europesays.com\/fr\/wp-json\/wp\/v2\/users\/2"}],"replies":[{"embeddable":true,"href":"https:\/\/www.europesays.com\/fr\/wp-json\/wp\/v2\/comments?post=539588"}],"version-history":[{"count":0,"href":"https:\/\/www.europesays.com\/fr\/wp-json\/wp\/v2\/posts\/539588\/revisions"}],"wp:featuredmedia":[{"embeddable":true,"href":"https:\/\/www.europesays.com\/fr\/wp-json\/wp\/v2\/media\/539589"}],"wp:attachment":[{"href":"https:\/\/www.europesays.com\/fr\/wp-json\/wp\/v2\/media?parent=539588"}],"wp:term":[{"taxonomy":"category","embeddable":true,"href":"https:\/\/www.europesays.com\/fr\/wp-json\/wp\/v2\/categories?post=539588"},{"taxonomy":"post_tag","embeddable":true,"href":"https:\/\/www.europesays.com\/fr\/wp-json\/wp\/v2\/tags?post=539588"}],"curies":[{"name":"wp","href":"https:\/\/api.w.org\/{rel}","templated":true}]}}