{"id":539590,"date":"2025-11-17T05:49:13","date_gmt":"2025-11-17T05:49:13","guid":{"rendered":"https:\/\/www.europesays.com\/fr\/539590\/"},"modified":"2025-11-17T05:49:13","modified_gmt":"2025-11-17T05:49:13","slug":"ligue-1-le-racing-club-de-strasbourg-gere-t-il-bien-ses-retours-de-treve","status":"publish","type":"post","link":"https:\/\/www.europesays.com\/fr\/539590\/","title":{"rendered":"Ligue 1. Le Racing Club de Strasbourg g\u00e8re-t-il bien ses retours de tr\u00eave ?"},"content":{"rendered":"<p>Il a beau r\u00e9p\u00e9ter que tous les matches sont importants \u00e0 ses yeux et que c\u2019est \u00e0 la fin de saison que l\u2019on fait les comptes, <a href=\"https:\/\/www.dna.fr\/p\/liam-rosenior\" target=\"_blank\" rel=\"noopener\">Liam Rosenior<\/a> aura certainement du mal \u00e0 nier que le rendez-vous chez l\u2019autre Racing de Ligue\u00a01 ce samedi peut \u00eatre un vrai tournant de la saison.<\/p>\n<p>Quatri\u00e8mes avec trois points de retard sur les Lensois \u2013 et un goal-average l\u00e9g\u00e8rement d\u00e9favorable (-2) \u2013, les Strasbourgeois peuvent en effet r\u00e9aliser un bon coup en Artois, dans la foul\u00e9e de leur succ\u00e8s domestique contre Lille (2-0).<\/p>\n<p>C\u2019\u00e9tait juste avant la tr\u00eave internationale qui a mobilis\u00e9 douze d\u2019entre eux. C\u2019est un param\u00e8tre qui sera \u00e0 prendre&#8230;<\/p>\n","protected":false},"excerpt":{"rendered":"Il a beau r\u00e9p\u00e9ter que tous les matches sont importants \u00e0 ses yeux et que c\u2019est \u00e0 la&hellip;\n","protected":false},"author":2,"featured_media":539591,"comment_status":"","ping_status":"","sticky":false,"template":"","format":"standard","meta":{"footnotes":""},"categories":[2820],"tags":[1111,11,2649,2880,1777,674,107,63,1011,27,775,12,41281,25,517,640,2879],"class_list":{"0":"post-539590","1":"post","2":"type-post","3":"status-publish","4":"format-standard","5":"has-post-thumbnail","7":"category-strasbourg","8":"tag-actu","9":"tag-actualites","10":"tag-bas-rhin","11":"tag-edition-strasbourg","12":"tag-eu","13":"tag-europe","14":"tag-fil-info","15":"tag-football","16":"tag-fr","17":"tag-france","18":"tag-grand-est","19":"tag-news","20":"tag-racing-club-strasbourg-masculin","21":"tag-republique-francaise","22":"tag-sport","23":"tag-strasbourg","24":"tag-strasbourg-ville"},"share_on_mastodon":{"url":"https:\/\/pubeurope.com\/@fr\/115563473443579183","error":""},"_links":{"self":[{"href":"https:\/\/www.europesays.com\/fr\/wp-json\/wp\/v2\/posts\/539590","targetHints":{"allow":["GET"]}}],"collection":[{"href":"https:\/\/www.europesays.com\/fr\/wp-json\/wp\/v2\/posts"}],"about":[{"href":"https:\/\/www.europesays.com\/fr\/wp-json\/wp\/v2\/types\/post"}],"author":[{"embeddable":true,"href":"https:\/\/www.europesays.com\/fr\/wp-json\/wp\/v2\/users\/2"}],"replies":[{"embeddable":true,"href":"https:\/\/www.europesays.com\/fr\/wp-json\/wp\/v2\/comments?post=539590"}],"version-history":[{"count":0,"href":"https:\/\/www.europesays.com\/fr\/wp-json\/wp\/v2\/posts\/539590\/revisions"}],"wp:featuredmedia":[{"embeddable":true,"href":"https:\/\/www.europesays.com\/fr\/wp-json\/wp\/v2\/media\/539591"}],"wp:attachment":[{"href":"https:\/\/www.europesays.com\/fr\/wp-json\/wp\/v2\/media?parent=539590"}],"wp:term":[{"taxonomy":"category","embeddable":true,"href":"https:\/\/www.europesays.com\/fr\/wp-json\/wp\/v2\/categories?post=539590"},{"taxonomy":"post_tag","embeddable":true,"href":"https:\/\/www.europesays.com\/fr\/wp-json\/wp\/v2\/tags?post=539590"}],"curies":[{"name":"wp","href":"https:\/\/api.w.org\/{rel}","templated":true}]}}