{"id":539595,"date":"2025-11-17T05:52:14","date_gmt":"2025-11-17T05:52:14","guid":{"rendered":"https:\/\/www.europesays.com\/fr\/539595\/"},"modified":"2025-11-17T05:52:14","modified_gmt":"2025-11-17T05:52:14","slug":"orvault-les-cp-invites-a-planter-des-arbres-a-la-cressonniere","status":"publish","type":"post","link":"https:\/\/www.europesays.com\/fr\/539595\/","title":{"rendered":"Orvault. Les CP invit\u00e9s \u00e0 planter des arbres \u00e0 la Cressonni\u00e8re"},"content":{"rendered":"<p>La Ville organise la troisi\u00e8me et derni\u00e8re \u00e9dition des plantations du Petit bois de la Cressonni\u00e8re, samedi matin.<\/p>\n<p>Tous les \u00e9l\u00e8ves de CP de la commune sont invit\u00e9s \u00e0 finaliser la transformation de cet ancien terrain de sport, aux c\u00f4t\u00e9s des services municipaux. Familles et habitants sont les bienvenus pour mettre les mains dans la terre. Au programme\u00a0: plantations d\u2019arbres comme le ch\u00e2taignier, le ch\u00eane commun, le h\u00eatre, le merisier (aussi appel\u00e9 cerisier sauvage) ou encore le cormier, et de plantes et d\u2019arbustes tels que le noisetier, le houx commun, le fragon, l\u2019aub\u00e9pine ou encore la bourdaine. L\u2019ensemble des v\u00e9g\u00e9taux plant\u00e9s proviennent des P\u00e9pini\u00e8res du Val D\u2019Erdre, situ\u00e9es \u00e0 Saint-Mars-du-D\u00e9sert, \u00e0 quelques kilom\u00e8tres de Carquefou. Pour ne pas perdre la main (verte), des crayons ensemenc\u00e9s \u00e0 planter chez soi seront offerts aux enfants \u00e0 l\u2019issue de la matin\u00e9e.<\/p>\n<p>Samedi 22\u00a0novembre, de 10\u00a0h \u00e0 12\u00a0h, au 22, avenue du Petit-Moulin. Pr\u00e9voir des gants, des chaussures et une tenue adapt\u00e9e et, si possible, une pelle.<\/p>\n<p>\u00a0<\/p>\n","protected":false},"excerpt":{"rendered":"La Ville organise la troisi\u00e8me et derni\u00e8re \u00e9dition des plantations du Petit bois de la Cressonni\u00e8re, samedi matin.&hellip;\n","protected":false},"author":2,"featured_media":539596,"comment_status":"","ping_status":"","sticky":false,"template":"","format":"standard","meta":{"footnotes":""},"categories":[2818],"tags":[1111,11,3570,65820,65821,1777,674,1011,27,12363,766,12,4151,2636,55,25,3272],"class_list":{"0":"post-539595","1":"post","2":"type-post","3":"status-publish","4":"format-standard","5":"has-post-thumbnail","7":"category-nantes","8":"tag-actu","9":"tag-actualites","10":"tag-arbres","11":"tag-cp","12":"tag-cressonniere","13":"tag-eu","14":"tag-europe","15":"tag-fr","16":"tag-france","17":"tag-invites","18":"tag-nantes","19":"tag-news","20":"tag-orvault","21":"tag-pays-de-la-loire","22":"tag-planter","23":"tag-republique-francaise","24":"tag-saint-nazaire"},"share_on_mastodon":{"url":"https:\/\/pubeurope.com\/@fr\/115563486028128572","error":""},"_links":{"self":[{"href":"https:\/\/www.europesays.com\/fr\/wp-json\/wp\/v2\/posts\/539595","targetHints":{"allow":["GET"]}}],"collection":[{"href":"https:\/\/www.europesays.com\/fr\/wp-json\/wp\/v2\/posts"}],"about":[{"href":"https:\/\/www.europesays.com\/fr\/wp-json\/wp\/v2\/types\/post"}],"author":[{"embeddable":true,"href":"https:\/\/www.europesays.com\/fr\/wp-json\/wp\/v2\/users\/2"}],"replies":[{"embeddable":true,"href":"https:\/\/www.europesays.com\/fr\/wp-json\/wp\/v2\/comments?post=539595"}],"version-history":[{"count":0,"href":"https:\/\/www.europesays.com\/fr\/wp-json\/wp\/v2\/posts\/539595\/revisions"}],"wp:featuredmedia":[{"embeddable":true,"href":"https:\/\/www.europesays.com\/fr\/wp-json\/wp\/v2\/media\/539596"}],"wp:attachment":[{"href":"https:\/\/www.europesays.com\/fr\/wp-json\/wp\/v2\/media?parent=539595"}],"wp:term":[{"taxonomy":"category","embeddable":true,"href":"https:\/\/www.europesays.com\/fr\/wp-json\/wp\/v2\/categories?post=539595"},{"taxonomy":"post_tag","embeddable":true,"href":"https:\/\/www.europesays.com\/fr\/wp-json\/wp\/v2\/tags?post=539595"}],"curies":[{"name":"wp","href":"https:\/\/api.w.org\/{rel}","templated":true}]}}