{"id":539598,"date":"2025-11-17T05:54:21","date_gmt":"2025-11-17T05:54:21","guid":{"rendered":"https:\/\/www.europesays.com\/fr\/539598\/"},"modified":"2025-11-17T05:54:21","modified_gmt":"2025-11-17T05:54:21","slug":"hebergement-architecture-ces-domaines-bordelais-recompenses-pour-leurs-offres-oenotouristiques","status":"publish","type":"post","link":"https:\/\/www.europesays.com\/fr\/539598\/","title":{"rendered":"H\u00e9bergement, architecture&#8230; Ces domaines bordelais r\u00e9compens\u00e9s pour leurs offres \u0153notouristiques"},"content":{"rendered":"<p>\n    R\u00e9unies \u00e0 Bordeaux pour la 25e \u00e9dition de leur conf\u00e9rence annuelle, les capitales des grands vignobles du monde ont d\u00e9cern\u00e9 leurs palmes d\u2019or des meilleures initiatives \u0153notouristiques.<\/p>\n<p class=\"fig-paragraph\">En ces temps moroses pour la fili\u00e8re viticole, partager les exp\u00e9riences et c\u00e9l\u00e9brer la beaut\u00e9 et les succ\u00e8s est n\u00e9cessaire. C\u2019est un peu l\u2019id\u00e9e de la r\u00e9union annuelle des Great Wine Capitals, ces 11 grandes villes et r\u00e9gions viticoles de l\u2019ancien monde \u2013\u00a0<a href=\"https:\/\/avis-vin.lefigaro.fr\/connaitre-deguster\/tout-savoir-sur-le-vin\/guide-des-regions-et-des-appellations\/bordeaux\" target=\"_blank\" rel=\"sponsored noopener\" data-gtm-custom-categorie=\"navigation\" data-gtm-custom-action=\"crossclick\" data-gtm-custom-label=\"Contextuel\" data-gtm-event=\"customEventSPE\">Bordeaux<\/a>, Bilbao-Rioja, Lausanne, Mainz-Vall\u00e9e du Rhin, Porto, V\u00e9rone \u2013 et du Nouveau Monde \u2013 Adela\u00efde en Australie, Hawke\u2019s Bay en Nouvelle-Z\u00e9lande, Mendoza en Argentine, Valparaiso au Chili, San Francisco et la Nappa Valley \u2013 qui affichent la beaut\u00e9 de leurs vignobles embl\u00e9matiques et qui, chaque ann\u00e9e, r\u00e9compensent le meilleur de l\u2019\u0153notourisme.<\/p>\n<p class=\"fig-paragraph\">Bordeaux, o\u00f9 est n\u00e9 le r\u00e9seau en 1999, accueillait du 2 au 6 novembre la 25e \u00e9dition d\u2019une conf\u00e9rence baptis\u00e9e Genesis\u00a0: une semaine intense, plac\u00e9e sous le signe des 5 sens, qui a permis aux quelque 300 participants d\u2019arpenter les chais et ch\u00e2teaux du Bordelais et du\u00a0<a href=\"https:\/\/avis-vin.lefigaro.fr\/connaitre-deguster\/tout-savoir-sur-le-vin\/guide-des-regions-et-des-appellations\/armagnac-et-cognac\/cognac\" target=\"_blank\" rel=\"sponsored noopener\" data-gtm-custom-categorie=\"navigation\" data-gtm-custom-action=\"crossclick\" data-gtm-custom-label=\"Contextuel\" data-gtm-event=\"customEventSPE\">Cogna\u00e7ais<\/a>, de nouer des partenariats et d\u2019\u00e9changer sur les d\u00e9fis et opportunit\u00e9s du secteur viticole. Avec en cl\u00f4ture la traditionnelle c\u00e9r\u00e9monie de remise des Best of Wine Tourism Awards.<\/p>\n<p>                                    <a class=\"fig-a11y-skip a11y-hidden\" href=\"#fig-a11y-skip-main-inarticle\"><br \/>\n        Passer la publicit\u00e9<br \/>\n    <\/a><\/p>\n<p>Voyage gustatif<\/p>\n<p class=\"fig-paragraph\">R\u00e9partis en 8 grandes cat\u00e9gories, les prix r\u00e9gionaux ont distingu\u00e9, sur un territoire allant du B\u00e9arn \u00e0 Cognac en passant par la Gironde, 20 nomm\u00e9s au titre des Best of Wine Tourism 2026 parmi lesquels 9 laur\u00e9ats \u00abOr\u00bb. Dans la cat\u00e9gorie Architecture &amp; Paysages, c\u2019est le\u00a0<a href=\"https:\/\/avis-vin.lefigaro.fr\/vins-champagne\/bordeaux\/medoc\/d12717-chateau-grand-puy-ducasse\" target=\"_blank\" rel=\"sponsored noopener\" data-gtm-custom-categorie=\"navigation\" data-gtm-custom-action=\"crossclick\" data-gtm-custom-label=\"Contextuel\" data-gtm-event=\"customEventSPE\">Ch\u00e2teau Grand Puy Ducasse<\/a>, 5e Grand Cru class\u00e9 en 1855 \u00e0 Pauillac, qui a d\u00e9croch\u00e9 l\u2019or, devan\u00e7ant le\u00a0<a href=\"https:\/\/avis-vin.lefigaro.fr\/vins-champagne\/bordeaux\/graves\/d12478-chateau-haut-bailly\" target=\"_blank\" rel=\"sponsored noopener\" data-gtm-custom-categorie=\"navigation\" data-gtm-custom-action=\"crossclick\" data-gtm-custom-label=\"Contextuel\" data-gtm-event=\"customEventSPE\">Ch\u00e2teau Haut-Bailly<\/a>\u00a0et son impressionnant chai circulaire en\u00a0<a href=\"https:\/\/avis-vin.lefigaro.fr\/connaitre-deguster\/tout-savoir-sur-le-vin\/guide-des-regions-et-des-appellations\/bordeaux\/graves\/appellation-pessac-leognan\" target=\"_blank\" rel=\"sponsored noopener\" data-gtm-custom-categorie=\"navigation\" data-gtm-custom-action=\"crossclick\" data-gtm-custom-label=\"Contextuel\" data-gtm-event=\"customEventSPE\">Pessac-L\u00e9ognan<\/a>\u00a0et le\u00a0<a href=\"https:\/\/avis-vin.lefigaro.fr\/vins-champagne\/bordeaux\/d132394-chateau-plain-point\" target=\"_blank\" rel=\"sponsored noopener\" data-gtm-custom-categorie=\"navigation\" data-gtm-custom-action=\"crossclick\" data-gtm-custom-label=\"Contextuel\" data-gtm-event=\"customEventSPE\">Ch\u00e2teau Plain Point<\/a>\u00a0qui vient de terminer sa r\u00e9novation grandiose sur les coteaux du\u00a0<a href=\"https:\/\/avis-vin.lefigaro.fr\/connaitre-deguster\/tout-savoir-sur-le-vin\/guide-des-regions-et-des-appellations\/bordeaux\/rive-droite\/appellation-fronsac\" target=\"_blank\" rel=\"sponsored noopener\" data-gtm-custom-categorie=\"navigation\" data-gtm-custom-action=\"crossclick\" data-gtm-custom-label=\"Contextuel\" data-gtm-event=\"customEventSPE\">Fronsadais<\/a>.<\/p>\n<p class=\"fig-paragraph\">Longtemps clos aux visiteurs, Grand Puy Ducasse a r\u00e9cemment finalis\u00e9 son grand projet \u00abRenaissance\u00bb et inaugur\u00e9 un cuvier gravitaire et suspendu, de nouveaux chais de vieillissement et un parcours \u0153notouristique sur les quais\u00a0<a href=\"https:\/\/avis-vin.lefigaro.fr\/connaitre-deguster\/tout-savoir-sur-le-vin\/guide-des-regions-et-des-appellations\/bordeaux\/medoc\/appellation-pauillac\" target=\"_blank\" rel=\"sponsored noopener\" data-gtm-custom-categorie=\"navigation\" data-gtm-custom-action=\"crossclick\" data-gtm-custom-label=\"Contextuel\" data-gtm-event=\"customEventSPE\">pauillacais<\/a>. Le troph\u00e9e Or en \u00abArt &amp; Culture\u00bb revient \u00e0 l\u2019exp\u00e9rience \u00abDestination Tonnellerie\u00bb de la Maison Hennessy qui permet de plonger dans les secrets de la fabrication d\u2019un f\u00fbt, une expertise historique qui inscrit le leader de la production de Cognac parmi les \u00abEntreprises du Patrimoine Vivant\u00bb. Le Clo\u00eetre des Cordeliers de\u00a0<a href=\"https:\/\/avis-vin.lefigaro.fr\/connaitre-deguster\/tout-savoir-sur-le-vin\/guide-des-regions-et-des-appellations\/bordeaux\/rive-droite\/appellation-saint-emilion\" target=\"_blank\" rel=\"sponsored noopener\" data-gtm-custom-categorie=\"navigation\" data-gtm-custom-action=\"crossclick\" data-gtm-custom-label=\"Contextuel\" data-gtm-event=\"customEventSPE\">Saint-\u00c9milion<\/a>\u00a0et le\u00a0<a href=\"https:\/\/avis-vin.lefigaro.fr\/vins-champagne\/bordeaux\/d11235-chateau-thieuley\" target=\"_blank\" rel=\"sponsored noopener\" data-gtm-custom-categorie=\"navigation\" data-gtm-custom-action=\"crossclick\" data-gtm-custom-label=\"Contextuel\" data-gtm-event=\"customEventSPE\">Ch\u00e2teau Thieuley<\/a>\u00a0dans l\u2019<a href=\"https:\/\/avis-vin.lefigaro.fr\/connaitre-deguster\/tout-savoir-sur-le-vin\/guide-des-regions-et-des-appellations\/bordeaux\/entre-deux-mers\/appellation-entre-deux-mers\" target=\"_blank\" rel=\"sponsored noopener\" data-gtm-custom-categorie=\"navigation\" data-gtm-custom-action=\"crossclick\" data-gtm-custom-label=\"Contextuel\" data-gtm-event=\"customEventSPE\">Entre-Deux-Mers<\/a>\u00a0concourraient aussi dans cette cat\u00e9gorie. Cognac toujours mais avec la\u00a0<a href=\"https:\/\/avis-vin.lefigaro.fr\/spiritueux\/cesar-giron-pdg-du-cognac-martell-notre-metier-est-aussi-de-vendre-du-temps-le-vrai-marqueur-du-luxe-20241111\" target=\"_blank\" data-fig-type=\"Article\" rel=\"sponsored noopener\" data-gtm-custom-categorie=\"navigation\" data-gtm-custom-action=\"crossclick\" data-gtm-custom-label=\"Contextuel\" data-gtm-event=\"customEventSPE\" data-fig-domain=\"AVIS_VIN\">Maison Martell<\/a>\u00a0r\u00e9compens\u00e9e dans la cat\u00e9gorie Exp\u00e9riences culinaires pour le d\u00eener mets et Cognac sign\u00e9 du chef triplement \u00e9toil\u00e9 Alexandre Mazzia et le rooftop estival Indigo avec vue sur la Charente. Ex aequo pour un double Or in\u00e9dit, le menu Quatre couleurs du\u00a0<a href=\"https:\/\/avis-vin.lefigaro.fr\/vins-champagne\/bordeaux\/rive-droite\/d23478-chateau-de-ferrand\" target=\"_blank\" rel=\"sponsored noopener\" data-gtm-custom-categorie=\"navigation\" data-gtm-custom-action=\"crossclick\" data-gtm-custom-label=\"Contextuel\" data-gtm-event=\"customEventSPE\">Ch\u00e2teau de Ferrand<\/a>\u00a0\u00e0 Saint-\u00c9milion propose un voyage gustatif et artistique au fil de 4 mill\u00e9simes et de 4 \u0153uvres de la Collection Bic, rassembl\u00e9e par la famille Bich propri\u00e9taire du domaine.<\/p>\n<p class=\"fig-body-link\">\n            \u00c0 lire aussi<br \/>\n        <a class=\"fig-body-link__link\" href=\"http:\/\/avis-vin.lefigaro.fr\/economie-du-vin\/l-oenotourisme-francais-genere-un-chiffre-d-affaires-de-7-milliards-d-euros-par-an-selon-une-etude-20250708\" target=\"_blank\" data-fig-type=\"NewsFlash\" rel=\"noopener\" data-gtm-custom-categorie=\"navigation\" data-gtm-custom-action=\"crossclick\" data-gtm-custom-label=\"Contextuel\" data-gtm-event=\"customEventSPE\" data-fig-domain=\"AVIS_VIN\"><\/p>\n<p>        L\u2019\u0153notourisme fran\u00e7ais g\u00e9n\u00e8re un chiffre d\u2019affaires de 7 milliards d\u2019euros par an, selon une \u00e9tude<br \/>\n    <\/a>\n<\/p>\n<p class=\"fig-paragraph\">On reste \u00e0 Saint-\u00c9milion pour l\u2019Or de la cat\u00e9gorie H\u00e9bergement d\u00e9cern\u00e9 au\u00a0<a href=\"https:\/\/avis-vin.lefigaro.fr\/vins-champagne\/bordeaux\/rive-droite\/d12045-chateau-soutard\" target=\"_blank\" rel=\"sponsored noopener\" data-gtm-custom-categorie=\"navigation\" data-gtm-custom-action=\"crossclick\" data-gtm-custom-label=\"Contextuel\" data-gtm-event=\"customEventSPE\">Ch\u00e2teau Soutard\u00a0<\/a>dont les trois chambres ouvertes dans la demeure XVIIIe invitent \u00e0 la vie de ch\u00e2telain. Un Best of Wine Tourism r\u00e9compense aussi les initiatives en termes de d\u00e9veloppement durable, avec trois nomin\u00e9s cette ann\u00e9e, les Ateliers au Ch\u00e2teau qui proposent des d\u00e9gustations et balades \u00e0 pied et \u00e0 v\u00e9lo, le Ch\u00e2teau Carsin pour son potager et le grand gagnant, les Vignobles de Larose. Dans le\u00a0<a href=\"https:\/\/avis-vin.lefigaro.fr\/connaitre-deguster\/tout-savoir-sur-le-vin\/guide-des-regions-et-des-appellations\/bordeaux\/medoc\/appellation-medoc\" target=\"_blank\" rel=\"sponsored noopener\" data-gtm-custom-categorie=\"navigation\" data-gtm-custom-action=\"crossclick\" data-gtm-custom-label=\"Contextuel\" data-gtm-event=\"customEventSPE\">M\u00e9doc<\/a>, ce domaine fut le premier fran\u00e7ais certifi\u00e9 Iso 9001 et a lanc\u00e9 un parcours d\u00e9di\u00e9 \u00e0 l\u2019\u0153notourisme durable. Dans la cat\u00e9gorie Services \u0153notouristiques, Rustic Wines a d\u00e9croch\u00e9 l\u2019or pour ses balades en VTT \u00e9lectriques sur la rive droite\u00a0: une d\u00e9couverte des trois appellations Saint-\u00c9milion,\u00a0<a href=\"https:\/\/avis-vin.lefigaro.fr\/connaitre-deguster\/tout-savoir-sur-le-vin\/guide-des-regions-et-des-appellations\/bordeaux\/rive-droite\/appellation-montagne-saint-emilion\" target=\"_blank\" rel=\"sponsored noopener\" data-gtm-custom-categorie=\"navigation\" data-gtm-custom-action=\"crossclick\" data-gtm-custom-label=\"Contextuel\" data-gtm-event=\"customEventSPE\">Montagne Saint-\u00c9milion<\/a>\u00a0et\u00a0<a href=\"https:\/\/avis-vin.lefigaro.fr\/connaitre-deguster\/tout-savoir-sur-le-vin\/guide-des-regions-et-des-appellations\/bordeaux\/rive-droite\/appellation-pomerol\" target=\"_blank\" rel=\"sponsored noopener\" data-gtm-custom-categorie=\"navigation\" data-gtm-custom-action=\"crossclick\" data-gtm-custom-label=\"Contextuel\" data-gtm-event=\"customEventSPE\">Pomerol<\/a>\u00a0version d\u00e9contraction et pleine nature.<\/p>\n<p>Vin et musique<\/p>\n<p class=\"fig-paragraph\">Enfin, la Maison Cardinale a re\u00e7u le troph\u00e9e Or de la cat\u00e9gorie \u00abD\u00e9couverte et Innovation\u00bb pour son exp\u00e9rience multisensorielle \u00abLa M\u00e9lodique\u00bb qui propose un dialogue vin et musique. Lanc\u00e9e par la seconde g\u00e9n\u00e9ration de propri\u00e9taires, passionn\u00e9s de rock, cette d\u00e9gustation en rythme associe 4 mill\u00e9simes \u00e0 4 chansons et albums, une fa\u00e7on insolite de bousculer les codes et d\u2019attirer d\u2019autres visiteurs. Le coup de c\u0153ur du jury a \u00e9t\u00e9 attribu\u00e9 au\u00a0<a href=\"https:\/\/avis-vin.lefigaro.fr\/vins-champagne\/bordeaux\/medoc\/d29764-chateau-larrivaux\" target=\"_blank\" rel=\"sponsored noopener\" data-gtm-custom-categorie=\"navigation\" data-gtm-custom-action=\"crossclick\" data-gtm-custom-label=\"Contextuel\" data-gtm-event=\"customEventSPE\">Ch\u00e2teau Larrivaux<\/a>\u00a0qui raconte son Histoire de propri\u00e9t\u00e9 familiale transmise de m\u00e8re en fille \u00e0 travers une visite \u00abAux racines de Larrivaux\u00bb pour une immersion entre cueillette au potager, visite du chai et d\u00e9jeuner sous les tilleuls ou pr\u00e8s de la chemin\u00e9e. Authentique et intimiste\u00a0! Les laur\u00e9ats Or de chaque cat\u00e9gorie concourent ensuite pour un Best of Wine Tourism Global d\u00e9cern\u00e9 par pays. Pour la r\u00e9gion de Bordeaux, la Maison Cardinale a rafl\u00e9 la double cons\u00e9cration avec l\u2019\u00e9motion d\u2019un nouveau venu dans le monde du vin, la famille Decoster ayant \u0153uvr\u00e9 dans la porcelaine \u00e0 Limoges avant l\u2019acquisition des\u00a0<a href=\"https:\/\/avis-vin.lefigaro.fr\/vins-champagne\/bordeaux\/rive-droite\/d15015-chateau-fleur-cardinale\" target=\"_blank\" rel=\"sponsored noopener\" data-gtm-custom-categorie=\"navigation\" data-gtm-custom-action=\"crossclick\" data-gtm-custom-label=\"Contextuel\" data-gtm-event=\"customEventSPE\">Ch\u00e2teaux Fleur Cardinale<\/a>\u00a0et\u00a0<a href=\"https:\/\/avis-vin.lefigaro.fr\/vins-champagne\/bordeaux\/d201626-chateau-croix-cardinale\" target=\"_blank\" rel=\"sponsored noopener\" data-gtm-custom-categorie=\"navigation\" data-gtm-custom-action=\"crossclick\" data-gtm-custom-label=\"Contextuel\" data-gtm-event=\"customEventSPE\">Croix Cardinale<\/a>\u00a0en 2001.<\/p>\n<p class=\"fig-paragraph\">Ailleurs, les Global Winners sont les Rambaldi Apartments \u00e0 V\u00e9rone, Bodegas Faustino pour Bilbao-Rioja, Le Domaine du Mont d\u2019Or \u00e0 Lausanne, Ventozela Hotel &amp; Quinta dans le Douro, le V\u00f6lker Restaurant dans la vall\u00e9e du Rhein. C\u00f4t\u00e9 Nouveau Monde, les Global Awards ont \u00e9t\u00e9 attribu\u00e9s \u00e0 Dona Paula Winery \u00e0 Mendoza, aux restaurants Botanico de la Vinas Casas del Bosque dans la Casablanca Vall\u00e9e chilienne et Maxwell Wines en Australie du sud, et \u00e0 Church Road en Nouvelle-Z\u00e9lande.<\/p>\n","protected":false},"excerpt":{"rendered":"R\u00e9unies \u00e0 Bordeaux pour la 25e \u00e9dition de leur conf\u00e9rence annuelle, les capitales des grands vignobles du monde&hellip;\n","protected":false},"author":2,"featured_media":539599,"comment_status":"","ping_status":"","sticky":false,"template":"","format":"standard","meta":{"footnotes":""},"categories":[2817],"tags":[1111,11,1997,1777,674,1011,27,12,2219,25,602],"class_list":{"0":"post-539598","1":"post","2":"type-post","3":"status-publish","4":"format-standard","5":"has-post-thumbnail","7":"category-bordeaux","8":"tag-actu","9":"tag-actualites","10":"tag-bordeaux","11":"tag-eu","12":"tag-europe","13":"tag-fr","14":"tag-france","15":"tag-news","16":"tag-nouvelle-aquitaine","17":"tag-republique-francaise","18":"tag-tourisme"},"share_on_mastodon":{"url":"https:\/\/pubeurope.com\/@fr\/115563492982468107","error":""},"_links":{"self":[{"href":"https:\/\/www.europesays.com\/fr\/wp-json\/wp\/v2\/posts\/539598","targetHints":{"allow":["GET"]}}],"collection":[{"href":"https:\/\/www.europesays.com\/fr\/wp-json\/wp\/v2\/posts"}],"about":[{"href":"https:\/\/www.europesays.com\/fr\/wp-json\/wp\/v2\/types\/post"}],"author":[{"embeddable":true,"href":"https:\/\/www.europesays.com\/fr\/wp-json\/wp\/v2\/users\/2"}],"replies":[{"embeddable":true,"href":"https:\/\/www.europesays.com\/fr\/wp-json\/wp\/v2\/comments?post=539598"}],"version-history":[{"count":0,"href":"https:\/\/www.europesays.com\/fr\/wp-json\/wp\/v2\/posts\/539598\/revisions"}],"wp:featuredmedia":[{"embeddable":true,"href":"https:\/\/www.europesays.com\/fr\/wp-json\/wp\/v2\/media\/539599"}],"wp:attachment":[{"href":"https:\/\/www.europesays.com\/fr\/wp-json\/wp\/v2\/media?parent=539598"}],"wp:term":[{"taxonomy":"category","embeddable":true,"href":"https:\/\/www.europesays.com\/fr\/wp-json\/wp\/v2\/categories?post=539598"},{"taxonomy":"post_tag","embeddable":true,"href":"https:\/\/www.europesays.com\/fr\/wp-json\/wp\/v2\/tags?post=539598"}],"curies":[{"name":"wp","href":"https:\/\/api.w.org\/{rel}","templated":true}]}}