{"id":53962,"date":"2025-04-26T08:45:12","date_gmt":"2025-04-26T08:45:12","guid":{"rendered":"https:\/\/www.europesays.com\/fr\/53962\/"},"modified":"2025-04-26T08:45:12","modified_gmt":"2025-04-26T08:45:12","slug":"un-homme-a-trottinette-termine-sous-un-camion-stupeur-a-venissieux","status":"publish","type":"post","link":"https:\/\/www.europesays.com\/fr\/53962\/","title":{"rendered":"un homme \u00e0 trottinette termine sous un camion, stupeur \u00e0 V\u00e9nissieux"},"content":{"rendered":"<p>Pr\u00e8s de Lyon : un homme \u00e0 trottinette termine sous un camion, stupeur \u00e0 V\u00e9nissieux &#8211; DR<\/p>\n<p itemprop=\"description\"><strong>Ce vendredi soir, un grave accident de la circulation a eu lieu \u00e0 V\u00e9nissieux.<\/strong><\/p>\n<p>Il \u00e9tait environ 19h lorsqu&rsquo;un homme circulant \u00e0 trottinette sur l&rsquo;avenue Jacques Duclos a \u00e9t\u00e9 percut\u00e9 par un camion puis happ\u00e9 sous le poids-lourd.<\/p>\n<p>Prise en charge par les secours, la victime \u00e2g\u00e9e d&rsquo;une cinquantaine d&rsquo;ann\u00e9es a \u00e9t\u00e9 gri\u00e8vement bless\u00e9e. Elle a ensuite \u00e9t\u00e9 transport\u00e9e \u00e0 l&rsquo;h\u00f4pital dans un \u00e9tat d&rsquo;urgence absolue.<\/p>\n<p>Une enqu\u00eate a \u00e9t\u00e9 ouverte pour d\u00e9terminer les circonstances exactes de ce drame survenu devant de nombreux jeunes du secteur proche de l&rsquo;H\u00f4tel de Ville v\u00e9nissian.<\/p>\n","protected":false},"excerpt":{"rendered":"Pr\u00e8s de Lyon : un homme \u00e0 trottinette termine sous un camion, stupeur \u00e0 V\u00e9nissieux &#8211; DR Ce&hellip;\n","protected":false},"author":2,"featured_media":53963,"comment_status":"","ping_status":"","sticky":false,"template":"","format":"standard","meta":{"footnotes":""},"categories":[1889],"tags":[1111,11,2813,2190,2430,1109,251,1112,2811,1777,674,118,1011,27,1922,1110,1114,2428,2810,12,241,316,25,2812,517,800],"class_list":{"0":"post-53962","1":"post","2":"type-post","3":"status-publish","4":"format-standard","5":"has-post-thumbnail","7":"category-lyon","8":"tag-actu","9":"tag-actualites","10":"tag-article","11":"tag-asvel","12":"tag-auvergne-rhone-alpes","13":"tag-breves","14":"tag-culture","15":"tag-depeches","16":"tag-economique","17":"tag-eu","18":"tag-europe","19":"tag-faits-divers","20":"tag-fr","21":"tag-france","22":"tag-info","23":"tag-informations","24":"tag-infos","25":"tag-lyon","26":"tag-lyonmag","27":"tag-news","28":"tag-ol","29":"tag-politique","30":"tag-republique-francaise","31":"tag-sociale","32":"tag-sport","33":"tag-transports"},"share_on_mastodon":{"url":"https:\/\/pubeurope.com\/@fr\/114403391819091758","error":""},"_links":{"self":[{"href":"https:\/\/www.europesays.com\/fr\/wp-json\/wp\/v2\/posts\/53962","targetHints":{"allow":["GET"]}}],"collection":[{"href":"https:\/\/www.europesays.com\/fr\/wp-json\/wp\/v2\/posts"}],"about":[{"href":"https:\/\/www.europesays.com\/fr\/wp-json\/wp\/v2\/types\/post"}],"author":[{"embeddable":true,"href":"https:\/\/www.europesays.com\/fr\/wp-json\/wp\/v2\/users\/2"}],"replies":[{"embeddable":true,"href":"https:\/\/www.europesays.com\/fr\/wp-json\/wp\/v2\/comments?post=53962"}],"version-history":[{"count":0,"href":"https:\/\/www.europesays.com\/fr\/wp-json\/wp\/v2\/posts\/53962\/revisions"}],"wp:featuredmedia":[{"embeddable":true,"href":"https:\/\/www.europesays.com\/fr\/wp-json\/wp\/v2\/media\/53963"}],"wp:attachment":[{"href":"https:\/\/www.europesays.com\/fr\/wp-json\/wp\/v2\/media?parent=53962"}],"wp:term":[{"taxonomy":"category","embeddable":true,"href":"https:\/\/www.europesays.com\/fr\/wp-json\/wp\/v2\/categories?post=53962"},{"taxonomy":"post_tag","embeddable":true,"href":"https:\/\/www.europesays.com\/fr\/wp-json\/wp\/v2\/tags?post=53962"}],"curies":[{"name":"wp","href":"https:\/\/api.w.org\/{rel}","templated":true}]}}