{"id":539630,"date":"2025-11-17T06:14:22","date_gmt":"2025-11-17T06:14:22","guid":{"rendered":"https:\/\/www.europesays.com\/fr\/539630\/"},"modified":"2025-11-17T06:14:22","modified_gmt":"2025-11-17T06:14:22","slug":"qualifies-pour-le-mondial-2026-en-amerique-du-nord-comment-les-bleus-vont-ils-se-preparer","status":"publish","type":"post","link":"https:\/\/www.europesays.com\/fr\/539630\/","title":{"rendered":"Qualifi\u00e9s pour le Mondial 2026 en Am\u00e9rique du Nord, comment les Bleus vont-ils se pr\u00e9parer ?"},"content":{"rendered":"<p class=\"intro \">L&rsquo;\u00e9quipe de France conclut l&rsquo;ann\u00e9e 2025 en beaut\u00e9 avec une victoire contre l&rsquo;Azerba\u00efdjan (1-3). Les Fran\u00e7ais qui avaient valid\u00e9 leur billet pour le Mondial 2026 gr\u00e2ce \u00e0 une victoire 4-0 face \u00e0 l&rsquo;Ukraine, jeudi soir. Une Coupe du monde qui se d\u00e9roulera aux \u00c9tats-Unis, au Canada et au Mexique avec un match d&rsquo;ouverture le 11 juin. Mais quel sera le programme des Bleus jusqu&rsquo;au coup d&rsquo;envoi du tournoi ? <\/p>\n<p>L&rsquo;\u00e9quipe de France a disput\u00e9, ce dimanche 16 novembre, son dernier match de qualification pour la <a href=\"https:\/\/www.europe1.fr\/sport\/coupe-du-monde-2026-avec-une-equipe-remaniee-les-bleus-simposent-face-a-lazerbaidjan-pour-leur-dernier-match-de-qualification-871578\" target=\"_blank\" rel=\"nofollow noopener\">Coupe du monde 2026<\/a>. Les Bleus se sont impos\u00e9s contre l&rsquo;Azerba\u00efdjan (1-3) lors du dernier match officiel de cette ann\u00e9e 2025. Place maintenant \u00e0 la pr\u00e9paration pour le Mondial en Am\u00e9rique.\u00a0<\/p>\n<p>    La suite apr\u00e8s cette publicit\u00e9<\/p>\n<p>    La suite apr\u00e8s cette publicit\u00e9<\/p>\n<p>\u00ab\u00a0Il faut que l&rsquo;harmonie soit trouv\u00e9e pour la derni\u00e8re de Deschamps\u00a0\u00bb<\/p>\n<p>Premi\u00e8re \u00e9tape pour <a href=\"https:\/\/www.europe1.fr\/dossiers\/didier-deschamps\" target=\"_blank\" rel=\"nofollow noopener\">Didier Deschamps<\/a>, le tirage au sort qui aura lieu le 5 d\u00e9cembre prochain \u00e0 Washington,\u00e0 18h (heure fran\u00e7aise). Les Bleus conna\u00eetront alors leurs trois adversaires du premier tour. Pour se qualifier pour les 16e de finales, les Fran\u00e7ais devront terminer aux deux premi\u00e8res places de leur groupe ou finir parmi les huit meilleurs troisi\u00e8mes.\u00a0<\/p>\n<p>Cette Coupe du monde, qui se dispute d\u00e9sormais \u00e0 48 \u00e9quipes, sera tr\u00e8s exigeante avec de longs voyages. Didier Deschamps est \u00e0 la fois ambitieux et prudent : \u00ab\u00a0Moi je suis pragmatique, on est qualifi\u00e9. C&rsquo;est un nouveau format avec plus d&rsquo;\u00e9quipes, des matchs en plus. C&rsquo;est grand les <a href=\"https:\/\/www.europe1.fr\/dossiers\/amerique\" target=\"_blank\" rel=\"nofollow noopener\">\u00c9tats-Unis<\/a>. On a le droit de faire en sorte d&rsquo;aller le plus loin possible\u00a0\u00bb.\u00a0<\/p>\n<p>    La suite apr\u00e8s cette publicit\u00e9<\/p>\n<p>    La suite apr\u00e8s cette publicit\u00e9<\/p>\n<p>Deuxi\u00e8me priorit\u00e9 pour le staff des Bleus, choisir un camp de base aux \u00c9tats-Unis avant le 9 janvier. L&rsquo;objectif est de trouver un h\u00f4tel fonctionnel et accueillant comme au Qatar. En mars prochain, deux matchs amicaux pourraient se d\u00e9rouler outre-Atlantique afin d&rsquo;acclimater les joueurs aux conditions de jeu en Am\u00e9rique du Nord.\u00a0<\/p>\n<p>En tout cas, les supporters ne sont pas inquiets. Timoth\u00e9e est certain que l&rsquo;\u00e9quipe de France, finaliste en 2022, ira au bout : \u00ab\u00a0Les individualit\u00e9s, clairement, elles sont l\u00e0. Il y a beaucoup de talents. Il faut que l&rsquo;harmonie soit trouv\u00e9e pour la derni\u00e8re de Deschamps, qu&rsquo;il trouve cette magie avec ces jeunes joueurs\u00a0\u00bb.\u00a0<\/p>\n<p>    La suite apr\u00e8s cette publicit\u00e9<\/p>\n<p>    La suite apr\u00e8s cette publicit\u00e9<\/p>\n<p>Avant de s&rsquo;envoler en juin aux \u00c9tats-Unis pour y disputer la Coupe du monde, les Bleus devraient se retrouver \u00e0 Clairefontaine et jouer quelques matchs de pr\u00e9paration en France.\u00a0<\/p>\n","protected":false},"excerpt":{"rendered":"L&rsquo;\u00e9quipe de France conclut l&rsquo;ann\u00e9e 2025 en beaut\u00e9 avec une victoire contre l&rsquo;Azerba\u00efdjan (1-3). Les Fran\u00e7ais qui avaient&hellip;\n","protected":false},"author":2,"featured_media":539631,"comment_status":"","ping_status":"","sticky":false,"template":"","format":"standard","meta":{"footnotes":""},"categories":[1589],"tags":[11,73,1866,12,1864,1865,1863,308],"class_list":{"0":"post-539630","1":"post","2":"type-post","3":"status-publish","4":"format-standard","5":"has-post-thumbnail","7":"category-etats-unis","8":"tag-actualites","9":"tag-etats-unis","10":"tag-etats-unis-damerique","11":"tag-news","12":"tag-united-states","13":"tag-united-states-of-america","14":"tag-us","15":"tag-usa"},"share_on_mastodon":{"url":"https:\/\/pubeurope.com\/@fr\/115563571821576304","error":""},"_links":{"self":[{"href":"https:\/\/www.europesays.com\/fr\/wp-json\/wp\/v2\/posts\/539630","targetHints":{"allow":["GET"]}}],"collection":[{"href":"https:\/\/www.europesays.com\/fr\/wp-json\/wp\/v2\/posts"}],"about":[{"href":"https:\/\/www.europesays.com\/fr\/wp-json\/wp\/v2\/types\/post"}],"author":[{"embeddable":true,"href":"https:\/\/www.europesays.com\/fr\/wp-json\/wp\/v2\/users\/2"}],"replies":[{"embeddable":true,"href":"https:\/\/www.europesays.com\/fr\/wp-json\/wp\/v2\/comments?post=539630"}],"version-history":[{"count":0,"href":"https:\/\/www.europesays.com\/fr\/wp-json\/wp\/v2\/posts\/539630\/revisions"}],"wp:featuredmedia":[{"embeddable":true,"href":"https:\/\/www.europesays.com\/fr\/wp-json\/wp\/v2\/media\/539631"}],"wp:attachment":[{"href":"https:\/\/www.europesays.com\/fr\/wp-json\/wp\/v2\/media?parent=539630"}],"wp:term":[{"taxonomy":"category","embeddable":true,"href":"https:\/\/www.europesays.com\/fr\/wp-json\/wp\/v2\/categories?post=539630"},{"taxonomy":"post_tag","embeddable":true,"href":"https:\/\/www.europesays.com\/fr\/wp-json\/wp\/v2\/tags?post=539630"}],"curies":[{"name":"wp","href":"https:\/\/api.w.org\/{rel}","templated":true}]}}