{"id":539644,"date":"2025-11-17T06:24:20","date_gmt":"2025-11-17T06:24:20","guid":{"rendered":"https:\/\/www.europesays.com\/fr\/539644\/"},"modified":"2025-11-17T06:24:20","modified_gmt":"2025-11-17T06:24:20","slug":"vannes-resiste-a-grenoble-dans-un-choc-de-pro-d2-delocalise-au-roazhon-park-lequipe","status":"publish","type":"post","link":"https:\/\/www.europesays.com\/fr\/539644\/","title":{"rendered":"Vannes r\u00e9siste \u00e0 Grenoble dans un choc de Pro D2 d\u00e9localis\u00e9 au Roazhon Park &#8211; L&#039;\u00c9quipe"},"content":{"rendered":"<ol>\n<li><a href=\"https:\/\/news.google.com\/rss\/articles\/CBMiwAFBVV95cUxOYWNGd3hLcmJsMTg4VktJMjdaQzhNUzRIWEdRcTJacEJRaWdxNHU4OURXVEo2a0RPLVF2SVVXU3h0QUxPNGdPaTJIVlpwMUxjWjdvWkF3REdPR2IycjlFd3Z6N3c1R0NRNVhhZUEwRl9Sc1IySWJNMkZMTVp3MGg5Z19Ndmd2NVBJVTJJelEwWm10Z3c4RkFJS185Yk5GcUVZRUZOQkdDQ1R6dnA0d3l4cUJhMkNvNnVONTNDUVBvbWE?oc=5\" target=\"_blank\" rel=\"nofollow noopener\">Vannes r\u00e9siste \u00e0 Grenoble dans un choc de Pro D2 d\u00e9localis\u00e9 au Roazhon Park<\/a>&nbsp;&nbsp;L&rsquo;\u00c9quipe<\/li>\n<li><a href=\"https:\/\/news.google.com\/rss\/articles\/CBMilgFBVV95cUxNZUlsazVmOWlXTHc4WmEwaEtpb1hvRlBPaTcwemxRejFHM2tqYUdIWVBRSzZ3cE91MTlWNUQ5WXlDSVAyVnp0N1ZNR1dDMm4xSG9SYVRmLTIyd1F2YmRxazVfR2ZocTB5eTZqTjM2NDNjRzFBdjB2RzFtUnlCRWZtSTdmcVZfc2lwS2JsSlctRzBiejRDLXc?oc=5\" target=\"_blank\" rel=\"nofollow noopener\">Le RCV s&rsquo;impose face \u00e0 Grenoble (28-18) au Roazhon Park<\/a>&nbsp;&nbsp;Hit West<\/li>\n<li><a href=\"https:\/\/news.google.com\/rss\/articles\/CBMi_AFBVV95cUxPQTlaa05NVGJQd2s1M1M0a0VfakRwQlg0djV5dnl3SjFRUjlXTGlzTV9PY2NnV2toSi1RcElPaVlONDhEYjBLYWlLa1JYMER1d3VOVklGV25NQVlSWUFoYVl4NmEtcjdFbEtEWllSRnlMejdCRjl6SFJ5OTNpekhDRmY0cFZxZ3VSbUhsWV9UQmJ6dThBS1U1TkxZeWxSVERoa1R5WWZQRnhVSDFObWIzaFlEYzJlU1RtZHFRTWtEWXExdW5SRnhHOGwyem1QM2dHUFFQNWwtMzZQT1BOYVNyMUtiTlJuVWJUeTk0V0FoVzYzRGUyeTkzRV93ck0?oc=5\" target=\"_blank\" rel=\"nofollow noopener\">Augry imp\u00e9rial dans les airs, Couilloud en manque d\u2019inspiration\u2026 Les tops et flops de Vannes \u2013 Grenoble<\/a>&nbsp;&nbsp;Rugbyrama<\/li>\n<li><a href=\"https:\/\/news.google.com\/rss\/articles\/CBMi6gFBVV95cUxOMHNKaWQ5RVdEVURQZVB3ajg3SnFCb2RvRTY3Y05GNzZ6X0hYRndVQ3BWY295T0hMYWc0bnBEUllZMko1dWdLQ3ZLdWdEUkwwQzFDRnZuZTl2b1ZDVkNBUVJqS3EwenJ5YkREeDBpNnhNNUtJUWNXOVBBWmQ4LUhmbXRIYkdidmdIN0x0N2N5SFNfMW5xbnJzSm9TWGxyUS04cDdMNmR6cDRXM0pUWFpyNjVJT05tdEFRUW01SElXVFJ4bGdDWl9iQWVRdGc2YlRqQ1JxYVNuSHRycHg1SDU2Wk5XY0doS3diY0E?oc=5\" target=\"_blank\" rel=\"nofollow noopener\">RC Vannes &#8211; Grenoble : \u00ab Ici, ici \u00bb, \u00e0 Rennes, c\u2019\u00e9tait un peu la Rabine !<\/a>&nbsp;&nbsp;Ouest-France<\/li>\n<li><a href=\"https:\/\/news.google.com\/rss\/articles\/CBMi9wFBVV95cUxQbjNrdEJyemhsUmZCZUx6NWo3N3ptZ3NwNmZTMmd3SkFuaXBWMlFTc05QdEZONXhnVm16VTRWVmdhVi1mMHpSeGNOWG5hYl9OMzdsTjlaZ0ttS3poLVJ4RHFQSHdPZkZXQXI1QVR0VWdXUHQyVkwyWmJjU2tFejlYN1lhSFdWOVZJZ2lqd09TYlRzUGRwQVlnMzRGN3pUUWQ5TGRCNWNMRzJxR3lvLTRyNm4xclBNTFBHajdwd085Smo1R2kwdTZIbjY0eTB1YUVkS0xBb3QtOFBRenB3S0NNQUJITVJ1d093OHRmNzZ0NXUtQWNBMmFn?oc=5\" target=\"_blank\" rel=\"nofollow noopener\">L&rsquo;essentiel du sport dans nos r\u00e9gions. Le FCG renvers\u00e9 \u00e0 Vannes, un premier podium pour No\u00ebl, Thonon et Pierrelatte \u00e9limin\u00e9s en Coupe de France &#8230; Les infos de ce lundi 17 novembre<\/a>&nbsp;&nbsp;Le Dauphin\u00e9 Lib\u00e9r\u00e9<\/li>\n<\/ol>\n","protected":false},"excerpt":{"rendered":"Vannes r\u00e9siste \u00e0 Grenoble dans un choc de Pro D2 d\u00e9localis\u00e9 au Roazhon Park&nbsp;&nbsp;L&rsquo;\u00c9quipe Le RCV s&rsquo;impose face&hellip;\n","protected":false},"author":2,"featured_media":539645,"comment_status":"","ping_status":"","sticky":false,"template":"","format":"standard","meta":{"footnotes":""},"categories":[1416],"tags":[1011,27,479,1468,60],"class_list":{"0":"post-539644","1":"post","2":"type-post","3":"status-publish","4":"format-standard","5":"has-post-thumbnail","7":"category-rugby","8":"tag-fr","9":"tag-france","10":"tag-rugby","11":"tag-rugby-football","12":"tag-sports"},"share_on_mastodon":{"url":"https:\/\/pubeurope.com\/@fr\/115563611540767451","error":""},"_links":{"self":[{"href":"https:\/\/www.europesays.com\/fr\/wp-json\/wp\/v2\/posts\/539644","targetHints":{"allow":["GET"]}}],"collection":[{"href":"https:\/\/www.europesays.com\/fr\/wp-json\/wp\/v2\/posts"}],"about":[{"href":"https:\/\/www.europesays.com\/fr\/wp-json\/wp\/v2\/types\/post"}],"author":[{"embeddable":true,"href":"https:\/\/www.europesays.com\/fr\/wp-json\/wp\/v2\/users\/2"}],"replies":[{"embeddable":true,"href":"https:\/\/www.europesays.com\/fr\/wp-json\/wp\/v2\/comments?post=539644"}],"version-history":[{"count":0,"href":"https:\/\/www.europesays.com\/fr\/wp-json\/wp\/v2\/posts\/539644\/revisions"}],"wp:featuredmedia":[{"embeddable":true,"href":"https:\/\/www.europesays.com\/fr\/wp-json\/wp\/v2\/media\/539645"}],"wp:attachment":[{"href":"https:\/\/www.europesays.com\/fr\/wp-json\/wp\/v2\/media?parent=539644"}],"wp:term":[{"taxonomy":"category","embeddable":true,"href":"https:\/\/www.europesays.com\/fr\/wp-json\/wp\/v2\/categories?post=539644"},{"taxonomy":"post_tag","embeddable":true,"href":"https:\/\/www.europesays.com\/fr\/wp-json\/wp\/v2\/tags?post=539644"}],"curies":[{"name":"wp","href":"https:\/\/api.w.org\/{rel}","templated":true}]}}