{"id":539646,"date":"2025-11-17T06:25:29","date_gmt":"2025-11-17T06:25:29","guid":{"rendered":"https:\/\/www.europesays.com\/fr\/539646\/"},"modified":"2025-11-17T06:25:29","modified_gmt":"2025-11-17T06:25:29","slug":"les-equipes-feminines-sur-les-courts-medialot","status":"publish","type":"post","link":"https:\/\/www.europesays.com\/fr\/539646\/","title":{"rendered":"Les \u00e9quipes f\u00e9minines sur les courts \u2013 Medialot"},"content":{"rendered":"<p>\n                          <a href=\"https:\/\/concessions.peugeot.fr\/cahors\" rel=\"nofollow noopener\" target=\"_blank\"><img loading=\"lazy\" decoding=\"async\" class=\"size-full wp-image-128909 aligncenter\" src=\"https:\/\/www.europesays.com\/fr\/wp-content\/uploads\/2025\/04\/pub_GGB_s.gif\" alt=\"\" width=\"300\" height=\"38\"\/><\/a><br \/>\nTour d\u2019horizon des r\u00e9sultats.\u00a0<br \/>\n<a href=\"https:\/\/www.ecoutervoir.fr\" rel=\"nofollow noopener\" target=\"_blank\"><img loading=\"lazy\" decoding=\"async\" class=\"size-medium wp-image-163875 aligncenter\" src=\"https:\/\/www.europesays.com\/fr\/wp-content\/uploads\/2025\/04\/ecouter-v-300x37.jpeg\" alt=\"\" width=\"300\" height=\"37\"  \/><\/a><\/p>\n<p><a href=\"https:\/\/lot.fr\/inscrivez-vous-la-lettre-dinformation\" rel=\"nofollow noopener\" target=\"_blank\"><img loading=\"lazy\" decoding=\"async\" class=\"size-full wp-image-175368 aligncenter\" src=\"https:\/\/www.europesays.com\/fr\/wp-content\/uploads\/2025\/10\/Pub-medialot_300-x-38_actu-culture-patrimoine.jpg\" alt=\"\" width=\"300\" height=\"38\"\/><\/a><\/p>\n<p>Deux rencontres se disputaient en cette belle journ\u00e9e automnale. L\u2019une en coupe Th\u00e9n\u00e9gal face \u00e0 Arpajon sur C\u00e8re (Cantal) et l\u2019autre face au TOAC (Haute- Garonne) en challenge Valence d\u2019Agen. Notons que pour la coupe Th\u00e9n\u00e9gal, il s\u2019agissait de la deuxi\u00e8me rencontre en quelques jours puisque les Cadurciennes ont effectu\u00e9 mardi 11 novembre un long d\u00e9placement \u00e0 Jussac (Cantal) duquel elles sont revenues avec une d\u00e9faite malgr\u00e9 du beau jeu.<\/p>\n<p><a href=\"https:\/\/www.assureur-cahors.fr\" rel=\"nofollow noopener\" target=\"_blank\"><img loading=\"lazy\" decoding=\"async\" class=\"size-full wp-image-141871 aligncenter\" src=\"https:\/\/www.europesays.com\/fr\/wp-content\/uploads\/2025\/04\/300x38.gif\" alt=\"\" width=\"300\" height=\"38\"\/><\/a><br \/>\n<a href=\"https:\/\/chambert.com\/fr\/index.html\" rel=\"nofollow noopener\" target=\"_blank\"><img loading=\"lazy\" decoding=\"async\" class=\"size-full wp-image-160827 aligncenter\" src=\"https:\/\/www.europesays.com\/fr\/wp-content\/uploads\/2025\/04\/chambert-2024-300x38-1.gif\" alt=\"\" width=\"300\" height=\"38\"\/><\/a><\/p>\n<p>Pour ce dimanche 100% f\u00e9minin, \u00e9taient mobilis\u00e9es\u00a0: d\u2019un c\u00f4t\u00e9 Sophie Ramon Idez, Evia Tselikashvili et Candice Louis pour affronter les Cantaliennes et de l\u2019autre, Am\u00e9lie Esnault, Chiara Laurens et Norah Lopez (avec pour capitaine Fanja Castarede) pour tenir t\u00eate aux Toulousaines.<\/p>\n<p><a href=\"https:\/\/www.europesays.com\/fr\/wp-content\/uploads\/2025\/11\/arpajon-cahors.jpg\"><img loading=\"lazy\" decoding=\"async\" class=\"alignnone size-full wp-image-177026\" src=\"https:\/\/www.europesays.com\/fr\/wp-content\/uploads\/2025\/11\/arpajon-cahors.jpg\" alt=\"\" width=\"2048\" height=\"1542\"  \/><\/a><\/p>\n<p>Pour la coupe Th\u00e9n\u00e9gal, les Lotoises savaient que leurs adversaires, tenantes du titre, leur donneraient du fil \u00e0 retordre\u2026 Et elles ne se sont pas tromp\u00e9es. Mieux class\u00e9es, plus incisives, les joueuses du Cantal laissaient peu d\u2019espoir aux locales en empochant les 5 points en jeu malgr\u00e9 une belle r\u00e9sistance.<\/p>\n<p><a href=\"https:\/\/mtechalu46.com\" rel=\"nofollow noopener\" target=\"_blank\"><img loading=\"lazy\" decoding=\"async\" class=\"size-full wp-image-163888 aligncenter\" src=\"https:\/\/www.europesays.com\/fr\/wp-content\/uploads\/2025\/04\/GIF-MTECH.gif\" alt=\"\" width=\"300\" height=\"38\"\/><\/a><br \/>\n<a href=\"https:\/\/www.europesays.com\/fr\/wp-content\/uploads\/2025\/04\/medialot-300x38-5.jpg\"><img loading=\"lazy\" decoding=\"async\" class=\"size-full wp-image-150487 aligncenter\" src=\"https:\/\/www.europesays.com\/fr\/wp-content\/uploads\/2025\/04\/medialot-300x38-5.jpg\" alt=\"\" width=\"300\" height=\"38\"\/><\/a><\/p>\n<p>Pour le challenge Valence d\u2019Agen, les choses semblaient mieux s\u2019annoncer. En effet, apr\u00e8s les simples, les joueuses du TC Cahors menaient 2 \u00e0 1 avec, soulignons-le, une belle victoire de Norah Lopez qui vient confirmer les progr\u00e8s accomplis et qui laisse augurer le d\u00e9but d\u2019une longue s\u00e9rie\u00a0! A l\u2019heure d\u2019aligner les joueuses du double d\u00e9cisif, la capitaine misait sur la paire Norah \/ Chiara dans la mesure o\u00f9 toutes deux \u00e9taient en confiance. Mais les Toulousaines \u00e9taient venues \u00e0 cinq et ont fait parler l\u2019exp\u00e9rience sur la partie finale. Elles ont fait main basse sur les deux points du double et ont priv\u00e9 donc les Cadurciennes de la victoire. Ce fut dans tout les cas un beau dimanche de tennis, dans le bon esprit et la convivialit\u00e9, ce qui demeure le plus important\u00a0!<\/p>\n<p><a href=\"https:\/\/www.lfccourtage.com\/\" rel=\"nofollow noopener\" target=\"_blank\"><img loading=\"lazy\" decoding=\"async\" class=\"size-full wp-image-78799 aligncenter\" src=\"https:\/\/www.europesays.com\/fr\/wp-content\/uploads\/2025\/04\/lfc-courtage-bandeau-2.gif\" alt=\"\" width=\"300\" height=\"38\"\/><\/a><br \/>\n<a href=\"https:\/\/www.facebook.com\/IntermarcheCahors?locale=fr_FR\" target=\"_blank\" rel=\"noopener noreferrer nofollow\"><img loading=\"lazy\" decoding=\"async\" class=\"aligncenter wp-image-111517 size-full\" src=\"https:\/\/www.europesays.com\/fr\/wp-content\/uploads\/2025\/04\/intermarche-V2.gif\" alt=\"\" width=\"300\" height=\"38\"\/><\/a><\/p>\n<p>La semaine prochaine donnera le coup d\u2019envoi des phases finales en GAN que ce soit chez les messieurs ou chez les dames\u00a0!<\/p>\n<p><a href=\"https:\/\/piscinesservices46.fr\" rel=\"nofollow noopener\" target=\"_blank\"><img loading=\"lazy\" decoding=\"async\" class=\"size-full wp-image-146807 aligncenter\" src=\"https:\/\/www.europesays.com\/fr\/wp-content\/uploads\/2025\/04\/ps46-bandeau.gif\" alt=\"\" width=\"300\" height=\"38\"\/><\/a><\/p>\n","protected":false},"excerpt":{"rendered":"Tour d\u2019horizon des r\u00e9sultats.\u00a0 Deux rencontres se disputaient en cette belle journ\u00e9e automnale. L\u2019une en coupe Th\u00e9n\u00e9gal face&hellip;\n","protected":false},"author":2,"featured_media":539647,"comment_status":"","ping_status":"","sticky":false,"template":"","format":"standard","meta":{"footnotes":""},"categories":[1415],"tags":[1011,27,60,1467],"class_list":{"0":"post-539646","1":"post","2":"type-post","3":"status-publish","4":"format-standard","5":"has-post-thumbnail","7":"category-tennis","8":"tag-fr","9":"tag-france","10":"tag-sports","11":"tag-tennis"},"share_on_mastodon":{"url":"https:\/\/pubeurope.com\/@fr\/115563616086323748","error":""},"_links":{"self":[{"href":"https:\/\/www.europesays.com\/fr\/wp-json\/wp\/v2\/posts\/539646","targetHints":{"allow":["GET"]}}],"collection":[{"href":"https:\/\/www.europesays.com\/fr\/wp-json\/wp\/v2\/posts"}],"about":[{"href":"https:\/\/www.europesays.com\/fr\/wp-json\/wp\/v2\/types\/post"}],"author":[{"embeddable":true,"href":"https:\/\/www.europesays.com\/fr\/wp-json\/wp\/v2\/users\/2"}],"replies":[{"embeddable":true,"href":"https:\/\/www.europesays.com\/fr\/wp-json\/wp\/v2\/comments?post=539646"}],"version-history":[{"count":0,"href":"https:\/\/www.europesays.com\/fr\/wp-json\/wp\/v2\/posts\/539646\/revisions"}],"wp:featuredmedia":[{"embeddable":true,"href":"https:\/\/www.europesays.com\/fr\/wp-json\/wp\/v2\/media\/539647"}],"wp:attachment":[{"href":"https:\/\/www.europesays.com\/fr\/wp-json\/wp\/v2\/media?parent=539646"}],"wp:term":[{"taxonomy":"category","embeddable":true,"href":"https:\/\/www.europesays.com\/fr\/wp-json\/wp\/v2\/categories?post=539646"},{"taxonomy":"post_tag","embeddable":true,"href":"https:\/\/www.europesays.com\/fr\/wp-json\/wp\/v2\/tags?post=539646"}],"curies":[{"name":"wp","href":"https:\/\/api.w.org\/{rel}","templated":true}]}}