{"id":539648,"date":"2025-11-17T06:29:17","date_gmt":"2025-11-17T06:29:17","guid":{"rendered":"https:\/\/www.europesays.com\/fr\/539648\/"},"modified":"2025-11-17T06:29:17","modified_gmt":"2025-11-17T06:29:17","slug":"montpellier-de-nombreux-cyclistes-manifestent-a-velo-pour-peser-sur-les-municipales-lagazettedemontpellier-fr","status":"publish","type":"post","link":"https:\/\/www.europesays.com\/fr\/539648\/","title":{"rendered":"Montpellier : de nombreux cyclistes manifestent \u00e0 v\u00e9lo pour peser sur les municipales &#8211; lagazettedemontpellier.fr"},"content":{"rendered":"<ol>\n<li><a href=\"https:\/\/news.google.com\/rss\/articles\/CBMi2AFBVV95cUxPOWFMVDVBdmtkc1c5R0c1QTV4LXB6d3gzN3VnclVDdWluMUhncUZvZVozQnV2RW1GYzNRcDFIS3BReWd4ZGFWZlN3NmEwRk5YcUdIZ1NfdkFOeFExX0VJNll0TVhmbGFmU3lZZmNPS1BPZjZoVTEwN0hNWFJHYzlnb2lxSi0wVWRyVEhnM3Rvblpua1M5U19TWmZMZW53RHRQSWVQd045SUhjRWUxdUZYUXdxSGpETXc0MWV6TWcyWmQ5X3dYTDZRdEdGWXZIeGVOeHNtU09Ddi0?oc=5\" target=\"_blank\" rel=\"nofollow noopener\">Montpellier : de nombreux cyclistes manifestent \u00e0 v\u00e9lo pour peser sur les municipales<\/a>&nbsp;&nbsp;lagazettedemontpellier.fr<\/li>\n<li><a href=\"https:\/\/news.google.com\/rss\/articles\/CBMikgJBVV95cUxOSDhKOVBndGRael9CWTZMMTUwd05UUGFqWGdtRHBMVmZMV3I5ZENDb3d5MjRON1dvMzgwVHUwSEU0ajFNY3BYM01VNnRPOEpiN2ZQSGNQRWhKV0p3OG5zTHdWT2puNkM1TDNpcFF5MzdTQ0wwcF9JMno5S1B1TVFOVEZKNnBJZEpTSlF1VUdZMjVBNFV3eW9PZV9aVHRISUlybWx4OEVKZ3Q1NW1SQWVHa2ZWc242RU5tQ1dYTUNHMDBFQTdGWG5sTk04dVRxeGxRWmZDUVBXUnY5RFFvTS1yMUFIVlc4X1RQa3hBeFNKbFMyVUY5UUU0UjBoMXFaWW1WUVFmRmpLSEUxSmlOdXRlZWh3?oc=5\" target=\"_blank\" rel=\"nofollow noopener\">\u00ab\u00a0On est tous ici pour la m\u00eame chose, avoir plus de pistes cyclables\u00a0\u00bb : \u00ab\u00a0Tous \u00e0 v\u00e9lo !\u00a0\u00bb veut mettre la pression sur les candidats aux municipales<\/a>&nbsp;&nbsp;Midi Libre<\/li>\n<li><a href=\"https:\/\/news.google.com\/rss\/articles\/CBMi4gFBVV95cUxOVmkwV1ltUXFXZGNoaE1xY282cGhjQXpzQ3ZyNm5WcExfaUZnWVQ4SUo5SVJka2tOYmwzWnk5RXI1SHJ3dFB2QXE0dnNfRENCREJGVzY5VWtod1R6cjg4V0JueFRfVGhaRzN0WGdWT2I0X1gtN0J0UlZneENhOEFnSVp1eU93ZzMtZUlZQTdRcXg4Um5HODRnNzR0b3Z4dURxXzhHOVRsVWVucjZ2VWVyV3JmcFBweEltX25MZkpKZTdwVV9BN2NjVXBoaXJDRmNlbW9Bc1AxSDFZVWZ5RnRQRU5B?oc=5\" target=\"_blank\" rel=\"nofollow noopener\">Avec la manifestation \u00ab\u00a0V\u00e9lo pour tous\u00a0\u00bb \u00e0 Montpellier, V\u00e9locit\u00e9 met le cap sur les municipales<\/a>&nbsp;&nbsp;Actu.fr<\/li>\n<li><a href=\"https:\/\/news.google.com\/rss\/articles\/CBMizAFBVV95cUxOU3Y4WVp0Q0lhMmxGa1F4S2tvWnRBRVMxemozRHNmaTZsMWt6NENpeUttSFU2VGhfV2Y1Z0liSDBJSDBtSDcyQXNaS3A3QlFXbElYd3I0eDRjSXZyVkZvWU5xMU5wNjBaSzRzMDREYUVNZnZPLTUycEp1cUFOZVpMQVlpcTROUUlkRFhMZ2lISjBvZzlPS05IdHhkYUpDTEg1Zm9TUHc3WmhzRThOY0tlRlNpTHZWRHFXM0pLQnNxZV9PYmZNbWdXWXpxRTk?oc=5\" target=\"_blank\" rel=\"nofollow noopener\">\u00ab\u00a0Tous \u00e0 v\u00e9lo\u00a0\u00bb : les cyclistes mettent les municipales au centre de la mobilisation de dimanche<\/a>&nbsp;&nbsp;H\u00e9rault Tribune<\/li>\n<li><a href=\"https:\/\/news.google.com\/rss\/articles\/CBMixAFBVV95cUxQeTdjYmhPYjhUakhWWVp6bFlpSUYtbkMwd0drOVhieUNIdWRBNjVZMkZ6LWdLRGJNM1dvYmE0NUhYT0pTTE5wM0NtOHhOLUtoNWxYQUtNRHNBcE4wZWFybWthRlNRREZ6WGdPcWw2eWJjWGMwbHVkQXpqTnV2NkFhblZDUHVPTmVCQzFpVERoQTBoaS1Ed25EVXEzYy1PdUFWaEZQWmtYcFVuYzZkQUFTSHVIQ1FON2Vhb052YzBtTDVxLXho?oc=5\" target=\"_blank\" rel=\"nofollow noopener\">V\u00e9lomagg cherche sa place dans le syst\u00e8me v\u00e9lo de la M\u00e9tropole de Montpellier<\/a>&nbsp;&nbsp;Midi Libre<\/li>\n<\/ol>\n","protected":false},"excerpt":{"rendered":"Montpellier : de nombreux cyclistes manifestent \u00e0 v\u00e9lo pour peser sur les municipales&nbsp;&nbsp;lagazettedemontpellier.fr \u00ab\u00a0On est tous ici pour&hellip;\n","protected":false},"author":2,"featured_media":539649,"comment_status":"","ping_status":"","sticky":false,"template":"","format":"standard","meta":{"footnotes":""},"categories":[1411],"tags":[1154,207,10628,1011,27,2088,2208,3554,60,208,65825,133],"class_list":{"0":"post-539648","1":"post","2":"type-post","3":"status-publish","4":"format-standard","5":"has-post-thumbnail","7":"category-cyclisme","8":"tag-cycling","9":"tag-cyclisme","10":"tag-cyclistes","11":"tag-fr","12":"tag-france","13":"tag-manifestation","14":"tag-montpellier","15":"tag-municipales","16":"tag-sports","17":"tag-velo","18":"tag-velocite","19":"tag-video"},"share_on_mastodon":{"url":"https:\/\/pubeurope.com\/@fr\/115563630760751729","error":""},"_links":{"self":[{"href":"https:\/\/www.europesays.com\/fr\/wp-json\/wp\/v2\/posts\/539648","targetHints":{"allow":["GET"]}}],"collection":[{"href":"https:\/\/www.europesays.com\/fr\/wp-json\/wp\/v2\/posts"}],"about":[{"href":"https:\/\/www.europesays.com\/fr\/wp-json\/wp\/v2\/types\/post"}],"author":[{"embeddable":true,"href":"https:\/\/www.europesays.com\/fr\/wp-json\/wp\/v2\/users\/2"}],"replies":[{"embeddable":true,"href":"https:\/\/www.europesays.com\/fr\/wp-json\/wp\/v2\/comments?post=539648"}],"version-history":[{"count":0,"href":"https:\/\/www.europesays.com\/fr\/wp-json\/wp\/v2\/posts\/539648\/revisions"}],"wp:featuredmedia":[{"embeddable":true,"href":"https:\/\/www.europesays.com\/fr\/wp-json\/wp\/v2\/media\/539649"}],"wp:attachment":[{"href":"https:\/\/www.europesays.com\/fr\/wp-json\/wp\/v2\/media?parent=539648"}],"wp:term":[{"taxonomy":"category","embeddable":true,"href":"https:\/\/www.europesays.com\/fr\/wp-json\/wp\/v2\/categories?post=539648"},{"taxonomy":"post_tag","embeddable":true,"href":"https:\/\/www.europesays.com\/fr\/wp-json\/wp\/v2\/tags?post=539648"}],"curies":[{"name":"wp","href":"https:\/\/api.w.org\/{rel}","templated":true}]}}