{"id":539654,"date":"2025-11-17T06:32:14","date_gmt":"2025-11-17T06:32:14","guid":{"rendered":"https:\/\/www.europesays.com\/fr\/539654\/"},"modified":"2025-11-17T06:32:14","modified_gmt":"2025-11-17T06:32:14","slug":"cet-artiste-revele-la-beaute-des-paysages-du-lot","status":"publish","type":"post","link":"https:\/\/www.europesays.com\/fr\/539654\/","title":{"rendered":"cet artiste r\u00e9v\u00e8le la beaut\u00e9 des paysages du Lot"},"content":{"rendered":"<p>                    Par<br \/>\n        <strong><br \/>\n            <a href=\"https:\/\/actu.fr\/auteur\/redaction-viequercynoise\" title=\"Consulter tous les articles de R\u00e9daction Cahors\" rel=\"nofollow noopener\" target=\"_blank\">R\u00e9daction Cahors<\/a><br \/>\n                    <\/strong><\/p>\n<p>        Publi\u00e9 le<\/p>\n<p>            16 nov. 2025 \u00e0 17h00        <\/p>\n<p><b>Entre Paris et <a href=\"https:\/\/actu.fr\/occitanie\/montcuq-en-quercy-blanc_46201\" rel=\"nofollow noopener\" target=\"_blank\">Montcuq<\/a><\/b>, dans le <b>Lot<\/b>, Julien Penchenat peint la lumi\u00e8re comme d\u2019autres \u00e9crivent des po\u00e8mes. Ses toiles bucoliques r\u00e9v\u00e8lent la beaut\u00e9 de nos paysages et la douceur d\u2019un regard profond\u00e9ment humain.<\/p>\n<p class=\" wall-content\">Quand il \u00e9voque son enfance, Julien Penchenat sourit avec tendresse en pensant aux doux souvenirs de ses grands-parents. Ce sont eux, sans doute, qui ont amorc\u00e9 chez lui ce go\u00fbt du beau et cette ouverture au monde. Son enfance se tisse entre la ville et la campagne : entre le Paris gris\u00e2tre et sale des ann\u00e9es 80, les bocages tranquilles de la Normandie et les paysages sauvages du Lot.<\/p>\n<p>Une enfance marqu\u00e9e par la campagne du Lot<\/p>\n<p class=\" wall-content\">Il est tr\u00e8s t\u00f4t impr\u00e9gn\u00e9 de ce contraste entre la densit\u00e9 urbaine et les grands espaces baign\u00e9s de lumi\u00e8re. \u00c0 cette \u00e9poque, il faut plus de dix heures de route pour rejoindre Montcuq, un v\u00e9ritable p\u00e9riple qui lui donne la sensation d\u2019aller au bout du monde. Une fois arriv\u00e9 \u00e0 destination, tout change : plus de bruit, plus d\u2019immeubles, plus de grisaille, mais une lumi\u00e8re \u00e9clatante, une libert\u00e9 totale et cette impression d\u2019\u00eatre envelopp\u00e9 par la beaut\u00e9. Et ce grand-p\u00e8re qui offre \u00e0 ses petits-enfants des jouets en bois qu\u2019il leur a fabriqu\u00e9.<\/p>\n<p>Partag\u00e9 entre Paris et Montcuq<\/p>\n<p class=\" wall-content\">N\u00e9 en 1974 pr\u00e8s de Bruxelles, Julien grandit en \u00cele-de-France, dans le Val-d\u2019Oise, avant de partager sa vie entre Paris et Montcuq, ce village auquel il est profond\u00e9ment attach\u00e9. C\u2019est d\u2019ailleurs dans la maison familiale de son grand-p\u00e8re qu\u2019il a am\u00e9nag\u00e9 pour en faire son son cocon d\u2019artiste. Apr\u00e8s un bac B au lyc\u00e9e Racine, dans le 8\u1d49 arrondissement de Paris, il poursuit ses \u00e9tudes \u00e0 l\u2019\u00c9cole du Louvre, puis quatre ans \u00e0 l\u2019\u00c9cole sup\u00e9rieure des arts et techniques. De ces ann\u00e9es, il garde le souvenir d\u2019un apprentissage vivant, o\u00f9 l\u2019on encourage les \u00e9l\u00e8ves \u00e0 sortir dans les rues, \u00e0 observer, \u00e0 s\u2019impr\u00e9gner de la r\u00e9alit\u00e9 pour mieux la ressentir.<\/p>\n<p>Vid\u00e9os : en ce moment sur ActuLa lumi\u00e8re pour sujet principal<\/p>\n<p class=\" wall-content\">C\u2019est dans la luminosit\u00e9 que r\u00e9side toute la magie de ses toiles. Julien Penchenat peint avec son c\u0153ur, avec ses \u00e9motions. Son sujet principal, c\u2019est la lumi\u00e8re \u2013 celle du matin, douce et naissante, celle du midi, franche et dor\u00e9e, celle du soir, plus rasante et m\u00e9lancolique. Ses paysages bucoliques, empreints de s\u00e9r\u00e9nit\u00e9, rappellent l\u2019impressionnisme de Monet, Sisley ou Pissarro, ces ma\u00eetres qu\u2019il admire depuis qu\u2019il a d\u00e9couvert leurs \u0153uvres lors de s\u00e9jours familiaux dans le Perche ou lors de visites au Mus\u00e9e d\u2019Orsay. Dans ses tableaux, chemins, rivi\u00e8res, prairies et animaux au pr\u00e9 deviennent des instants suspendus, baign\u00e9s d\u2019une clart\u00e9 presque po\u00e9tique.<\/p>\n<p>Votre r\u00e9gion, votre actu !<\/p>\n<p>Recevez chaque jour les infos qui comptent pour vous.<\/p>\n<p>\t<a href=\"https:\/\/actu.fr\/newsletter\" class=\"ac-btn ac-btn--corner ac-btn--medium ac-btn--blue800\" rel=\"nofollow noopener\" target=\"_blank\">S&rsquo;incrire<\/a><br \/>\nLa peinture en plein air<\/p>\n<p class=\" wall-content\">\u00c0 vingt ans, il peint ses premi\u00e8res toiles, apr\u00e8s avoir longtemps observ\u00e9, dessin\u00e9, r\u00eav\u00e9. Tr\u00e8s t\u00f4t, il s\u2019initie \u00e0 la peinture de plein air, partant avec son chevalet pour capturer l\u2019instant. Il faut dire que son p\u00e8re, Christian Penchenat, photographe professionnel et meilleur ouvrier de France en photographie, a sans doute \u00e9t\u00e9 celui qui a le plus nourri ce regard d\u2019artiste. Derri\u00e8re l\u2019objectif, il lui a appris \u00e0 voir, \u00e0 composer, \u00e0 saisir le d\u00e9cor comme un tableau. Ensemble, ils partaient parfois arpenter les rues, les champs, \u00e0 la recherche d\u2019une lumi\u00e8re, d\u2019un d\u00e9tail, d\u2019une forme. \u00ab Il m\u2019a transmis plus qu\u2019une technique : une fa\u00e7on de regarder le monde \u00bb se rem\u00e9more Julien.<\/p>\n<p>    <img   decoding=\"async\" loading=\"lazy\" class=\"size-large\" src=\"https:\/\/www.europesays.com\/fr\/wp-content\/uploads\/2025\/11\/41e78430c1196e6088430c11900188v-960x640.jpeg\" alt=\"Ses toiles baign\u00e9es de soleil respirent la s\u00e9r\u00e9nit\u00e9 et la simplicit\u00e9 d'un instant bucolique.\" width=\"960\" height=\"640\"\/><br \/>\n    Ses toiles baign\u00e9es de soleil respirent la s\u00e9r\u00e9nit\u00e9 et la simplicit\u00e9 d\u2019un instant bucolique. \u00a9Julien Penchenat\u00a0<\/p>\n<p class=\" wall-content\">Artiste accompli, inscrit \u00e0 la Maison des Artistes, il travaille un temps comme illustrateur pour les \u00e9ditions Casterman sur des dessins techniques du ch\u00e2teau de Versailles. Mais tr\u00e8s vite, il choisit de suivre sa voie : celle de la peinture, libre, vivante et inspir\u00e9e des paysages de campagne.<\/p>\n<p>Passion des voyages<\/p>\n<p class=\" wall-content\">Il a une autre passion ; les voyages. Ses nombreux p\u00e9riples le conduisent \u00e0 parcourir le monde, l\u2019Europe, l\u2019Afrique. Et m\u00eame lorsqu\u2019il est loin, il consacre son temps libre \u00e0 la peinture, il ne s\u2019arr\u00eate jamais de peindre, de visiter des mus\u00e9es, des expositions, d\u2019observer l\u2019architecture ou le design int\u00e9rieur. Il y a l\u00e0 pour lui quelque chose d\u2019initiatique : chaque destination est une inspiration qui nourrit son imaginaire et l\u2019impr\u00e8gne de nouvelles sensations.<\/p>\n<p class=\" wall-content\">Julien Penchenat est un homme de contrastes, \u00e0 l\u2019image de ses paysages. Solitaire et contemplatif mais profond\u00e9ment attach\u00e9 aux autres, il aime la sinc\u00e9rit\u00e9 et la simplicit\u00e9 des liens qu\u2019il trouve \u00e0 Montcuq. Ici, il retrouve des amis d\u2019enfance, des artistes, des gens vrais. Il aime la vie tranquille du village, les \u00e9changes spontan\u00e9s, la chaleur des rencontres. Et pourtant, il aime aussi la vie parisienne, son tumulte et sa richesse culturelle.<\/p>\n<p class=\" wall-content\">Il a pr\u00e9sent\u00e9 ses \u0153uvres \u00e0 Asni\u00e8res, \u00e0 Paris sur l\u2019\u00eele Saint-Louis, \u00e0 Albas, et bien s\u00fbr \u00e0 Montcuq, au Caf\u00e9 de France o\u00f9 il a os\u00e9 pour la premi\u00e8re fois, en 2020, montrer son travail au public. Ses cartes postales, vendues localement, prolongent ce lien entre son art et son village.<\/p>\n<p>Moments de gr\u00e2ce<\/p>\n<p class=\" wall-content\">Ce qu\u2019il aime par-dessus tout, c\u2019est peindre dehors, suivre la course du soleil, partir t\u00f4t le matin et rentrer tard le soir, habit\u00e9 par la lumi\u00e8re changeante. Chaque tableau devient le t\u00e9moin d\u2019un moment de gr\u00e2ce, d\u2019une \u00e9motion fugace qu\u2019il cherche \u00e0 immortaliser. Chez lui, le paysage est le reflet d\u2019un instant int\u00e9rieur, d\u2019une beaut\u00e9 qui le touche en plein c\u0153ur. Ses clients viennent principalement de l\u2019\u00e9tranger, Autriche, Allemagne, \u00c9tats-Unis ou Royaume-Uni. Ils reconnaissent dans ses toiles ce m\u00eame besoin d\u2019\u00e9vasion, cette nostalgie des lieux o\u00f9 il fait bon vivre.<\/p>\n<p>La nature, source d\u2019inspiration<\/p>\n<p class=\" wall-content\">Derri\u00e8re son calme apparent, Julien confie \u00eatre un grand inquiet, craignant parfois de ne plus trouver l\u2019inspiration. Mais la nature finit toujours par lui offrir ce qu\u2019il cherche : une lumi\u00e8re, un chemin, une rivi\u00e8re. Pour lui, peindre c\u2019est dialoguer avec le monde, traduire en couleurs ce que les mots ne savent pas dire.<\/p>\n<p class=\" wall-content\">Aujourd\u2019hui, il pr\u00e9pare une exposition \u00e0 Montcuq, un projet qui lui tient \u00e0 c\u0153ur. Il souhaite partager avec les habitants du village ces paysages qu\u2019ils connaissent si bien, mais qu\u2019il r\u00e9v\u00e8le sous un jour nouveau.<\/p>\n<p class=\" wall-content\">\u00c0 travers ses toiles, Julien Penchenat nous invite \u00e0 regarder autrement ce qui nous entoure, \u00e0 red\u00e9couvrir, dans la lumi\u00e8re d\u2019un matin ou dans le silence d\u2019un chemin, cette part de beaut\u00e9 qui rend le monde plus doux.<\/p>\n<p class=\" wall-content\"><b>C\u00e9cile INGALLS<\/b><\/p>\n<p>Pour aller plus loin : <a href=\"https:\/\/www.julienpenchenat.com\/work.html\" rel=\"nofollow noopener\" target=\"_blank\">www.julienpenchenat.com<\/a><\/p>\n<p class=\" wall-content\">Personnalisez votre actualit\u00e9 en ajoutant vos villes et m\u00e9dias en favori avec <a href=\"https:\/\/moncompte.actu.fr\" title=\"D\u00e9couvez Mon Actu\" rel=\"nofollow noopener\" data-trk=\"{&quot;cta&quot;:{&quot;action&quot;:&quot;https:\\\/\\\/moncompte.actu.fr&quot;,&quot;category&quot;:&quot;mon compte&quot;,&quot;from&quot;:&quot;article footer&quot;,&quot;name&quot;:&quot;Mon actu&quot;,&quot;type&quot;:&quot;cta&quot;}}\" target=\"_blank\">Mon Actu<\/a>.<\/p>\n","protected":false},"excerpt":{"rendered":"Par R\u00e9daction Cahors Publi\u00e9 le 16 nov. 2025 \u00e0 17h00 Entre Paris et Montcuq, dans le Lot, Julien&hellip;\n","protected":false},"author":2,"featured_media":539655,"comment_status":"","ping_status":"","sticky":false,"template":"","format":"standard","meta":{"footnotes":""},"categories":[1358],"tags":[1348,1384,1385,1386,58,59,1011,27,1652],"class_list":{"0":"post-539654","1":"post","2":"type-post","3":"status-publish","4":"format-standard","5":"has-post-thumbnail","7":"category-arts-et-design","8":"tag-arts","9":"tag-arts-and-design","10":"tag-arts-et-design","11":"tag-design","12":"tag-divertissement","13":"tag-entertainment","14":"tag-fr","15":"tag-france","16":"tag-loisirs-culture"},"share_on_mastodon":{"url":"https:\/\/pubeurope.com\/@fr\/115563643189004573","error":""},"_links":{"self":[{"href":"https:\/\/www.europesays.com\/fr\/wp-json\/wp\/v2\/posts\/539654","targetHints":{"allow":["GET"]}}],"collection":[{"href":"https:\/\/www.europesays.com\/fr\/wp-json\/wp\/v2\/posts"}],"about":[{"href":"https:\/\/www.europesays.com\/fr\/wp-json\/wp\/v2\/types\/post"}],"author":[{"embeddable":true,"href":"https:\/\/www.europesays.com\/fr\/wp-json\/wp\/v2\/users\/2"}],"replies":[{"embeddable":true,"href":"https:\/\/www.europesays.com\/fr\/wp-json\/wp\/v2\/comments?post=539654"}],"version-history":[{"count":0,"href":"https:\/\/www.europesays.com\/fr\/wp-json\/wp\/v2\/posts\/539654\/revisions"}],"wp:featuredmedia":[{"embeddable":true,"href":"https:\/\/www.europesays.com\/fr\/wp-json\/wp\/v2\/media\/539655"}],"wp:attachment":[{"href":"https:\/\/www.europesays.com\/fr\/wp-json\/wp\/v2\/media?parent=539654"}],"wp:term":[{"taxonomy":"category","embeddable":true,"href":"https:\/\/www.europesays.com\/fr\/wp-json\/wp\/v2\/categories?post=539654"},{"taxonomy":"post_tag","embeddable":true,"href":"https:\/\/www.europesays.com\/fr\/wp-json\/wp\/v2\/tags?post=539654"}],"curies":[{"name":"wp","href":"https:\/\/api.w.org\/{rel}","templated":true}]}}