{"id":53966,"date":"2025-04-26T08:47:09","date_gmt":"2025-04-26T08:47:09","guid":{"rendered":"https:\/\/www.europesays.com\/fr\/53966\/"},"modified":"2025-04-26T08:47:09","modified_gmt":"2025-04-26T08:47:09","slug":"airparif-dans-les-coulisses-des-mesures-de-qualite-de-lair-francilien","status":"publish","type":"post","link":"https:\/\/www.europesays.com\/fr\/53966\/","title":{"rendered":"Airparif\u00a0: dans les coulisses des mesures de qualit\u00e9 de l\u2019air francilien"},"content":{"rendered":"<p>Le Conseil d\u2019\u00c9tat a consid\u00e9r\u00e9 ce vendredi 25\u00a0avril que \u00ab\u00a0les mesures prises pour respecter les seuils de pollution ont port\u00e9 leurs fruits\u00a0\u00bb et a annonc\u00e9 que l\u2019\u00c9tat fran\u00e7ais avait \u00ab\u00a0ex\u00e9cut\u00e9 sa d\u00e9cision de justice de 2017 dans sa totalit\u00e9\u00a0\u00bb. \u00ab\u00a0Plus aucune zone ne d\u00e9passe les seuils de pollution aux particules fines (PM10) et le seuil de pollution au dioxyde d\u2019azote (NO2) est quasiment respect\u00e9 \u00e0 Lyon et proche de l\u2019\u00eatre \u00e0 Paris\u00a0\u00bb, a indiqu\u00e9 le Conseil d\u2019\u00c9tat, suivant l\u2019avis de la rapporteure. Un point contest\u00e9 par l\u2019association les Amis de la Terre,<a href=\"https:\/\/www.humanite.fr\/societe\/grand-paris\/en-ile-de-france-80-des-habitants-sont-exposes-a-des-seuils-de-pollution-sonore-et-atmospherique-trop-eleves\" data-type=\"post\" data-id=\"2160171\" target=\"_blank\" rel=\"noopener\"> \u00e0 l\u2019origine du recours qui avait fait condamner l\u2019\u00c9tat \u00e0 une astreinte, qui pointait le contexte m\u00e9t\u00e9orologique de 2024 \u00e0 Lyon et une situation encore au-dessus des seuils en \u00cele-de-France.<\/a><\/p>\n<p>Depuis 20\u00a0ans, la qualit\u00e9 de l\u2019air progresse\u2026 trop lentement\u00a0!<\/p>\n<p>Chaque ann\u00e9e, la pollution de l\u2019air cause 7\u00a0900 morts pr\u00e9matur\u00e9es en \u00cele-de-France, soit 11\u00a0% des d\u00e9c\u00e8s, selon Airparif, l\u2019association qui mesure les polluants et informe en temps r\u00e9el les Franciliens. <a href=\"https:\/\/www.humanite.fr\/environnement\/environnement\/la-pollution-de-lair-a-baisse-de-moitie-en-vingt-ans-en-ile-de-france\" data-type=\"post\" data-id=\"2770466\" target=\"_blank\" rel=\"noopener\">Pour autant, la qualit\u00e9 de l\u2019air s\u2019est globalement am\u00e9lior\u00e9e.<\/a> \u00ab\u00a0Les concentrations des polluants les plus nocifs pour la sant\u00e9 ont baiss\u00e9 en moyenne de 55\u00a0% sur l\u2019ensemble de l\u2019\u00cele-de-France depuis une vingtaine d\u2019ann\u00e9es\u00a0\u00bb, indique Antoine Trouche, ing\u00e9nieur \u00e0 Airparif. Les concentrations de dioxyde d\u2019azote (NO2) \u2013 un gaz polluant qui aggrave notamment le risque de mortalit\u00e9 li\u00e9 au diab\u00e8te et aux AVC \u2013 ont baiss\u00e9 en moyenne de 45\u00a0% entre 2014 et 2024. <a href=\"https:\/\/www.humanite.fr\/societe\/ile-de-france\/particules-fines-la-carte-des-13-stations-de-metro-et-de-rer-les-plus-polluees-de-paris\" data-type=\"post\" data-id=\"2442415\" target=\"_blank\" rel=\"noopener\">Les concentrations de particules fines (PM2.5)<\/a>, dont l\u2019inhalation augmente le risque de maladies cardiovasculaires et respiratoires et impacte la sant\u00e9 p\u00e9rinatale, ont baiss\u00e9 en moyenne de 35\u00a0% entre 2014 et 2024. Un effet des normes europ\u00e9ennes sur les \u00e9missions et les filtres des voitures et de la baisse des v\u00e9hicules diesel et de la diminution du nombre de kilom\u00e8tres parcourus en voiture, particuli\u00e8rement \u00e0 Paris avec une baisse de 25\u00a0% en 20\u00a0ans et \u00ab\u00a0hors p\u00e9riph\u00e9rique, de 50\u00a0%\u00a0\u00bb, pr\u00e9cise Antoine Trouche. C\u00f4t\u00e9 habitations, les \u00e9volutions et am\u00e9liorations des modes de chauffage et la r\u00e9novation thermique ont eu un impact favorable. Une exception\u00a0notable\u00a0: l\u2019ozone de basse altitude, li\u00e9 aux conditions m\u00e9t\u00e9o. Or, \u00ab\u00a0qui dit r\u00e9chauffement climatique, dit plus de p\u00e9riodes de forte chaleur, donc de p\u00e9riodes favorables \u00e0 la production d\u2019ozone\u00a0\u00bb, pr\u00e9cise l\u2019ing\u00e9nieur. Sur des dur\u00e9es plus longues, poursuit Antoine Trouche, la \u00ab\u00a0d\u00e9sindustrialisation\u00a0\u00bb de la r\u00e9gion est \u00e0 prendre en compte, tout comme la \u00ab\u00a0taxation des \u00e9missions de polluants industriels.\u00a0\u00bb<\/p>\n<p>Au c\u0153ur de la station d\u2019Airparif<\/p>\n<p>Mais comment les mesures sont-elles effectu\u00e9es\u00a0? Les promeneurs attentifs auront peut-\u00eatre remarqu\u00e9, dans une all\u00e9e du jardin des Halles \u00e0 Paris, un enclos duquel d\u00e9passent de curieuses petites chemin\u00e9es. Plac\u00e9s \u00e0 hauteur de respiration, ces capteurs servent \u00e0 mesurer la pollution de l\u2019air. Juste \u00e0 c\u00f4t\u00e9, un escalier dissimul\u00e9 par des barri\u00e8res plonge dans \u00ab\u00a0la station\u00a0de r\u00e9f\u00e9rence pour comprendre ce qu\u2019on respire quand on n\u2019est pas \u00e0 c\u00f4t\u00e9 imm\u00e9diat d\u2019un axe de circulation \u00e0 Paris\u00a0\u00bb, r\u00e9v\u00e8le Antoine Trouche.<\/p>\n<p>Plus discrets, des kiosques \u00e0 journaux jamais ouverts ou bungalows ferm\u00e9s situ\u00e9s le long des axes de circulation comptent en r\u00e9alit\u00e9 parmi la cinquantaine des stations de mesures permanentes d\u2019Airparif, l\u2019association francilienne agr\u00e9\u00e9e de surveillance de la qualit\u00e9 de l\u2019air (AASQA). Chaque r\u00e9gion en compte une, la r\u00e9glementation de l\u2019Union europ\u00e9enne obligeant les \u00c9tats \u00e0 mesurer la qualit\u00e9 de l\u2019air sur l\u2019ensemble du territoire depuis les ann\u00e9es quatre-vingt-dix. Dans la station des Halles, tout est automatis\u00e9. Les donn\u00e9es transmises toutes les quinze minutes \u00e0 un laboratoire, non loin de la place de la Bastille, o\u00f9 sont bas\u00e9s les 75 salari\u00e9s de l\u2019association.<\/p>\n<p>Ces mesures compl\u00e8tent un \u00ab\u00a0inventaire\u00a0\u00bb, aliment\u00e9 par les boucles de comptage des v\u00e9hicules le long des axes de circulation ou les enqu\u00eates sur le chauffage des Franciliens\u00a0: \u00ab\u00a0On quantifie, activit\u00e9 par activit\u00e9, commune par commune et heure par heure, les polluants \u00e9mis sur l\u2019ensemble de l\u2019\u00cele-de-France.\u00a0\u00bb Ainsi dans la r\u00e9gion parisienne, expose Antoine Trouche, \u00ab\u00a0le chauffage au bois est la principale source d\u2019\u00e9missions directes de particules, \u00e0 hauteur de deux tiers, alors qu\u2019il ne repr\u00e9sente qu\u2019une part tr\u00e8s faible du chauffage.\u00a0\u00bb Juste derri\u00e8re, le trafic routier compte pour 15\u00a0% des \u00e9missions directes de particules, et la moiti\u00e9 des \u00e9missions de dioxyde d\u2019azote.<\/p>\n<p>Une concentration des polluants tr\u00e8s d\u00e9pendante de la m\u00e9t\u00e9o<\/p>\n<p>Plusieurs millions de donn\u00e9es sont produites tous les jours. Ce ne sont pourtant pas les seuls \u00e9l\u00e9ments \u00e0 prendre en compte, explique Antoine Trouche\u00a0: \u00ab\u00a0Une fois la pollution \u00e9mise, il peut lui arriver plein de choses. En fonction de la m\u00e9t\u00e9o, elle va \u00eatre plus ou moins dispers\u00e9e\u00a0\u00bb selon la pr\u00e9sence de vent, ou de pluie qui \u00ab\u00a0rabat les particules au sol, et absorbe les gaz polluants\u00a0\u00bb, par exemple. Des informations essentielles, car les polluants \u00e9mis peuvent se combiner pour en former d\u2019autres sous certaines conditions m\u00e9t\u00e9orologiques. C\u2019est le cas de l\u2019ozone, tr\u00e8s nocif et dont la dur\u00e9e de vie dans l\u2019atmosph\u00e8re est \u00e9lev\u00e9e.<\/p>\n<p>Airparif travaille donc avec M\u00e9t\u00e9o France, et avec le programme europ\u00e9en Copernicus pour ses donn\u00e9es satellitaires, afin de comprendre les flux d\u2019une r\u00e9gion \u00e0 l\u2019autre\u00a0: \u00ab\u00a0On utilise des outils de mod\u00e9lisation informatique qui d\u00e9crivent comment ces diff\u00e9rents ph\u00e9nom\u00e8nes vont influer sur la dispersion ou la concentration des polluants.\u00a0\u00bb Les cartes qui en sont issues sont compar\u00e9es avec les mesures effectives des stations, et corrig\u00e9es si besoin.<\/p>\n<p>Outre la composition chimique des particules, leur taille est \u00e9galement \u00e0 prendre en compte\u00a0: \u00ab\u00a0Le premier facteur d\u2019impact sur la sant\u00e9 vient de leur taille.\u00a0\u00bb Ce qui n\u2019est pas sans difficult\u00e9s pour les \u00e9tudier. \u00ab\u00a0L\u00e0, c\u2019est un peu notre bijou\u00a0\u00bb, plaisante\u00a0Antoine Trouche en d\u00e9signant une machine dans un recoin de la station. Deux blocs reli\u00e9s par le dessus, d\u2019o\u00f9 \u00e9mergent des tuyaux\u00a0: le \u00ab\u00a0bijou\u00a0\u00bb \u2013 un SMPS de son vrai nom \u2013 permet de rendre visible les particules pour les comptabiliser. Un atout, notamment pour recenser les particules ultrafines, de moins de 0,1 microm\u00e8tre de diam\u00e8tre. \u00ab\u00a0Plus elles sont petites, plus elles vont loin dans le corps. Quand elles rentrent dans les alv\u00e9oles pulmonaires, elles peuvent passer la barri\u00e8re des poumons et entrer dans le sang.\u00a0Elles ont un impact sur l\u2019ensemble des organes, notamment l\u2019appareil cardiovasculaire, et peuvent remonter, pour une part, jusqu\u2019au cerveau.\u00a0\u00bb Une information peu rassurante, d\u2019autant que ces polluants ne sont pas r\u00e9glement\u00e9s. \u00ab\u00a0On est s\u00fbr qu\u2019ils sont nocifs pour la sant\u00e9, mais on ne sait pas dans quelle proportion ni \u00e0 partir de quel seuil\u00a0\u00bb, d\u00e9plore l\u2019ing\u00e9nieur.<\/p>\n<p>Airparif fournit \u00e9galement des donn\u00e9es destin\u00e9es \u00e0 la recherche\u00a0: \u00ab\u00a0On esp\u00e8re qu\u2019\u00e0 terme, cela pourra alimenter la r\u00e9glementation pour mettre en place des seuils.\u00a0\u00bb Si les AASQA ne font \u00ab\u00a0pas de plaidoyer\u00a0\u00bb, insiste Antoine Trouche, une de leurs missions est d\u2019\u00e9valuer l\u2019efficacit\u00e9 des politiques publiques en mati\u00e8re de qualit\u00e9 de l\u2019air. Leur conseil d\u2019administration est d\u2019ailleurs compos\u00e9 \u00e0 parts \u00e9gales de repr\u00e9sentants de l\u2019\u00c9tat, des collectivit\u00e9s, des entreprises implant\u00e9es sur le territoire, et des ONG et chercheurs. Les trois premiers contribuent \u00e0 son financement, pour un budget annuel de 70\u00a0millions d\u2019euros en 2023 dans le cas d\u2019Airparif.<\/p>\n<p>Les Franciliens, malades de l\u2019air qu\u2019ils respirent\u00a0?<\/p>\n<p>Car les impacts de la pollution de l\u2019air sur la sant\u00e9 ne sont pas n\u00e9gligeables. En \u00cele-de-France, elle fait reculer l\u2019esp\u00e9rance de vie de 10 mois, 12 pour la capitale. Une \u00e9tude r\u00e9cente d\u2019Airparif montre qu\u2019environ 15 \u00e0 20\u00a0% des nouveaux cas d\u2019asthme, de cancer du poumon, de bronchopneumopathie chronique obstructive qui surviennent chaque ann\u00e9e dans la r\u00e9gion sont dus \u00e0 l\u2019exposition \u00e0 la pollution de l\u2019air.<\/p>\n<p>\u00ab\u00a0Les politiques mises en place \u00e0 l\u2019\u00e9chelle europ\u00e9enne, nationale et locale ont eu un impact positif sur la qualit\u00e9 de l\u2019air\u00a0\u00bb, r\u00e9sume l\u2019ing\u00e9nieur. Pour autant, dans l\u2019Union europ\u00e9enne, les valeurs limites r\u00e9glementaires fixent \u00ab\u00a0des seuils \u00e0 ne pas d\u00e9passer en tout point d\u2019un territoire. On les d\u00e9passe toujours ponctuellement en \u00cele-de-France, alors que ces normes sont en place depuis 2008.\u00a0\u00bb En 2024, plus de 2,6\u00a0millions de Franciliens respiraient un air dont les concentrations de polluants \u00e9taient sup\u00e9rieures aux seuils de la nouvelle directive europ\u00e9enne, \u00e0 respecter en 2030.<\/p>\n<p>L\u2019OMS \u00e9met \u00e9galement des recommandations de seuils \u00e0 ne pas d\u00e9passer, rappelle Antoine Trouche, \u00ab\u00a0\u00e0 partir desquels il y a un consensus scientifique pour dire qu\u2019au-del\u00e0, la pollution de l\u2019air est nocive pour la sant\u00e9.\u00a0Ils sont \u00e0 l\u2019heure actuelle d\u00e9pass\u00e9s sur toute l\u2019\u00cele-de-France.\u00a0\u00bb Si la qualit\u00e9 de l\u2019air s\u2019est am\u00e9lior\u00e9e, il y a encore du chemin \u00e0 parcourir.<\/p>\n","protected":false},"excerpt":{"rendered":"Le Conseil d\u2019\u00c9tat a consid\u00e9r\u00e9 ce vendredi 25\u00a0avril que \u00ab\u00a0les mesures prises pour respecter les seuils de pollution&hellip;\n","protected":false},"author":2,"featured_media":53967,"comment_status":"","ping_status":"","sticky":false,"template":"","format":"standard","meta":{"footnotes":""},"categories":[1592],"tags":[1111,11,1777,674,1011,27,662,12,14821,626,5170,25],"class_list":{"0":"post-53966","1":"post","2":"type-post","3":"status-publish","4":"format-standard","5":"has-post-thumbnail","7":"category-ile-de-france","8":"tag-actu","9":"tag-actualites","10":"tag-eu","11":"tag-europe","12":"tag-fr","13":"tag-france","14":"tag-ile-de-france","15":"tag-news","16":"tag-ozone","17":"tag-paris","18":"tag-pollution-de-lair","19":"tag-republique-francaise"},"share_on_mastodon":{"url":"https:\/\/pubeurope.com\/@fr\/114403399674089051","error":""},"_links":{"self":[{"href":"https:\/\/www.europesays.com\/fr\/wp-json\/wp\/v2\/posts\/53966","targetHints":{"allow":["GET"]}}],"collection":[{"href":"https:\/\/www.europesays.com\/fr\/wp-json\/wp\/v2\/posts"}],"about":[{"href":"https:\/\/www.europesays.com\/fr\/wp-json\/wp\/v2\/types\/post"}],"author":[{"embeddable":true,"href":"https:\/\/www.europesays.com\/fr\/wp-json\/wp\/v2\/users\/2"}],"replies":[{"embeddable":true,"href":"https:\/\/www.europesays.com\/fr\/wp-json\/wp\/v2\/comments?post=53966"}],"version-history":[{"count":0,"href":"https:\/\/www.europesays.com\/fr\/wp-json\/wp\/v2\/posts\/53966\/revisions"}],"wp:featuredmedia":[{"embeddable":true,"href":"https:\/\/www.europesays.com\/fr\/wp-json\/wp\/v2\/media\/53967"}],"wp:attachment":[{"href":"https:\/\/www.europesays.com\/fr\/wp-json\/wp\/v2\/media?parent=53966"}],"wp:term":[{"taxonomy":"category","embeddable":true,"href":"https:\/\/www.europesays.com\/fr\/wp-json\/wp\/v2\/categories?post=53966"},{"taxonomy":"post_tag","embeddable":true,"href":"https:\/\/www.europesays.com\/fr\/wp-json\/wp\/v2\/tags?post=53966"}],"curies":[{"name":"wp","href":"https:\/\/api.w.org\/{rel}","templated":true}]}}