{"id":539660,"date":"2025-11-17T06:36:32","date_gmt":"2025-11-17T06:36:32","guid":{"rendered":"https:\/\/www.europesays.com\/fr\/539660\/"},"modified":"2025-11-17T06:36:32","modified_gmt":"2025-11-17T06:36:32","slug":"les-5-meilleurs-films-des-utopiales-2025-scarlet-et-leternite-lesbian-space-princess","status":"publish","type":"post","link":"https:\/\/www.europesays.com\/fr\/539660\/","title":{"rendered":"Les 5 meilleurs films des Utopiales 2025 (Scarlet et l&rsquo;\u00e9ternit\u00e9, Lesbian Space Princess&#8230;)"},"content":{"rendered":"<p><strong>Ecran Large \u00e9tait au festival de science-fiction des Utopiales, o\u00f9 \u00e9taient projet\u00e9s quelques \u00e9tranget\u00e9s bient\u00f4t sur vos \u00e9crans. Petit floril\u00e8ge.<\/strong><\/p>\n<p>Chaque ann\u00e9e, la Cit\u00e9 des Congr\u00e8s de Nantes se transforme en vaisseau amiral des Utopiales, festival pluridisciplinaire d\u00e9di\u00e9 \u00e0 la science-fiction sous toutes ses formes. En plus des conf\u00e9rences, s\u00e9ances de jeux de r\u00f4le, ateliers et autres r\u00e9jouissances,<strong> la programmation cin\u00e9ma s&rsquo;\u00e9tale sur 4 jours<\/strong> avec des s\u00e9ances r\u00e9trospectives, des courts-m\u00e9trages et une s\u00e9lection de longs-m\u00e9trages aussi diversifi\u00e9e qu&rsquo;al\u00e9atoire, l&rsquo;une des s\u00e9ances de cette ann\u00e9e confinant \u00e0 la s\u00e9ance de torture (<strong>Tamala 2030 : A Punk Cat in Dark<\/strong>).<\/p>\n<p>\nhttps:\/\/www.ecranlarge.com\/films\/dossier\/intelligences-artificielles-body-horror-utopiales\n<\/p>\n<p>De bons films, il y en a aussi pl\u00e9thore. On en a s\u00e9lectionn\u00e9 5, qui vont de la bonne tranche de rire au high-concept naturel, en passant par l&rsquo;un des blockbusters d&rsquo;animation les plus attendus de l&rsquo;ann\u00e9e prochaine. \u00c0 noter qu&rsquo;on n&rsquo;a pas inclus le vainqueur du Prix du Public, Hi Five, un film de super-h\u00e9ros familial cor\u00e9en tout ce qu&rsquo;il y a de plus oubliable malgr\u00e9 quelques bons gags.<\/p>\n<p><img decoding=\"async\" src=\"https:\/\/www.europesays.com\/fr\/wp-content\/uploads\/2025\/11\/mv5byjflnmfjytmtywy5nc00otc1ltgwztitymy4zjg1mgzlodi1xkeyxkfqcgc._v1__jpg.jpg\" alt=\"Hi Five\"\/><\/p>\n<p>Hi Five<\/p>\n<p>The Black Hole<\/p>\n<p><img decoding=\"async\" src=\"https:\/\/www.europesays.com\/fr\/wp-content\/uploads\/2025\/11\/v1-0008_a228c011_221201xr_000000.2e16d0ba.fill-1180x700-1.jpg\" alt=\"The Black Hole\"\/><\/p>\n<p>Yep<\/p>\n<p>Le prix du Jury de l&rsquo;\u00e9dition 2025 est un dr\u00f4le de bidule r\u00e9tro-absurde, compos\u00e9 de plusieurs adaptations de nouvelles dans un contexte social d\u00e9primant. <strong><a href=\"https:\/\/www.ecranlarge.com\/films\/the-black-hole\" data-type=\"link\" data-id=\"https:\/\/www.ecranlarge.com\/films\/the-black-hole\" rel=\"nofollow noopener\" target=\"_blank\">The Black Hole<\/a><\/strong> n&rsquo;est probablement la plus grande r\u00e9ussite dans le genre, mais il trouve un \u00e9quilibre assez curieux entre fable humaine \u00e0 cheval entre ses deux pays de production (la Finlande, Eden extra-terrestre o\u00f9 les personnages veulent tous \u00e9migrer, et l&rsquo;Estonie, paysage d\u00e9sol\u00e9 o\u00f9 ils sont coinc\u00e9s) et <strong>sketch de science-fiction tr\u00e8s inspir\u00e9 des ann\u00e9es 1950 et de la Quatri\u00e8me dimension<\/strong>.<\/p>\n<p>&#8230;<\/p>\n","protected":false},"excerpt":{"rendered":"Ecran Large \u00e9tait au festival de science-fiction des Utopiales, o\u00f9 \u00e9taient projet\u00e9s quelques \u00e9tranget\u00e9s bient\u00f4t sur vos \u00e9crans.&hellip;\n","protected":false},"author":2,"featured_media":539661,"comment_status":"","ping_status":"","sticky":false,"template":"","format":"standard","meta":{"footnotes":""},"categories":[1354],"tags":[58,59,1346,1011,27,1360],"class_list":{"0":"post-539660","1":"post","2":"type-post","3":"status-publish","4":"format-standard","5":"has-post-thumbnail","7":"category-films","8":"tag-divertissement","9":"tag-entertainment","10":"tag-films","11":"tag-fr","12":"tag-france","13":"tag-movies"},"share_on_mastodon":{"url":"https:\/\/pubeurope.com\/@fr\/115563658861093002","error":""},"_links":{"self":[{"href":"https:\/\/www.europesays.com\/fr\/wp-json\/wp\/v2\/posts\/539660","targetHints":{"allow":["GET"]}}],"collection":[{"href":"https:\/\/www.europesays.com\/fr\/wp-json\/wp\/v2\/posts"}],"about":[{"href":"https:\/\/www.europesays.com\/fr\/wp-json\/wp\/v2\/types\/post"}],"author":[{"embeddable":true,"href":"https:\/\/www.europesays.com\/fr\/wp-json\/wp\/v2\/users\/2"}],"replies":[{"embeddable":true,"href":"https:\/\/www.europesays.com\/fr\/wp-json\/wp\/v2\/comments?post=539660"}],"version-history":[{"count":0,"href":"https:\/\/www.europesays.com\/fr\/wp-json\/wp\/v2\/posts\/539660\/revisions"}],"wp:featuredmedia":[{"embeddable":true,"href":"https:\/\/www.europesays.com\/fr\/wp-json\/wp\/v2\/media\/539661"}],"wp:attachment":[{"href":"https:\/\/www.europesays.com\/fr\/wp-json\/wp\/v2\/media?parent=539660"}],"wp:term":[{"taxonomy":"category","embeddable":true,"href":"https:\/\/www.europesays.com\/fr\/wp-json\/wp\/v2\/categories?post=539660"},{"taxonomy":"post_tag","embeddable":true,"href":"https:\/\/www.europesays.com\/fr\/wp-json\/wp\/v2\/tags?post=539660"}],"curies":[{"name":"wp","href":"https:\/\/api.w.org\/{rel}","templated":true}]}}