{"id":539666,"date":"2025-11-17T06:40:15","date_gmt":"2025-11-17T06:40:15","guid":{"rendered":"https:\/\/www.europesays.com\/fr\/539666\/"},"modified":"2025-11-17T06:40:15","modified_gmt":"2025-11-17T06:40:15","slug":"voici-le-changement-attendu-en-2026","status":"publish","type":"post","link":"https:\/\/www.europesays.com\/fr\/539666\/","title":{"rendered":"voici le changement attendu en 2026"},"content":{"rendered":"<p>Contrairement \u00e0 ses concurrents sur le march\u00e9 des smartphones, <a href=\"https:\/\/www.presse-citron.net\/bourse\/acheter-actions\/apple\/\" rel=\"nofollow noopener\" target=\"_blank\">Apple<\/a> a toujours opt\u00e9 pour un cycle annuel. Depuis 2011, les nouveaux iPhone sortent en automne (\u00e0 l\u2019exception des ann\u00e9es o\u00f9 un iPhone \u00ab\u00a0SE\u00a0\u00bb est \u00e9galement lanc\u00e9). Mais, d\u2019apr\u00e8s la derni\u00e8re newsletter du journaliste Mark Gurman (Bloomberg), ce mod\u00e8le est devenu un fardeau pour Apple. La raison\u00a0: Apple sort aujourd\u2019hui plus de mod\u00e8les par an et le nombre devrait encore augmenter.<\/p>\n<p>Ainsi, la firme aurait d\u00e9cid\u00e9 d\u2019organiser deux lancements par an. Et ce nouveau calendrier serait appliqu\u00e9 \u00e0 partir de 2026. En automne, Apple ne pr\u00e9senterait que trois nouveaux mod\u00e8les\u00a0: l\u2019iPhone 18 Pro, l\u2019iPhone 18 Pro Max, ainsi que l\u2019iPhone pliable. Puis, l\u2019iPhone 18, l\u2019iPhone 18e et peut-\u00eatre l\u2019iPhone Air 2 seraient pr\u00e9sent\u00e9s six mois plus tard. Ce nouveau calendrier permettrait \u00e0 Apple de stabiliser ses revenus tout au long de l\u2019ann\u00e9e, tout en r\u00e9duisant la pression sur ses employ\u00e9s et sur ses fournisseurs.<\/p>\n<p> Une nouvelle \u00e8re pour Apple <\/p>\n<p>Outre cela, la firme devrait \u00e9galement proposer plus de nouveaut\u00e9s \u00e0 ses fans. Cela a d\u00e9j\u00e0 commenc\u00e9, cette ann\u00e9e, avec la pr\u00e9sentation de l\u2019iPhone Air. Et, l\u2019ann\u00e9e prochaine, la firme devrait enfin lancer son premier iPhone pliable. Puis, en 2027, celle-ci pr\u00e9senterait un nouvel iPhone avec un \u00e9cran incurv\u00e9 et un capteur photo frontal masqu\u00e9 sous l\u2019\u00e9cran (donc, plus d\u2019encoche).<\/p>\n<p>Par ailleurs, la fa\u00e7on dont Apple met \u00e0 jour iOS pourrait aussi changer. Au lieu de sortir une grande mise \u00e0 jour par ann\u00e9e, durant l\u2019automne, la firme pourrait aussi lancer d\u2019importantes nouveaut\u00e9s pour son syst\u00e8me d\u2019exploitation au printemps.<\/p>\n<p>Mais, comme d\u2019habitude, ces informations sont encore \u00e0 consid\u00e9rer avec prudence, puisqu\u2019elles ne proviennent pas d\u2019une source officielle.<\/p>\n<ul class=\"tldr\">\n<li>Apple pourrait mettre fin \u00e0 son cycle annuel, pour le lancement des nouveaux iPhone<\/li>\n<li>La firme aurait d\u00e9cid\u00e9 d\u2019appliquer un nouveau calendrier\u00a0: les mod\u00e8les les plus chers seraient toujours pr\u00e9sent\u00e9s en automne, mais les mod\u00e8les les moins chers seraient pr\u00e9sent\u00e9s au printemps<\/li>\n<li>L\u2019objectif serait de stabiliser les revenus tout au long de l\u2019ann\u00e9e, tout en r\u00e9duisant la pression sur les employ\u00e9s et sur les fournisseurs, alors que le nombre de nouveaux iPhone par an augmente<\/li>\n<\/ul>\n<blockquote>\n<p class=\"text-base text-neutral-700 dark:text-neutral-300\">\ud83d\udccd Pour ne manquer aucune actualit\u00e9 de Presse-citron, suivez-nous sur <a href=\"https:\/\/news.google.com\/publications\/CAAqBggKMIPiNTC70wU?hl=fr&amp;gl=FR&amp;ceid=FR%3Afr\" target=\"_blank\" rel=\"nofollow noopener\">Google Actualit\u00e9s<\/a> et <a href=\"https:\/\/whatsapp.com\/channel\/0029VaCkGuz4NViitBXbEr0b\" target=\"_blank\" rel=\"nofollow noopener\">WhatsApp<\/a>.<\/p>\n<\/blockquote>\n","protected":false},"excerpt":{"rendered":"Contrairement \u00e0 ses concurrents sur le march\u00e9 des smartphones, Apple a toujours opt\u00e9 pour un cycle annuel. Depuis&hellip;\n","protected":false},"author":2,"featured_media":539667,"comment_status":"","ping_status":"","sticky":false,"template":"","format":"standard","meta":{"footnotes":""},"categories":[7],"tags":[733,1011,27,655,43,40,41,39,42,44],"class_list":{"0":"post-539666","1":"post","2":"type-post","3":"status-publish","4":"format-standard","5":"has-post-thumbnail","7":"category-sciences-et-technologies","8":"tag-apple","9":"tag-fr","10":"tag-france","11":"tag-iphone","12":"tag-science","13":"tag-science-and-technology","14":"tag-sciences","15":"tag-sciences-et-technologies","16":"tag-technologies","17":"tag-technology"},"share_on_mastodon":{"url":"https:\/\/pubeurope.com\/@fr\/115563673987265983","error":""},"_links":{"self":[{"href":"https:\/\/www.europesays.com\/fr\/wp-json\/wp\/v2\/posts\/539666","targetHints":{"allow":["GET"]}}],"collection":[{"href":"https:\/\/www.europesays.com\/fr\/wp-json\/wp\/v2\/posts"}],"about":[{"href":"https:\/\/www.europesays.com\/fr\/wp-json\/wp\/v2\/types\/post"}],"author":[{"embeddable":true,"href":"https:\/\/www.europesays.com\/fr\/wp-json\/wp\/v2\/users\/2"}],"replies":[{"embeddable":true,"href":"https:\/\/www.europesays.com\/fr\/wp-json\/wp\/v2\/comments?post=539666"}],"version-history":[{"count":0,"href":"https:\/\/www.europesays.com\/fr\/wp-json\/wp\/v2\/posts\/539666\/revisions"}],"wp:featuredmedia":[{"embeddable":true,"href":"https:\/\/www.europesays.com\/fr\/wp-json\/wp\/v2\/media\/539667"}],"wp:attachment":[{"href":"https:\/\/www.europesays.com\/fr\/wp-json\/wp\/v2\/media?parent=539666"}],"wp:term":[{"taxonomy":"category","embeddable":true,"href":"https:\/\/www.europesays.com\/fr\/wp-json\/wp\/v2\/categories?post=539666"},{"taxonomy":"post_tag","embeddable":true,"href":"https:\/\/www.europesays.com\/fr\/wp-json\/wp\/v2\/tags?post=539666"}],"curies":[{"name":"wp","href":"https:\/\/api.w.org\/{rel}","templated":true}]}}