{"id":539672,"date":"2025-11-17T06:44:13","date_gmt":"2025-11-17T06:44:13","guid":{"rendered":"https:\/\/www.europesays.com\/fr\/539672\/"},"modified":"2025-11-17T06:44:13","modified_gmt":"2025-11-17T06:44:13","slug":"en-direct-budget-2026-lassemblee-sempare-du-projet-de-loi-de-fin-de-gestion-polemique-autour-de-credits-pour-les-energies-renouvelables","status":"publish","type":"post","link":"https:\/\/www.europesays.com\/fr\/539672\/","title":{"rendered":"EN DIRECT &#8211; Budget 2026 : l\u2019Assembl\u00e9e s\u2019empare du projet de loi de fin de gestion, pol\u00e9mique autour de cr\u00e9dits pour les \u00e9nergies renouvelables"},"content":{"rendered":"<p role=\"heading\" aria-level=\"3\">L\u2019Assembl\u00e9e rouvre les finances 2025, avec un d\u00e9bat attendu sur la perte de TVA<\/p>\n<p class=\"fig-paragraph\">Apr\u00e8s une pause ce week-end, les d\u00e9put\u00e9s retournent sur les bancs de l\u2019Assembl\u00e9e nationale pour \u00e9tudier le projet de loi de fin de gestion (PLFG), texte \u00abtechnique\u00bb ajustant les finances de 2025, mais aussi tr\u00e8s politique, avec notamment des d\u00e9bats en vue sur les causes de la baisse des recettes de TVA.<\/p>\n<p class=\"fig-paragraph\">\u00abC\u2019est un texte technique\u00bb, a assur\u00e9 en commission des Finances la ministre des Comptes publics Am\u00e9lie de\u00a0Montchalin. Sans manquer de se f\u00e9liciter que la France \u00e9tait \u00aben passe de remplir\u00bb son objectif de d\u00e9ficit public pour 2025 autour de 5,4% (5,8% en 2024).<\/p>\n<p class=\"fig-paragraph\">Le texte, qui sera examin\u00e9 \u00e0 partir de 21H30, pr\u00e9voit quelques ouvertures de cr\u00e9dits. Certaines relativement consensuelles, comme 190 millions pour des d\u00e9penses de s\u00e9curit\u00e9 en Outre-mer et contre les incendies estivaux.<\/p>\n<p>    Les d\u00e9put\u00e9s \u00e0 l\u2019Assembl\u00e9e nationale le 31 octobre 2025.<br \/>\n                Gonzalo Fuentes \/ REUTERS<\/p>\n","protected":false},"excerpt":{"rendered":"L\u2019Assembl\u00e9e rouvre les finances 2025, avec un d\u00e9bat attendu sur la perte de TVA Apr\u00e8s une pause ce&hellip;\n","protected":false},"author":2,"featured_media":539673,"comment_status":"","ping_status":"","sticky":false,"template":"","format":"standard","meta":{"footnotes":""},"categories":[2],"tags":[339,11,416,340,1003,343,345,350,130,344,352,349,33,341,313,1011,27,346,342,353,351,347,12,348,7121,354],"class_list":{"0":"post-539672","1":"post","2":"type-post","3":"status-publish","4":"format-standard","5":"has-post-thumbnail","7":"category-actualites","8":"tag-actualite-economique","9":"tag-actualites","10":"tag-assemblee-nationale","11":"tag-bourse","12":"tag-budget","13":"tag-cac-40","14":"tag-chef-dentreprise","15":"tag-concurrence","16":"tag-consommation","17":"tag-creation-dentreprise","18":"tag-crise","19":"tag-delocalisations","20":"tag-economie","21":"tag-emploi","22":"tag-entreprises","23":"tag-fr","24":"tag-france","25":"tag-grands-patrons","26":"tag-impots","27":"tag-licenciements","28":"tag-monopole","29":"tag-multinationales","30":"tag-news","31":"tag-privatisation","32":"tag-tva","33":"tag-unio"},"share_on_mastodon":{"url":"https:\/\/pubeurope.com\/@fr\/115563689683372579","error":""},"_links":{"self":[{"href":"https:\/\/www.europesays.com\/fr\/wp-json\/wp\/v2\/posts\/539672","targetHints":{"allow":["GET"]}}],"collection":[{"href":"https:\/\/www.europesays.com\/fr\/wp-json\/wp\/v2\/posts"}],"about":[{"href":"https:\/\/www.europesays.com\/fr\/wp-json\/wp\/v2\/types\/post"}],"author":[{"embeddable":true,"href":"https:\/\/www.europesays.com\/fr\/wp-json\/wp\/v2\/users\/2"}],"replies":[{"embeddable":true,"href":"https:\/\/www.europesays.com\/fr\/wp-json\/wp\/v2\/comments?post=539672"}],"version-history":[{"count":0,"href":"https:\/\/www.europesays.com\/fr\/wp-json\/wp\/v2\/posts\/539672\/revisions"}],"wp:featuredmedia":[{"embeddable":true,"href":"https:\/\/www.europesays.com\/fr\/wp-json\/wp\/v2\/media\/539673"}],"wp:attachment":[{"href":"https:\/\/www.europesays.com\/fr\/wp-json\/wp\/v2\/media?parent=539672"}],"wp:term":[{"taxonomy":"category","embeddable":true,"href":"https:\/\/www.europesays.com\/fr\/wp-json\/wp\/v2\/categories?post=539672"},{"taxonomy":"post_tag","embeddable":true,"href":"https:\/\/www.europesays.com\/fr\/wp-json\/wp\/v2\/tags?post=539672"}],"curies":[{"name":"wp","href":"https:\/\/api.w.org\/{rel}","templated":true}]}}