{"id":539674,"date":"2025-11-17T06:45:16","date_gmt":"2025-11-17T06:45:16","guid":{"rendered":"https:\/\/www.europesays.com\/fr\/539674\/"},"modified":"2025-11-17T06:45:16","modified_gmt":"2025-11-17T06:45:16","slug":"gael-perdriau-annonce-porter-plainte-contre-regis-juanico","status":"publish","type":"post","link":"https:\/\/www.europesays.com\/fr\/539674\/","title":{"rendered":"Ga\u00ebl Perdriau annonce porter plainte contre R\u00e9gis Juanico"},"content":{"rendered":"\n<p>\u00ab On verra bien qui dit la v\u00e9rit\u00e9 \u00bb. Voici les mots du maire de Saint-Etienne, Ga\u00ebl Perdriau, qui contre-attaque en annon\u00e7ant que ses avocats vont d\u00e9poser une plainte ce lundi aupr\u00e8s du Porcureur de la R\u00e9publique de Lyon pour \u00ab faux t\u00e9moignage \u00bb, contre R\u00e9gis Juanico, candidat \u00e0 la mairie.\u00a0<\/p>\n<p>Lors du dernier conseil municipal, R\u00e9gis Juanico avait d\u00e9j\u00e0 annonc\u00e9 porter plainte contre le maire pour diffamation alors que Ga\u00ebl Perdriau l\u2019avait accus\u00e9 d\u2019avoir utilis\u00e9 l\u2019histoire de la vid\u00e9o intime \u00e0 des fins politiques. \u00ab\u00a0Ce que j\u2019ai d\u00e9clar\u00e9 n\u2019est que la v\u00e9rit\u00e9\u00a0\u00bb a \u00e9crit le maire sur le r\u00e9seau social Facebook.\u00a0<\/p>\n","protected":false},"excerpt":{"rendered":"\u00ab On verra bien qui dit la v\u00e9rit\u00e9 \u00bb. Voici les mots du maire de Saint-Etienne, Ga\u00ebl Perdriau,&hellip;\n","protected":false},"author":2,"featured_media":539675,"comment_status":"","ping_status":"","sticky":false,"template":"","format":"standard","meta":{"footnotes":""},"categories":[9653],"tags":[1111,11,2430,22016,1777,674,1011,27,3367,5415,3554,12,24321,2634,316,25,4001],"class_list":{"0":"post-539674","1":"post","2":"type-post","3":"status-publish","4":"format-standard","5":"has-post-thumbnail","7":"category-saint-etienne","8":"tag-actu","9":"tag-actualites","10":"tag-auvergne-rhone-alpes","11":"tag-diffamation","12":"tag-eu","13":"tag-europe","14":"tag-fr","15":"tag-france","16":"tag-loire","17":"tag-mairie","18":"tag-municipales","19":"tag-news","20":"tag-perdriau","21":"tag-plainte","22":"tag-politique","23":"tag-republique-francaise","24":"tag-saint-etienne"},"share_on_mastodon":{"url":"https:\/\/pubeurope.com\/@fr\/115563693569470608","error":""},"_links":{"self":[{"href":"https:\/\/www.europesays.com\/fr\/wp-json\/wp\/v2\/posts\/539674","targetHints":{"allow":["GET"]}}],"collection":[{"href":"https:\/\/www.europesays.com\/fr\/wp-json\/wp\/v2\/posts"}],"about":[{"href":"https:\/\/www.europesays.com\/fr\/wp-json\/wp\/v2\/types\/post"}],"author":[{"embeddable":true,"href":"https:\/\/www.europesays.com\/fr\/wp-json\/wp\/v2\/users\/2"}],"replies":[{"embeddable":true,"href":"https:\/\/www.europesays.com\/fr\/wp-json\/wp\/v2\/comments?post=539674"}],"version-history":[{"count":0,"href":"https:\/\/www.europesays.com\/fr\/wp-json\/wp\/v2\/posts\/539674\/revisions"}],"wp:featuredmedia":[{"embeddable":true,"href":"https:\/\/www.europesays.com\/fr\/wp-json\/wp\/v2\/media\/539675"}],"wp:attachment":[{"href":"https:\/\/www.europesays.com\/fr\/wp-json\/wp\/v2\/media?parent=539674"}],"wp:term":[{"taxonomy":"category","embeddable":true,"href":"https:\/\/www.europesays.com\/fr\/wp-json\/wp\/v2\/categories?post=539674"},{"taxonomy":"post_tag","embeddable":true,"href":"https:\/\/www.europesays.com\/fr\/wp-json\/wp\/v2\/tags?post=539674"}],"curies":[{"name":"wp","href":"https:\/\/api.w.org\/{rel}","templated":true}]}}