{"id":539684,"date":"2025-11-17T06:50:14","date_gmt":"2025-11-17T06:50:14","guid":{"rendered":"https:\/\/www.europesays.com\/fr\/539684\/"},"modified":"2025-11-17T06:50:14","modified_gmt":"2025-11-17T06:50:14","slug":"une-enseigne-qui-ne-provoque-plus-lenthousiasme-unanime-des-clients-a-toulon","status":"publish","type":"post","link":"https:\/\/www.europesays.com\/fr\/539684\/","title":{"rendered":"une enseigne qui ne provoque plus l\u2019enthousiasme unanime des clients \u00e0 Toulon"},"content":{"rendered":"\n<p>L\u2019heure n\u2019est pas \u00e0 l\u2019agitation dans les rayons des Galeries Lafayette de Toulon. Quelques clients semblent fl\u00e2ner sans but pr\u00e9cis, et rares sont ceux qui ressortent avec un sac sous le bras. L\u2019\u00e9tablissement, ouvert en 1951 sous pavillon Aux Dames de France, devenu Galeries Lafayette en 1985, et menac\u00e9 de fermeture \u00e0 cause de la possible liquidation de l\u2019enseigne, avait finalement \u00e9t\u00e9 sauv\u00e9 en mars 2024. Une bonne nouvelle pour les salari\u00e9s, pas autoris\u00e9s par leur direction (qui a refus\u00e9 de nous recevoir) \u00e0 r\u00e9pondre \u00e0 nos sollicitations concernant ce maintien. \u00ab\u00a0Mais allez demander aux clients ce qu\u2019ils en pensent\u00a0\u00bb, nous glisse malicieusement l\u2019une d\u2019entre elles.<\/p>\n<p> \u00ab Pourquoi sont-elles encore ouvertes ? \u00bb\n              <\/p>\n<p>Parmi ceux-ci, certains, comme Ang\u00e9lique, parlent de \u00ab\u00a0tr\u00e8s bonne nouvelle. Je suis une cliente occasionnelle, c\u2019est agr\u00e9able d\u2019y faire un tour, on est bien re\u00e7u, et il y a du choix. Il y a tous types de prix, et les promotions continues sont adapt\u00e9es au budget des Fran\u00e7ais\u00a0\u00bb. Pour cette habitu\u00e9e du rayon parfumerie, il est primordial de conserver \u00ab\u00a0cette institution avec des points de vente physiques\u00a0\u00bb, et de ne pas avoir c\u00e9d\u00e9 \u00e0 la marque Shein, dont l\u2019installation dans sept magasins a provoqu\u00e9 la fin du partenariat entre Galeries Lafayette et la Soci\u00e9t\u00e9 des Grands Magasins (SGM) : \u00ab\u00a0Il fallait pr\u00e9server l\u2019image et l\u2019honneur fran\u00e7ais\u00a0\u00bb.<\/p>\n<p>S\u2019ils reconnaissent l\u2019importance de l\u2019enseigne dans le patrimoine commercial fran\u00e7ais, les autres clients crois\u00e9s ne sont pas tout \u00e0 fait du m\u00eame avis. Dia, lui aussi int\u00e9ress\u00e9 par les parfums, \u00ab\u00a0se ficherait\u00a0\u00bb d\u2019une fermeture. \u00ab\u00a0Il y a d\u2019autres enseignes, j\u2019irai ailleurs \u00bb, conclut simplement le jeune homme. D\u2019autres, comme Vanessa, se demandent m\u00eame \u00ab\u00a0pourquoi elles sont encore ouvertes. Il n\u2019y a pas grand int\u00e9r\u00eat \u00e0 ce magasin qui co\u00fbte cher, et qui n\u2019a pas grand-chose \u00e0 proposer. J\u2019y vais parfois pour passer le temps, mais je ne trouve rien. Il n\u2019y a que des choses g\u00e9n\u00e9ralistes qui sont ch\u00e8res. Aujourd\u2019hui, ce magasin n\u2019est plus adapt\u00e9 \u00e0 la population et \u00e0 notre pouvoir d\u2019achat.\u00a0\u00bb Danielle et Armand, eux, n\u2019y trouvent plus leur compte\u00a0: \u00ab\u00a0C\u2019est trop classique. On vient par habitude car on allait aux Dames de France avant. Ce serait dommage que \u00e7a disparaisse, mais il faudrait que \u00e7a se modernise, avec un conglom\u00e9rat de petites enseignes plut\u00f4t que des kilom\u00e8tres de pull-overs et de chemises classiques. \u00c7a n\u2019a plus aucun sens, il faut du dynamisme\u00a0\u00bb, concluent ces deux retrait\u00e9s du commerce de pr\u00eat-\u00e0-porter.<\/p>\n","protected":false},"excerpt":{"rendered":"L\u2019heure n\u2019est pas \u00e0 l\u2019agitation dans les rayons des Galeries Lafayette de Toulon. Quelques clients semblent fl\u00e2ner sans&hellip;\n","protected":false},"author":2,"featured_media":539685,"comment_status":"","ping_status":"","sticky":false,"template":"","format":"standard","meta":{"footnotes":""},"categories":[9619],"tags":[1111,11,1777,674,1011,27,4238,12,882,25,2310],"class_list":{"0":"post-539684","1":"post","2":"type-post","3":"status-publish","4":"format-standard","5":"has-post-thumbnail","7":"category-toulon","8":"tag-actu","9":"tag-actualites","10":"tag-eu","11":"tag-europe","12":"tag-fr","13":"tag-france","14":"tag-galeries-lafayette","15":"tag-news","16":"tag-provence-alpes-cote-dazur","17":"tag-republique-francaise","18":"tag-toulon"},"share_on_mastodon":{"url":"https:\/\/pubeurope.com\/@fr\/115563713324333365","error":""},"_links":{"self":[{"href":"https:\/\/www.europesays.com\/fr\/wp-json\/wp\/v2\/posts\/539684","targetHints":{"allow":["GET"]}}],"collection":[{"href":"https:\/\/www.europesays.com\/fr\/wp-json\/wp\/v2\/posts"}],"about":[{"href":"https:\/\/www.europesays.com\/fr\/wp-json\/wp\/v2\/types\/post"}],"author":[{"embeddable":true,"href":"https:\/\/www.europesays.com\/fr\/wp-json\/wp\/v2\/users\/2"}],"replies":[{"embeddable":true,"href":"https:\/\/www.europesays.com\/fr\/wp-json\/wp\/v2\/comments?post=539684"}],"version-history":[{"count":0,"href":"https:\/\/www.europesays.com\/fr\/wp-json\/wp\/v2\/posts\/539684\/revisions"}],"wp:featuredmedia":[{"embeddable":true,"href":"https:\/\/www.europesays.com\/fr\/wp-json\/wp\/v2\/media\/539685"}],"wp:attachment":[{"href":"https:\/\/www.europesays.com\/fr\/wp-json\/wp\/v2\/media?parent=539684"}],"wp:term":[{"taxonomy":"category","embeddable":true,"href":"https:\/\/www.europesays.com\/fr\/wp-json\/wp\/v2\/categories?post=539684"},{"taxonomy":"post_tag","embeddable":true,"href":"https:\/\/www.europesays.com\/fr\/wp-json\/wp\/v2\/tags?post=539684"}],"curies":[{"name":"wp","href":"https:\/\/api.w.org\/{rel}","templated":true}]}}