{"id":539690,"date":"2025-11-17T06:54:17","date_gmt":"2025-11-17T06:54:17","guid":{"rendered":"https:\/\/www.europesays.com\/fr\/539690\/"},"modified":"2025-11-17T06:54:17","modified_gmt":"2025-11-17T06:54:17","slug":"une-grande-deception-bataille-autour-de-lorganisation-de-soirees-electro-a-laeroport-de-rouen-boos","status":"publish","type":"post","link":"https:\/\/www.europesays.com\/fr\/539690\/","title":{"rendered":"\u00ab\u00a0Une grande d\u00e9ception\u00a0\u00bb : bataille autour de l&rsquo;organisation de soir\u00e9es \u00e9lectro \u00e0 l&rsquo;a\u00e9roport de Rouen-Boos"},"content":{"rendered":"<p>Deux soir\u00e9es festives devaient avoir lieu ce weekend des 21 et 22 novembre 2025 \u00e0 l&rsquo;a\u00e9roport de Rouen. Elles ne se tiendront finalement pas. Les organisateurs ciblent la mairie de Boos, qui se d\u00e9fend de toute mauvaise volont\u00e9 li\u00e9e au lieu.<\/p>\n<p>Ce week-end, vendredi 21 et samedi 22 novembre au soir, de 18 heures jusqu&rsquo;\u00e0 trois heures du matin, l&rsquo;a\u00e9roport de Rouen &#8211; Vall\u00e9e de Seine, situ\u00e9 \u00e0 Boos, aurait d\u00fb accueillir <a target=\"_blank\" rel=\"nofollow noopener noreferrer\" class=\"IciLink ici-link IciArticleLink g-ici-body-regular-1 underline brand svelte-lu7k6w\" href=\"https:\/\/shotgun.live\/fr\/festivals\/hors-club-festival\">deux grandes soir\u00e9es disco et \u00e9lectro<\/a>. <strong>Huit cents personnes rassembl\u00e9es devant un DJ dans l&rsquo;a\u00e9rogare, b\u00e2timent vitr\u00e9 d&rsquo;accueil des lieux, face \u00e0 un jet priv\u00e9, que, selon l&rsquo;un des coorganisateurs, l&rsquo;exploitant des lieux aurait pu placer pour donner encore plus de sensations<\/strong> dans ce lieu d&rsquo;ordinaire peu propice \u00e0 la f\u00eate.<\/p>\n<p>\u00ab\u00a0Tout tombe \u00e0 l&rsquo;eau\u00a0\u00bb<\/p>\n<p>Des billets \u00e0 33 euros vendus, des artistes r\u00e9serv\u00e9s comme Bambounou, Undeux, Theos Music ou Aerae, plusieurs milliers d&rsquo;euros d\u00e9j\u00e0 engag\u00e9s. <strong>Cinquante b\u00e9n\u00e9voles, 20 agents de s\u00e9curit\u00e9, des commer\u00e7ants locaux mobilis\u00e9s pour la restauration,<\/strong> des navettes pour revenir sur Rouen. Mais de tout cela, il n&rsquo;y aura rien.<\/p>\n<p>L&rsquo;association organisatrice, Hors Club, annonce dans un communiqu\u00e9 diffus\u00e9 ce mercredi 12 novembre que tout tombe \u00e0 l&rsquo;eau\u00a0: \u00ab\u00a0Nous n&rsquo;avons pas pu obtenir d&rsquo;accord de la mairie pour la tenue de l&rsquo;\u00e9v\u00e9nement, notamment en ce qui concerne le d\u00e9bit de boissons\u00a0\u00bb, est-il notamment indiqu\u00e9\u00a0:\u00a0\u00ab\u00a0Malgr\u00e9 nos d\u00e9marches et notre volont\u00e9 de trouver un terrain d&rsquo;entente avec la mairie de Boos, <strong>aucune solution satisfaisante n&rsquo;a pu \u00eatre trouv\u00e9e<\/strong> pour permettre la tenue de l&rsquo;\u00e9v\u00e9nement dans de bonnes conditions.\u00a0\u00bb<\/p>\n<p> Imbroglio autour des autorisations n\u00e9cessaires<\/p>\n<p>Selon les organisateurs, la mairie fait pression pour que l&rsquo;\u00e9v\u00e9nement ne se tienne pas. Ce que r\u00e9fute le maire, Bruno Grisel, qui estime plut\u00f4t avoir eu affaire \u00e0 des personnes peu exp\u00e9riment\u00e9es\u00a0: \u00ab\u00a0C&rsquo;\u00e9tait trop amateur, indique-t-il, \u00e0 la mairie. <strong>Les r\u00e8gles de base de s\u00e9curit\u00e9 n&rsquo;\u00e9taient pas pos\u00e9es du tout<\/strong>, il n&rsquo;y avait aucune autorisation demand\u00e9e, pas de contrat avec l&rsquo;exploitant des lieux, Sealar, juste une demande d\u00e9pos\u00e9e.\u00a0\u00bb\u00a0 Selon lui, il faut obtenir des autorisations des pompiers, question de \u00ab\u00a0changement de destination du b\u00e2timent\u00a0\u00bb, via la mairie, et une autorisation de la police de l&rsquo;air et des fronti\u00e8res. Et <strong>faire tout cela plus en amont que deux semaines avant l&rsquo;\u00e9v\u00e9nement<\/strong>.<\/p>\n<p>Selon un proche de l&rsquo;organisation, tout \u00e9tait pourtant en r\u00e8gle\u00a0: l&rsquo;exploitant \u00e9tait d&rsquo;accord, pour l&rsquo;organiser dans <strong>ce b\u00e2timent qui a d\u00e9j\u00e0 accueilli des expositions ou des \u00e9v\u00e9nements priv\u00e9s<\/strong>, la s\u00e9curit\u00e9 adapt\u00e9e et l&rsquo;\u00e9v\u00e9nement se limitant \u00e0 l&rsquo;a\u00e9rogare et non au tarmac, pas besoin d&rsquo;autorisations sp\u00e9cifiques aux lieux. Malgr\u00e9 tout, le maire nous l&rsquo;affirme\u00a0: \u00ab\u00a0800 personnes rassembl\u00e9es dans un hall d&rsquo;a\u00e9rogare, <strong>cela me parait un peu limite<\/strong>. J&rsquo;ai pris la d\u00e9cision pour la s\u00e9curit\u00e9 des biens et des personnes de ne pas valider cette manifestation.\u00a0\u00bb<\/p>\n<p>Mais que signifie \u00ab\u00a0ne pas valider\u00a0\u00bb l&rsquo;\u00e9v\u00e9nement\u00a0? Pour les organisateurs, la mairie a menac\u00e9 d&rsquo;interdire le d\u00e9bit de boissons lors de l&rsquo;\u00e9v\u00e9nement si ce dernier avait bien lieu \u00e0 l&rsquo;a\u00e9roport. Ce qui aurait constitu\u00e9 <strong>un manque \u00e0 gagner<\/strong> trop important pour l&rsquo;association, qui a donc pris la d\u00e9cision de l&rsquo;annuler, \u00e0 une semaine environ des festivit\u00e9s. \u00ab\u00a0On essaye de faire des choses qui plaisent \u00e0 tous, l\u00e0, ce n&rsquo;\u00e9tait manifestement pas le cas\u00a0\u00bb, indique notre proche des organisateurs.<\/p>\n<p>Il est vrai que Hors Club semble pr\u00e9venir tout le monde un peu tard, et semble avoir <strong>engag\u00e9 des d\u00e9penses un peu trop rapidement<\/strong>. L&rsquo;organisateur d\u00e9plore <strong>12.400 euros de pertes non remboursables<\/strong>, sur 30.000 euros d&rsquo;investissements. Trop pour cette association, d\u00e9j\u00e0 contrainte d&rsquo;<strong>annuler un \u00e9v\u00e9nement autour de Sotteville-l\u00e8s-Rouen pour des raisons m\u00e9t\u00e9orologiques<\/strong> apr\u00e8s un premier \u00e9v\u00e9nement sur le toit des Docks rouennais, et qui a donc <strong>annonc\u00e9 cesser ses activit\u00e9s.<\/strong> Hors Club n&rsquo;a pas souhait\u00e9 r\u00e9pondre \u00e0 nos questions.<\/p>\n<p>Quel futur pour l&rsquo;a\u00e9roport de Rouen\u00a0?<\/p>\n<p>Tout cela pose la question de l&rsquo;utilisation de <strong>l&rsquo;a\u00e9roport, qui a accueilli seulement 1.600 passagers en 2024<\/strong>, selon l&rsquo;Union des a\u00e9roports fran\u00e7ais, contre plus de 20.000 six ans plus t\u00f4t, avant <a class=\"IciLink ici-link IciArticleLink g-ici-body-regular-1 underline brand svelte-lu7k6w\" href=\"https:\/\/www.francebleu.fr\/infos\/transports\/le-seul-vol-regulier-qui-dessert-l-aeroport-de-rouen-va-s-arreter-en-juin-1553523014\" rel=\"nofollow noopener\" target=\"_blank\">la fermeture des lignes commerciales vers Lyon ou la Corse<\/a>. \u00c0 titre de comparaison, l&rsquo;a\u00e9roport de Caen a accueilli 291.000 passagers l&rsquo;an dernier, pr\u00e8s de 80.000 \u00e0 Deauville, 9.400 au Havre-Octeville. Une infrastructure qui co\u00fbte plusieurs centaines de milliers d&rsquo;euros d&rsquo;argent public chaque ann\u00e9e pour une faible utilisation, \u00e0 majorit\u00e9 pour du <strong>trafic sanitaire, voire \u00e9conomique<\/strong>.<\/p>\n<p>\u00ab\u00a0Il y a d\u00e9j\u00e0 eu des manifestations culturelles \u00e0 l&rsquo;a\u00e9roport, d\u00e9taille Bruno Griset. Des expositions, des salons, on n&rsquo;est pas contre du tout, mais cela doit \u00eatre carr\u00e9\u00a0\u00bb. On comprend, ceci \u00e9tant, que des soir\u00e9es \u00e9lectros, cela ne l&rsquo;attire que moyennement\u00a0: \u00ab\u00a0Cela reste un a\u00e9roport, une zone ferm\u00e9e o\u00f9 tout avion peut atterrir \u00e0 tous moments. Des manifestations d&rsquo;accord, mais il faut garder une base a\u00e9roportuaire, tient-il \u00e0 pr\u00e9ciser. La direction de l&rsquo;a\u00e9roport et son exploitant n&rsquo;ont pas r\u00e9pondu \u00e0 notre sollicitation.<\/p>\n<p> \u00c0 lire aussi   <img decoding=\"async\" src=\"https:\/\/www.europesays.com\/fr\/wp-content\/uploads\/2025\/11\/1763362457_880_400x400\" alt=\"\" style=\"--_image-preview:url('data:image\/jpeg;base64,data:image\/jpeg;base64,\/9j\/2wBDACgcHiMeGSgjISMtKygwPGRBPDc3PHtYXUlkkYCZlo+AjIqgtObDoKrarYqMyP\/L2u71\/\/\/\/m8H\/\/\/\/6\/+b9\/\/j\/2wBDASstLTw1PHZBQXb4pYyl+Pj4+Pj4+Pj4+Pj4+Pj4+Pj4+Pj4+Pj4+Pj4+Pj4+Pj4+Pj4+Pj4+Pj4+Pj4+Pj4+Pj\/wAARCAAXACoDASIAAhEBAxEB\/8QAGQAAAwEBAQAAAAAAAAAAAAAAAAIDBAUB\/8QAIxAAAgIBAwQDAQAAAAAAAAAAAQIAAxEEEiETMVFhFCJBof\/EABYBAQEBAAAAAAAAAAAAAAAAAAABAv\/EABYRAQEBAAAAAAAAAAAAAAAAAAABIf\/aAAwDAQACEQMRAD8A2dceJK64Cyt8djgyW\/2IljhlIzMS0ar3DUtgHzFGoUOjHgFZjbVOQABx2MS4qagGzgfs1o6YuVrRjkASvU9GcjTXhamO48Snzo0IwAwcZJOJ6ysGC4BPeEJFUNYRdzfyc6+wuxAP1hCWJS1MQGHmUwIQlH\/\/2Q==');\" loading=\"lazy\" fetchpriority=\"low\" aria-hidden=\"true\" class=\"svelte-1pnmlwx rounded\" onload=\"this.__e=event\" onerror=\"this.__e=event\"\/><\/p>\n","protected":false},"excerpt":{"rendered":"Deux soir\u00e9es festives devaient avoir lieu ce weekend des 21 et 22 novembre 2025 \u00e0 l&rsquo;a\u00e9roport de Rouen.&hellip;\n","protected":false},"author":2,"featured_media":539691,"comment_status":"","ping_status":"","sticky":false,"template":"","format":"standard","meta":{"footnotes":""},"categories":[9587],"tags":[1111,11,1777,674,1011,27,12,5161,25,9590],"class_list":{"0":"post-539690","1":"post","2":"type-post","3":"status-publish","4":"format-standard","5":"has-post-thumbnail","7":"category-rouen","8":"tag-actu","9":"tag-actualites","10":"tag-eu","11":"tag-europe","12":"tag-fr","13":"tag-france","14":"tag-news","15":"tag-normandie","16":"tag-republique-francaise","17":"tag-rouen"},"share_on_mastodon":{"url":"https:\/\/pubeurope.com\/@fr\/115563729965383078","error":""},"_links":{"self":[{"href":"https:\/\/www.europesays.com\/fr\/wp-json\/wp\/v2\/posts\/539690","targetHints":{"allow":["GET"]}}],"collection":[{"href":"https:\/\/www.europesays.com\/fr\/wp-json\/wp\/v2\/posts"}],"about":[{"href":"https:\/\/www.europesays.com\/fr\/wp-json\/wp\/v2\/types\/post"}],"author":[{"embeddable":true,"href":"https:\/\/www.europesays.com\/fr\/wp-json\/wp\/v2\/users\/2"}],"replies":[{"embeddable":true,"href":"https:\/\/www.europesays.com\/fr\/wp-json\/wp\/v2\/comments?post=539690"}],"version-history":[{"count":0,"href":"https:\/\/www.europesays.com\/fr\/wp-json\/wp\/v2\/posts\/539690\/revisions"}],"wp:featuredmedia":[{"embeddable":true,"href":"https:\/\/www.europesays.com\/fr\/wp-json\/wp\/v2\/media\/539691"}],"wp:attachment":[{"href":"https:\/\/www.europesays.com\/fr\/wp-json\/wp\/v2\/media?parent=539690"}],"wp:term":[{"taxonomy":"category","embeddable":true,"href":"https:\/\/www.europesays.com\/fr\/wp-json\/wp\/v2\/categories?post=539690"},{"taxonomy":"post_tag","embeddable":true,"href":"https:\/\/www.europesays.com\/fr\/wp-json\/wp\/v2\/tags?post=539690"}],"curies":[{"name":"wp","href":"https:\/\/api.w.org\/{rel}","templated":true}]}}