{"id":539692,"date":"2025-11-17T06:55:11","date_gmt":"2025-11-17T06:55:11","guid":{"rendered":"https:\/\/www.europesays.com\/fr\/539692\/"},"modified":"2025-11-17T06:55:11","modified_gmt":"2025-11-17T06:55:11","slug":"2000-plantes-vendues-pres-de-grenoble-decouvrez-ou-et-quand","status":"publish","type":"post","link":"https:\/\/www.europesays.com\/fr\/539692\/","title":{"rendered":"2000 plantes vendues pr\u00e8s de Grenoble : d\u00e9couvrez o\u00f9 et quand"},"content":{"rendered":"<p itemprop=\"description\"><strong>Le centre horticole municipal de Grenoble ouvre ses portes pour proposer au public plus de 2000 plants exc\u00e9dentaires issus de la production locale.<\/strong><\/p>\n<p>Ce mercredi, de 13h30 \u00e0 17h30, ce seront plus de 2 000 plantes qui seront disponibles \u00e0 la vente.<\/p>\n<p>Les visiteurs pourront choisir parmi plus de 300 vari\u00e9t\u00e9s locales, principalement des vivaces r\u00e9sistantes \u00e0 la s\u00e9cheresse, favorables \u00e0 la biodiversit\u00e9 et \u00e0 faible entretien.\u00a0<br \/>Le public aura l&rsquo;occasion de rencontrer les horticulteurs locaux et de d\u00e9couvrir les diff\u00e9rentes vari\u00e9t\u00e9s disponibles.<\/p>\n<p>Chaque ann\u00e9e, le centre horticole de Saint-Martin-d\u2019H\u00e8res produit environ 200 000 plantes. Ces derni\u00e8res sont cultiv\u00e9es sans produits chimiques et destin\u00e9es \u00e0 Grenoble.<\/p>\n<p>Pour anticiper les al\u00e9as comme maladies ou parasites, une marge de production est pr\u00e9vue, et permet ainsi cette op\u00e9ration sp\u00e9ciale de vente massive.<\/p>\n","protected":false},"excerpt":{"rendered":"Le centre horticole municipal de Grenoble ouvre ses portes pour proposer au public plus de 2000 plants exc\u00e9dentaires&hellip;\n","protected":false},"author":2,"featured_media":539693,"comment_status":"","ping_status":"","sticky":false,"template":"","format":"standard","meta":{"footnotes":""},"categories":[9566],"tags":[1111,11,7733,8279,2430,7736,650,7734,2889,2263,1777,674,1011,27,2731,8280,6417,1114,108,4662,12,3725,1825,25,7737],"class_list":{"0":"post-539692","1":"post","2":"type-post","3":"status-publish","4":"format-standard","5":"has-post-thumbnail","7":"category-grenoble","8":"tag-actu","9":"tag-actualites","10":"tag-alpes","11":"tag-alpes1","12":"tag-auvergne-rhone-alpes","13":"tag-cds","14":"tag-cinema","15":"tag-ecoute","16":"tag-emission","17":"tag-equipe","18":"tag-eu","19":"tag-europe","20":"tag-fr","21":"tag-france","22":"tag-grenoble","23":"tag-haute","24":"tag-information","25":"tag-infos","26":"tag-isere","27":"tag-journal","28":"tag-news","29":"tag-podcast","30":"tag-radio","31":"tag-republique-francaise","32":"tag-winamp"},"share_on_mastodon":{"url":"https:\/\/pubeurope.com\/@fr\/115563732875113078","error":""},"_links":{"self":[{"href":"https:\/\/www.europesays.com\/fr\/wp-json\/wp\/v2\/posts\/539692","targetHints":{"allow":["GET"]}}],"collection":[{"href":"https:\/\/www.europesays.com\/fr\/wp-json\/wp\/v2\/posts"}],"about":[{"href":"https:\/\/www.europesays.com\/fr\/wp-json\/wp\/v2\/types\/post"}],"author":[{"embeddable":true,"href":"https:\/\/www.europesays.com\/fr\/wp-json\/wp\/v2\/users\/2"}],"replies":[{"embeddable":true,"href":"https:\/\/www.europesays.com\/fr\/wp-json\/wp\/v2\/comments?post=539692"}],"version-history":[{"count":0,"href":"https:\/\/www.europesays.com\/fr\/wp-json\/wp\/v2\/posts\/539692\/revisions"}],"wp:featuredmedia":[{"embeddable":true,"href":"https:\/\/www.europesays.com\/fr\/wp-json\/wp\/v2\/media\/539693"}],"wp:attachment":[{"href":"https:\/\/www.europesays.com\/fr\/wp-json\/wp\/v2\/media?parent=539692"}],"wp:term":[{"taxonomy":"category","embeddable":true,"href":"https:\/\/www.europesays.com\/fr\/wp-json\/wp\/v2\/categories?post=539692"},{"taxonomy":"post_tag","embeddable":true,"href":"https:\/\/www.europesays.com\/fr\/wp-json\/wp\/v2\/tags?post=539692"}],"curies":[{"name":"wp","href":"https:\/\/api.w.org\/{rel}","templated":true}]}}