{"id":539700,"date":"2025-11-17T06:59:13","date_gmt":"2025-11-17T06:59:13","guid":{"rendered":"https:\/\/www.europesays.com\/fr\/539700\/"},"modified":"2025-11-17T06:59:13","modified_gmt":"2025-11-17T06:59:13","slug":"strasbourg-en-tournee-solo-louane-fait-etape-au-zenith-le-20-novembre","status":"publish","type":"post","link":"https:\/\/www.europesays.com\/fr\/539700\/","title":{"rendered":"Strasbourg. En tourn\u00e9e \u201cSolo\u201d, Louane fait \u00e9tape au Z\u00e9nith le 20\u00a0novembre"},"content":{"rendered":"<p>Nombreux \u00e9taient ceux \u00e0 avoir esp\u00e9r\u00e9 sa victoire <a href=\"https:\/\/www.dna.fr\/culture-loisirs\/2025\/05\/18\/eurovision-2025-l-autriche-grande-gagnante-la-france-termine-a-la-septieme-place\" target=\"_blank\" rel=\"nofollow noopener\">au dernier concours de l\u2019Eurovision<\/a> qui se tenait \u00e0 B\u00e2le, en mai dernier.<\/p>\n<p>Mais malgr\u00e9 un morceau intens\u00e9ment interpr\u00e9t\u00e9, Maman , avec une sc\u00e9nographie tout en retenue symbolisant le temps qui passe dans un sablier, Louane n\u2019a pas su convaincre le public. Ne d\u00e9crochant que la septi\u00e8me place. Las\u00a0!<\/p>\n<p>\u00c0 28 ans, la chanteuse repart en tourn\u00e9e. Son \u201cSolo tour\u201d passe par des Z\u00e9niths dont celui de Strasbourg, avant de se cl\u00f4turer par une date exceptionnelle \u00e0 l\u2019Accor Arena de Paris le 20\u00a0f\u00e9vrier 2026, le premier de sa carri\u00e8re.<\/p>\n<p>Depuis ses d\u00e9buts il y a onze ans, Louane est une artiste qui se r\u00e9invente et exp\u00e9rimente plus que jamais. Son cinqui\u00e8me album Solo , c\u00e9l\u00e8bre les nombreuses facettes de sa personnalit\u00e9. Cette escapade en solitaire surfe sur un sentiment de libert\u00e9 in\u00e9dit.<\/p>\n<p>Sans filets, \u00e0 la force de sa conviction et de son talent, la chanteuse a entrepris une introspection. Elle se livre dans une mise \u00e0 nu \u00e9motionnelle touchante. En posant sa voix sur des musiques m\u00ealant pop et touches \u00e9lectro.<\/p>\n<p>Salu\u00e9 pour sa maturit\u00e9, l\u2019album repose sur une volont\u00e9 assum\u00e9e de s\u2019exprimer sans compromis. D\u00e9monstration sur la sc\u00e8ne du Z\u00e9nith de Strasbourg, jeudi soir.<\/p>\n<p class=\"note\"><a href=\"https:\/\/www.zenith-strasbourg.fr\/evenement\/louane\/\" target=\"_blank\" rel=\"nofollow noopener\">Z<\/a><a href=\"https:\/\/www.zenith-strasbourg.fr\/evenement\/louane\/\" target=\"_blank\" rel=\"nofollow noopener\">\u00e9nith de Strasbourg<\/a> , 1 all\u00e9e du Z\u00e9nith \u00e0 Eckbolsheim, jeudi 20\u00a0novembre \u00e0 20\u00a0h. Tarifs\u00a0: de 20 \u00e0 55\u00a0\u20ac. \ufeff<\/p>\n","protected":false},"excerpt":{"rendered":"Nombreux \u00e9taient ceux \u00e0 avoir esp\u00e9r\u00e9 sa victoire au dernier concours de l\u2019Eurovision qui se tenait \u00e0 B\u00e2le,&hellip;\n","protected":false},"author":2,"featured_media":539701,"comment_status":"","ping_status":"","sticky":false,"template":"","format":"standard","meta":{"footnotes":""},"categories":[2820],"tags":[1111,11,2389,1687,2880,1777,674,107,1011,27,775,873,12,25,640,2879],"class_list":{"0":"post-539700","1":"post","2":"type-post","3":"status-publish","4":"format-standard","5":"has-post-thumbnail","7":"category-strasbourg","8":"tag-actu","9":"tag-actualites","10":"tag-alsace","11":"tag-culture-loisirs","12":"tag-edition-strasbourg","13":"tag-eu","14":"tag-europe","15":"tag-fil-info","16":"tag-fr","17":"tag-france","18":"tag-grand-est","19":"tag-musique","20":"tag-news","21":"tag-republique-francaise","22":"tag-strasbourg","23":"tag-strasbourg-ville"},"share_on_mastodon":{"url":"https:\/\/pubeurope.com\/@fr\/115563748665419742","error":""},"_links":{"self":[{"href":"https:\/\/www.europesays.com\/fr\/wp-json\/wp\/v2\/posts\/539700","targetHints":{"allow":["GET"]}}],"collection":[{"href":"https:\/\/www.europesays.com\/fr\/wp-json\/wp\/v2\/posts"}],"about":[{"href":"https:\/\/www.europesays.com\/fr\/wp-json\/wp\/v2\/types\/post"}],"author":[{"embeddable":true,"href":"https:\/\/www.europesays.com\/fr\/wp-json\/wp\/v2\/users\/2"}],"replies":[{"embeddable":true,"href":"https:\/\/www.europesays.com\/fr\/wp-json\/wp\/v2\/comments?post=539700"}],"version-history":[{"count":0,"href":"https:\/\/www.europesays.com\/fr\/wp-json\/wp\/v2\/posts\/539700\/revisions"}],"wp:featuredmedia":[{"embeddable":true,"href":"https:\/\/www.europesays.com\/fr\/wp-json\/wp\/v2\/media\/539701"}],"wp:attachment":[{"href":"https:\/\/www.europesays.com\/fr\/wp-json\/wp\/v2\/media?parent=539700"}],"wp:term":[{"taxonomy":"category","embeddable":true,"href":"https:\/\/www.europesays.com\/fr\/wp-json\/wp\/v2\/categories?post=539700"},{"taxonomy":"post_tag","embeddable":true,"href":"https:\/\/www.europesays.com\/fr\/wp-json\/wp\/v2\/tags?post=539700"}],"curies":[{"name":"wp","href":"https:\/\/api.w.org\/{rel}","templated":true}]}}