{"id":539704,"date":"2025-11-17T07:02:13","date_gmt":"2025-11-17T07:02:13","guid":{"rendered":"https:\/\/www.europesays.com\/fr\/539704\/"},"modified":"2025-11-17T07:02:13","modified_gmt":"2025-11-17T07:02:13","slug":"meteo-a-nice-gros-coup-de-froid-annonce-sur-la-cote-dazur-voici-a-quoi-sattendre","status":"publish","type":"post","link":"https:\/\/www.europesays.com\/fr\/539704\/","title":{"rendered":"M\u00e9t\u00e9o \u00e0 Nice. Gros coup de froid annonc\u00e9 sur la C\u00f4te d&rsquo;Azur : voici \u00e0 quoi s&rsquo;attendre"},"content":{"rendered":"<p>                    Par<br \/>\n        <strong><br \/>\n            <a href=\"https:\/\/actu.fr\/auteur\/arthur-frand\" title=\"Consulter tous les articles de Arthur Frand\" rel=\"nofollow noopener\" target=\"_blank\">Arthur Frand<\/a><br \/>\n                    <\/strong><\/p>\n<p>        Publi\u00e9 le<\/p>\n<p>            17 nov. 2025 \u00e0 6h48        <\/p>\n<p>De la neige \u00e0 <a href=\"https:\/\/actu.fr\/nice\/\" rel=\"nofollow noopener\" target=\"_blank\">Nice<\/a>\u2009dans les <a href=\"https:\/\/actu.fr\/provence-alpes-cote-d-azur\/alpes-maritimes_06\" rel=\"nofollow noopener\" target=\"_blank\">Alpes-Maritimes<\/a>\u2009? Pas encore, mais apr\u00e8s un week-end pluvieux et orageux, les Ni\u00e7ois vont devoir composer \u00e0 une <strong>baisse brutale<\/strong> des temp\u00e9ratures. La premi\u00e8re moiti\u00e9 du mois de novembre a \u00e9t\u00e9 anormalement douce, et cela va changer.<\/p>\n<p class=\" wall-content\">La semaine prochaine marquera <strong>un tournant<\/strong> vers la p\u00e9riode hivernale. Les temp\u00e9ratures16 seront davantage de saison. Un air froid va envahir l\u2019Hexagone, y compris le sud de la France et la C\u00f4te d\u2019Azur. Voici les pr\u00e9visions \u00e0 Nice et dans les Alpes-Maritimes.<\/p>\n<p>4 \u00e0 5 degr\u00e9s de moins<\/p>\n<p class=\" wall-content\">Selon M\u00e9t\u00e9o-France, un flux va basculer du nord, drainant vers la France une masse d\u2019air polaire maritime froide et instable. \u00c0 Nice et dans les Alpes-Maritimes, les temp\u00e9ratures vont chuter drastiquement la semaine prochaine. D\u00e8s ce mardi 18\u00a0novembre, le thermom\u00e8tre affichera <strong>4 \u00e0 5 degr\u00e9s de moins<\/strong>. De quoi troquer les v\u00eatements l\u00e9gers pour les doudounes.<\/p>\n<p>Un froid qui va persister<\/p>\n<p class=\" wall-content\">Le mercure passera sous les 10 degr\u00e9s \u00e0 partir de mercredi, en matin\u00e9e et en soir\u00e9e (6,7,8 degr\u00e9s). Les maximales ne d\u00e9passeront pas les 14-15 degr\u00e9s. Ce coup de froid devrait <strong>durer plusieurs jours<\/strong> sur la C\u00f4te d\u2019Azur.<\/p>\n<p class=\" wall-content\">\n<p class=\" wall-content\">Sur certains massifs maralpins, des gel\u00e9es g\u00e9n\u00e9ralis\u00e9es et quelques neiges \u00e0 basse altitude, pourraient <strong>\u00eatre observ\u00e9es<\/strong>. De bon augure pour les stations de ski du d\u00e9partement qui pr\u00e9voient d\u2019ouvrir au public en d\u00e9cembre.<\/p>\n<p class=\" wall-content\">Personnalisez votre actualit\u00e9 en ajoutant vos villes et m\u00e9dias en favori avec <a href=\"https:\/\/moncompte.actu.fr\" title=\"D\u00e9couvez Mon Actu\" rel=\"nofollow noopener\" data-trk=\"{&quot;cta&quot;:{&quot;action&quot;:&quot;https:\\\/\\\/moncompte.actu.fr&quot;,&quot;category&quot;:&quot;mon compte&quot;,&quot;from&quot;:&quot;article footer&quot;,&quot;name&quot;:&quot;Mon actu&quot;,&quot;type&quot;:&quot;cta&quot;}}\" target=\"_blank\">Mon Actu<\/a>.<\/p>\n","protected":false},"excerpt":{"rendered":"Par Arthur Frand Publi\u00e9 le 17 nov. 2025 \u00e0 6h48 De la neige \u00e0 Nice\u2009dans les Alpes-Maritimes\u2009? Pas&hellip;\n","protected":false},"author":2,"featured_media":539705,"comment_status":"","ping_status":"","sticky":false,"template":"","format":"standard","meta":{"footnotes":""},"categories":[2819],"tags":[1111,11,1777,674,1011,27,3447,2487,2357,12,2401,882,25],"class_list":{"0":"post-539704","1":"post","2":"type-post","3":"status-publish","4":"format-standard","5":"has-post-thumbnail","7":"category-nice","8":"tag-actu","9":"tag-actualites","10":"tag-eu","11":"tag-europe","12":"tag-fr","13":"tag-france","14":"tag-froid","15":"tag-meteo","16":"tag-meteo-france","17":"tag-news","18":"tag-nice","19":"tag-provence-alpes-cote-dazur","20":"tag-republique-francaise"},"share_on_mastodon":{"url":"https:\/\/pubeurope.com\/@fr\/115563760525192207","error":""},"_links":{"self":[{"href":"https:\/\/www.europesays.com\/fr\/wp-json\/wp\/v2\/posts\/539704","targetHints":{"allow":["GET"]}}],"collection":[{"href":"https:\/\/www.europesays.com\/fr\/wp-json\/wp\/v2\/posts"}],"about":[{"href":"https:\/\/www.europesays.com\/fr\/wp-json\/wp\/v2\/types\/post"}],"author":[{"embeddable":true,"href":"https:\/\/www.europesays.com\/fr\/wp-json\/wp\/v2\/users\/2"}],"replies":[{"embeddable":true,"href":"https:\/\/www.europesays.com\/fr\/wp-json\/wp\/v2\/comments?post=539704"}],"version-history":[{"count":0,"href":"https:\/\/www.europesays.com\/fr\/wp-json\/wp\/v2\/posts\/539704\/revisions"}],"wp:featuredmedia":[{"embeddable":true,"href":"https:\/\/www.europesays.com\/fr\/wp-json\/wp\/v2\/media\/539705"}],"wp:attachment":[{"href":"https:\/\/www.europesays.com\/fr\/wp-json\/wp\/v2\/media?parent=539704"}],"wp:term":[{"taxonomy":"category","embeddable":true,"href":"https:\/\/www.europesays.com\/fr\/wp-json\/wp\/v2\/categories?post=539704"},{"taxonomy":"post_tag","embeddable":true,"href":"https:\/\/www.europesays.com\/fr\/wp-json\/wp\/v2\/tags?post=539704"}],"curies":[{"name":"wp","href":"https:\/\/api.w.org\/{rel}","templated":true}]}}