{"id":539707,"date":"2025-11-17T07:04:23","date_gmt":"2025-11-17T07:04:23","guid":{"rendered":"https:\/\/www.europesays.com\/fr\/539707\/"},"modified":"2025-11-17T07:04:23","modified_gmt":"2025-11-17T07:04:23","slug":"des-fermetures-en-raison-de-travaux-sur-un-rond-point","status":"publish","type":"post","link":"https:\/\/www.europesays.com\/fr\/539707\/","title":{"rendered":"des fermetures en raison de travaux sur un rond-point"},"content":{"rendered":"<p>                    Par<br \/>\n        <strong><br \/>\n            <a href=\"https:\/\/actu.fr\/auteur\/thomas-bernard\" title=\"Consulter tous les articles de Thomas Bernard\" target=\"_blank\" rel=\"noopener\">Thomas Bernard<\/a><br \/>\n                    <\/strong><\/p>\n<p>        Publi\u00e9 le<\/p>\n<p>            17 nov. 2025 \u00e0 7h00        <\/p>\n<p>Le rond-point de la Chapelle, au niveau du raccordement de l\u2019autoroute A11 au p\u00e9riph\u00e9rique est Int\u00e9rieur va \u00eatre en travaux. Nantes M\u00e9tropole va proc\u00e9der \u00e0 des am\u00e9nagements dans le secteur. Des op\u00e9rations r\u00e9alis\u00e9es en nocturne, du <b>lundi\u00a017 au vendredi 21\u00a0novembre 2025<\/b>.<br \/>En raison de ces travaux, la collectrice en provenance de l\u2019autoroute A11 et en direction du p\u00e9riph\u00e9rique est int\u00e9rieur, menant vers le rond-point de la porte de la Chapelle, <b>sera ferm\u00e9e<\/b>.<\/p>\n<p>Les impacts sur la circulation<\/p>\n<p class=\" wall-content\">Des <b>d\u00e9viations <\/b>vont \u00eatre mises en place. Les automobilistes circulant sur le p\u00e9riph\u00e9rique est int\u00e9rieur (RN 844) voulant sortir au niveau de la porte de la Chapelle seront invit\u00e9s \u00e0 poursuivre jusqu\u2019\u00e0 la porte de la Beaujoire o\u00f9 ils pourront faire un demi-tour pour emprunter le p\u00e9riph\u00e9rique est ext\u00e9rieur jusqu\u2019\u00e0 la porte de Gesvres.<\/p>\n<p class=\" wall-content\">Selon les \u00e9l\u00e9ments communiqu\u00e9s par Vinci Autoroutes, les usagers seront dirig\u00e9s vers\u2009:<\/p>\n<ul class=\" wall-content\">\n<li><b>vers l\u2019\u00e9changeur de la B\u00e9rangerais <\/b>pour ceux souhaitant rejoindre la Chapelle-sur-Erdre\u2009;\n<\/li>\n<li>\n<p><b>vers la Porte de Rennes <\/b>puis la R.N 137 en direction Nantes-Centre et le giratoire du Cardo, pour ceux souhaitant rejoindre les quartiers nord de Nantes.<\/p>\n<\/li>\n<\/ul>\n<p class=\" wall-content\">Personnalisez votre actualit\u00e9 en ajoutant vos villes et m\u00e9dias en favori avec <a href=\"https:\/\/moncompte.actu.fr\" title=\"D\u00e9couvez Mon Actu\" rel=\"nofollow noopener\" data-trk=\"{&quot;cta&quot;:{&quot;action&quot;:&quot;https:\\\/\\\/moncompte.actu.fr&quot;,&quot;category&quot;:&quot;mon compte&quot;,&quot;from&quot;:&quot;article footer&quot;,&quot;name&quot;:&quot;Mon actu&quot;,&quot;type&quot;:&quot;cta&quot;}}\" target=\"_blank\">Mon Actu<\/a>.<\/p>\n","protected":false},"excerpt":{"rendered":"Par Thomas Bernard Publi\u00e9 le 17 nov. 2025 \u00e0 7h00 Le rond-point de la Chapelle, au niveau du&hellip;\n","protected":false},"author":2,"featured_media":539708,"comment_status":"","ping_status":"","sticky":false,"template":"","format":"standard","meta":{"footnotes":""},"categories":[2818],"tags":[1111,11,4012,1777,674,1011,27,766,12,2636,4013,25,104,2086],"class_list":{"0":"post-539707","1":"post","2":"type-post","3":"status-publish","4":"format-standard","5":"has-post-thumbnail","7":"category-nantes","8":"tag-actu","9":"tag-actualites","10":"tag-autoroute-11-a11","11":"tag-eu","12":"tag-europe","13":"tag-fr","14":"tag-france","15":"tag-nantes","16":"tag-news","17":"tag-pays-de-la-loire","18":"tag-peripherique","19":"tag-republique-francaise","20":"tag-societe","21":"tag-travaux"},"share_on_mastodon":{"url":"https:\/\/pubeurope.com\/@fr\/115563768295680043","error":""},"_links":{"self":[{"href":"https:\/\/www.europesays.com\/fr\/wp-json\/wp\/v2\/posts\/539707","targetHints":{"allow":["GET"]}}],"collection":[{"href":"https:\/\/www.europesays.com\/fr\/wp-json\/wp\/v2\/posts"}],"about":[{"href":"https:\/\/www.europesays.com\/fr\/wp-json\/wp\/v2\/types\/post"}],"author":[{"embeddable":true,"href":"https:\/\/www.europesays.com\/fr\/wp-json\/wp\/v2\/users\/2"}],"replies":[{"embeddable":true,"href":"https:\/\/www.europesays.com\/fr\/wp-json\/wp\/v2\/comments?post=539707"}],"version-history":[{"count":0,"href":"https:\/\/www.europesays.com\/fr\/wp-json\/wp\/v2\/posts\/539707\/revisions"}],"wp:featuredmedia":[{"embeddable":true,"href":"https:\/\/www.europesays.com\/fr\/wp-json\/wp\/v2\/media\/539708"}],"wp:attachment":[{"href":"https:\/\/www.europesays.com\/fr\/wp-json\/wp\/v2\/media?parent=539707"}],"wp:term":[{"taxonomy":"category","embeddable":true,"href":"https:\/\/www.europesays.com\/fr\/wp-json\/wp\/v2\/categories?post=539707"},{"taxonomy":"post_tag","embeddable":true,"href":"https:\/\/www.europesays.com\/fr\/wp-json\/wp\/v2\/tags?post=539707"}],"curies":[{"name":"wp","href":"https:\/\/api.w.org\/{rel}","templated":true}]}}