{"id":53975,"date":"2025-04-26T08:52:11","date_gmt":"2025-04-26T08:52:11","guid":{"rendered":"https:\/\/www.europesays.com\/fr\/53975\/"},"modified":"2025-04-26T08:52:11","modified_gmt":"2025-04-26T08:52:11","slug":"la-belle-histoire-sanson-paris-aphone-marquinhos-encore-febrile-coups-de-coeur-et-coups-de-griffe","status":"publish","type":"post","link":"https:\/\/www.europesays.com\/fr\/53975\/","title":{"rendered":"la belle histoire Sanson, Paris aphone, Marquinhos (encore) f\u00e9brile\u2026 Coups de c\u0153ur et coups de griffe"},"content":{"rendered":"<p><strong>D\u00c9CRYPTAGE \u2013 <\/strong>Au-del\u00e0 du r\u00e9sultat final, d\u00e9couvrez ce qui a retenu l\u2019attention de notre journaliste au Parc des Princes, vendredi, lors de la rencontre PSG-Nice.<\/p>\n<p class=\"fig-paragraph\">COUPS DE C\u0152UR<\/p>\n<p>L\u2019efficacit\u00e9 ni\u00e7oise<\/p>\n<p class=\"fig-paragraph\">\u00abC\u2019est un exploit\u00bb.\u00a0<a href=\"http:\/\/www.lefigaro.fr\/sports\/football\/ligue-1\/ligue-1-il-fallait-que-tout-soit-aligne-pour-faire-un-exploit-souffle-haise-apres-psg-nice-20250426\" data-fig-type=\"NewsFlash\" data-gtm-custom-categorie=\"navigation\" data-gtm-custom-action=\"crossclick\" data-gtm-custom-label=\"Contextuel\" data-gtm-event=\"customEventSPE\" data-fig-domain=\"LEFIGARO\" target=\"_blank\" rel=\"noopener\">Sign\u00e9 Franck Haise<\/a>, honn\u00eate. Battre le PSG au Parc des Princes, quand on est le Gym, c\u2019est en effet un exploit. Et pour cela, \u00abil fallait que tout soit align\u00e9\u00bb. Tout l\u2019a \u00e9t\u00e9. Et\u00a0<a href=\"http:\/\/www.lefigaro.fr\/sports\/football\/ligue-1\/ligue-1-le-psg-perd-son-invincibilite-en-championnat-avant-d-affronter-arsenal-20250425\" data-fig-type=\"NewsFlash\" data-gtm-custom-categorie=\"navigation\" data-gtm-custom-action=\"crossclick\" data-gtm-custom-label=\"Contextuel\" data-gtm-event=\"customEventSPE\" data-fig-domain=\"LEFIGARO\" target=\"_blank\" rel=\"noopener\">les Aiglons l\u2019ont emport\u00e9 3-1<\/a>, convertissant leurs trois tirs cadr\u00e9s en buts. Efficacit\u00e9 diabolique sur le plan offensif. Mais aussi d\u00e9fensif, notamment gr\u00e2ce \u00e0 Marcin Bulka (voir par ailleurs). L\u2019efficacit\u00e9, c\u2019est en grande partie ce qui a manqu\u00e9 aux Parisiens vendredi soir. Dominer n\u2019est pas gagner. Pour Nice, qui remonte \u00e0 la quatri\u00e8me place\u00a0<a href=\"https:\/\/www.lefigaro.fr\/sports\/football\/ligue-1\/classement\" target=\"_blank\" rel=\"noopener\" data-gtm-custom-categorie=\"navigation\" data-gtm-custom-action=\"crossclick\" data-gtm-custom-label=\"Contextuel\" data-gtm-event=\"customEventSPE\">au classement<\/a>, le plan \u00e9tait parfait. Un hold-up, certes, mais ce n\u2019est pas vol\u00e9.<\/p>\n<p class=\"fig-body-link\">\n            \u00c0 lire aussi<br \/>\n        <a class=\"fig-body-link__link\" href=\"http:\/\/www.lefigaro.fr\/sports\/football\/ligue-1\/ligue-1-le-psg-perd-son-invincibilite-en-championnat-avant-d-affronter-arsenal-20250425\" data-fig-type=\"NewsFlash\" data-gtm-custom-categorie=\"navigation\" data-gtm-custom-action=\"crossclick\" data-gtm-custom-label=\"Contextuel\" data-gtm-event=\"customEventSPE\" data-fig-domain=\"LEFIGARO\" target=\"_blank\" rel=\"noopener\">Ligue 1\u00a0: douch\u00e9 par Nice avant Arsenal, le PSG n\u2019est plus invaincu<br \/>\n    <\/a>\n<\/p>\n<p>Sanson, la belle histoire<\/p>\n<p class=\"fig-paragraph\">Personne ne l\u2019avait vu venir. Longtemps pensionnaire de l\u2019infirmerie ni\u00e7oise, Morgan Sanson n\u2019avait disput\u00e9 que 41 minutes au total sur ses deux premi\u00e8res parties cette saison, contre Nantes (1-2) et \u00e0 Strasbourg (2-2). Cette fois, l\u2019ancien Marseillais figurait dans le 11. Premi\u00e8re. C\u2019\u00e9tait \u00e9videmment plus pour densifier le milieu de terrain que pour tromper la vigilance de Gigio Donnarumma. Mais le football a ses raisons que la raison ignore\u2026 \u00abOn pouvait se poser la question sur l\u2019intensit\u00e9, mais il est mont\u00e9 en puissance au fil de la rencontre, il marque deux beaux buts, c\u2019est une premi\u00e8re titularisation un peu au-del\u00e0 des attentes\u00bb, a expliqu\u00e9 l\u2019ancien entra\u00eeneur du RC Lens. Le deuxi\u00e8me but, dans la premi\u00e8re minute de la seconde p\u00e9riode, un vrai bijou, reprise acrobatique en plein milieu de la surface. La belle histoire du jour.<\/p>\n<p>Bulka vient encore tourmenter son ancien club<\/p>\n<p class=\"fig-paragraph\">Bis repetita. Souvent inspir\u00e9 sur la pelouse de son ancien club, l\u2019ex-Parisien Marcin Bulka a fait des prouesses vendredi soir. 12 arr\u00eats pour le portier polonais, dont certains exceptionnels. \u00abPour faire un r\u00e9sultat au Parc, pour gagner, il faut que le gardien soit plus qu\u2019un d\u00e9tail. Mais \u00e7a n\u2019a pas \u00e9t\u00e9 la seule pierre angulaire, il y en a eu d\u2019autres, mais il en fait partie\u00bb, souligne Franck Haise. Comme un grand.<\/p>\n<p class=\"fig-paragraph\">COUPS DE GRIFFE<\/p>\n<p>Une d\u00e9faite au go\u00fbt de d\u00e9j\u00e0-vu<\/p>\n<p class=\"fig-paragraph\">\u00abOn a eu tant d\u2019occasions, un peu comme en d\u00e9but de saison, et on n\u2019a pas marqu\u00e9\u00bb. Tout est dit.\u00a0<a href=\"http:\/\/www.lefigaro.fr\/sports\/football\/ligue-1\/psg-ce-n-est-pas-le-moment-de-creer-des-doutes-jure-marquinhos-20250426\" data-fig-type=\"NewsFlash\" data-gtm-custom-categorie=\"navigation\" data-gtm-custom-action=\"crossclick\" data-gtm-custom-label=\"Contextuel\" data-gtm-event=\"customEventSPE\" data-fig-domain=\"LEFIGARO\" target=\"_blank\" rel=\"noopener\">Comme l\u2019a r\u00e9sum\u00e9 Vitinha<\/a>\u00a0sur DAZN, cette d\u00e9faite a raviv\u00e9 les vieux d\u00e9mons du d\u00e9but de saison. Ceux d\u2019un PSG dominateur mais pas efficace, sans ressort. La perspective du match contre Arsenal, mardi, explique peut-\u00eatre au moins en partie la fin de match. Pas le reste. Inqui\u00e9tant\u00a0? \u00abCe n\u2019est pas le moment de cr\u00e9er des doutes maintenant. On a fait une tr\u00e8s belle saison jusqu\u2019ici. On a fait de belles choses, de belles performances. On va continuer \u00e0 travailler parce que la fin de saison est tr\u00e8s importante\u00bb, note Marquinhos. R\u00e9ponse mardi, \u00e0 Londres.<\/p>\n<p class=\"fig-body-link\">\n            \u00c0 lire aussi<br \/>\n        <a class=\"fig-body-link__link fig-premium-mark\" href=\"http:\/\/www.lefigaro.fr\/sports\/football\/ligue-1\/les-notes-de-psg-nice-bulka-superstar-sanson-beni-des-dieux-doue-passe-au-travers-20250425\" data-fig-type=\"NewsFlash\" data-gtm-custom-categorie=\"navigation\" data-gtm-custom-action=\"crossclick\" data-gtm-custom-label=\"Contextuel\" data-gtm-event=\"customEventSPE\" data-fig-domain=\"LEFIGARO\" target=\"_blank\" rel=\"noopener\">Les notes de PSG-Nice\u00a0: Bulka superstar, Sanson b\u00e9ni des dieux, Dou\u00e9 passe au travers<br \/>\n    <\/a>\n<\/p>\n<p>Marquinhos encore f\u00e9brile<\/p>\n<p class=\"fig-paragraph\">Certes, il n\u2019est pas le seul \u00e0 avoir connu des rat\u00e9s vendredi soir, notamment derri\u00e8re. Mais on est en droit d\u2019attendre plus de Marquinhos, le plus \u00e2g\u00e9 et le plus exp\u00e9riment\u00e9 de l\u2019effectif. Comme de diffuser de la s\u00e9r\u00e9nit\u00e9. Il a fait tout l\u2019inverse contre Nice. Et il a m\u00eame mis en danger Gigio Donnarumma, contraint \u00e0 une sortie d\u00e9licate dans les pieds d\u2019un ni\u00e7ois en raison de ce contr\u00f4le mal assur\u00e9 du Br\u00e9silien. Le PSG aura besoin d\u2019un grand Marquinhos mardi, \u00e0 l\u2019Emirates Stadium, pour montrer la voie.<\/p>\n<p>Nice \u00e0 qui perd gagne<\/p>\n<p class=\"fig-paragraph\">On l\u2019a dit, les Aiglons ont pris trois points aussi pr\u00e9cieux qu\u2019inattendus dans la course \u00e0 l\u2019Europe. Mais au prix d\u2019une nouvelle blessure dans le secteur d\u00e9fensif. Mohamed Abdelmonem touch\u00e9. Et Franck Haise, pas tr\u00e8s confiant \u00e0 son sujet\u2026 \u00abMohamed, on va attendre les examens, l\u2019IRM dans les prochains jours. \u00c7a ne semble pas tr\u00e8s rassurant pour son genou\u00bb, a indiqu\u00e9 le coach de l\u2019OGCN, en conf\u00e9rence de presse. Dur.<\/p>\n","protected":false},"excerpt":{"rendered":"D\u00c9CRYPTAGE \u2013 Au-del\u00e0 du r\u00e9sultat final, d\u00e9couvrez ce qui a retenu l\u2019attention de notre journaliste au Parc des&hellip;\n","protected":false},"author":2,"featured_media":53976,"comment_status":"","ping_status":"","sticky":false,"template":"","format":"standard","meta":{"footnotes":""},"categories":[1888],"tags":[11,525,1981,814,1777,674,2257,63,1011,27,3308,3309,66,1307,14698,791,955,12,2401,2268,1176,978,626,93,25,1980],"class_list":{"0":"post-53975","1":"post","2":"type-post","3":"status-publish","4":"format-standard","5":"has-post-thumbnail","7":"category-paris","8":"tag-actualites","9":"tag-calendrier","10":"tag-classement","11":"tag-direct","12":"tag-eu","13":"tag-europe","14":"tag-foot","15":"tag-football","16":"tag-fr","17":"tag-france","18":"tag-franck-haise","19":"tag-l1","20":"tag-ligue-1","21":"tag-lille","22":"tag-marcin-bulka","23":"tag-marquinhos","24":"tag-match","25":"tag-news","26":"tag-nice","27":"tag-ogc-nice","28":"tag-olympique-de-marseille","29":"tag-olympique-lyonnais","30":"tag-paris","31":"tag-psg","32":"tag-republique-francaise","33":"tag-resultats"},"share_on_mastodon":{"url":"https:\/\/pubeurope.com\/@fr\/114403419654398825","error":""},"_links":{"self":[{"href":"https:\/\/www.europesays.com\/fr\/wp-json\/wp\/v2\/posts\/53975","targetHints":{"allow":["GET"]}}],"collection":[{"href":"https:\/\/www.europesays.com\/fr\/wp-json\/wp\/v2\/posts"}],"about":[{"href":"https:\/\/www.europesays.com\/fr\/wp-json\/wp\/v2\/types\/post"}],"author":[{"embeddable":true,"href":"https:\/\/www.europesays.com\/fr\/wp-json\/wp\/v2\/users\/2"}],"replies":[{"embeddable":true,"href":"https:\/\/www.europesays.com\/fr\/wp-json\/wp\/v2\/comments?post=53975"}],"version-history":[{"count":0,"href":"https:\/\/www.europesays.com\/fr\/wp-json\/wp\/v2\/posts\/53975\/revisions"}],"wp:featuredmedia":[{"embeddable":true,"href":"https:\/\/www.europesays.com\/fr\/wp-json\/wp\/v2\/media\/53976"}],"wp:attachment":[{"href":"https:\/\/www.europesays.com\/fr\/wp-json\/wp\/v2\/media?parent=53975"}],"wp:term":[{"taxonomy":"category","embeddable":true,"href":"https:\/\/www.europesays.com\/fr\/wp-json\/wp\/v2\/categories?post=53975"},{"taxonomy":"post_tag","embeddable":true,"href":"https:\/\/www.europesays.com\/fr\/wp-json\/wp\/v2\/tags?post=53975"}],"curies":[{"name":"wp","href":"https:\/\/api.w.org\/{rel}","templated":true}]}}