{"id":539755,"date":"2025-11-17T07:36:16","date_gmt":"2025-11-17T07:36:16","guid":{"rendered":"https:\/\/www.europesays.com\/fr\/539755\/"},"modified":"2025-11-17T07:36:16","modified_gmt":"2025-11-17T07:36:16","slug":"des-debut-2026-la-place-de-numero-1-mondial-va-continuer-dalimenter-la-rivalite-entre-sinner-et-alcaraz-lequipe","status":"publish","type":"post","link":"https:\/\/www.europesays.com\/fr\/539755\/","title":{"rendered":"D\u00e8s d\u00e9but 2026, la place de num\u00e9ro 1 mondial va continuer d&#039;alimenter la rivalit\u00e9 entre Sinner et Alcaraz &#8211; L&#039;\u00c9quipe"},"content":{"rendered":"<ol>\n<li><a href=\"https:\/\/news.google.com\/rss\/articles\/CBMi5AFBVV95cUxNOUVJZHhxQzByaTU5WVVCaDlfXzI0ai1OWDVDWWZ5N1N4RXpvNjBpaWhYazc3TzUwM0Z1bVYwNk9ZZDVNckxPamNjTXpFSUdocGlGS3FVaU94NGpDV0pxQlJlTk1McFR3SDhLbnZYd3lLdk5VNmFvR0RNVDdpZGlXS0RGaGhQcUVxUzM1UEZMOE11OWtwVUNPVVVHYWdxN196SVZoaG1rbFJCb3VxQ21UTVh6bUZ5S0tOdGUwQ1FhNGVNWEhuQ0xxRlZBYnhwN2dyWmdVbXZLdHhwZlVtVmZVODVhanI?oc=5\" target=\"_blank\" rel=\"nofollow noopener\">D\u00e8s d\u00e9but 2026, la place de num\u00e9ro 1 mondial va continuer d&rsquo;alimenter la rivalit\u00e9 entre Sinner et Alcaraz<\/a>&nbsp;&nbsp;L&rsquo;\u00c9quipe<\/li>\n<li><a href=\"https:\/\/news.google.com\/rss\/articles\/CBMi4gFBVV95cUxQNVo2bV9fZlRXaXZ6OHBVdklJSks3V3R3STJBbnpaRW1ZX09zbzB4ZjVybFYwWEd1QmV4UGhPSzdJeFJUTVdDV0w0cE9uZGdoRlBrTFNCYWJBalpfeS1LSk1jYjV6TlVwR1U2dnRiNW1Udzk4dTNORUZkUHc0elp0NFktamN2aFlQMW5BRTY1d1c0d0lQYll3LXd3T3BNMzdPSlBRRnhGZG94bHFjd0pGVThHdFhDZUdST3hUZzBiTnVRVzNxZHRfcmMxdm93NnpXNnRuYWlHSnhSX1gzWml3MFFB?oc=5\" target=\"_blank\" rel=\"nofollow noopener\">Finale du Masters 2025 &#8211; Pour Carlos Alcaraz, ni excuses, ni regrets, ni amertume<\/a>&nbsp;&nbsp;Eurosport<\/li>\n<li><a href=\"https:\/\/news.google.com\/rss\/articles\/CBMi3wFBVV95cUxQTmNOcFkwTU5SLWdLQVNZY19feG1SSHdUX1dmbl9vSjYwX25wQjhSUjJ2RWZPMjRJQzdBVThCWDJ5Mm9OendrWXprTFVsOV9IeEM2QmZKZUozeFB0Q2FtMWZZbjFnLU5qZFZPY1pDUHhVU2U5M2JrbnlEWmRTclIycmhaZ2lMZS1YT0tpaXNtRjI4aTViTHFaMUlRcW9WRUt0M0VXX3RvUUxweGxJc2tVTmoySl8xdS0xZlgta0FhNEptbjk4LWtZV1ZwdXRFWXpCV0lRR1BUS1I3eWY1VG5Z?oc=5\" target=\"_blank\" rel=\"nofollow noopener\">La domination folle de Jannik Sinner : \u00ab\u00a0La saison a \u00e9t\u00e9 longue et difficile\u00a0\u00bb<\/a>&nbsp;&nbsp;DHnet<\/li>\n<li><a href=\"https:\/\/news.google.com\/rss\/articles\/CBMiywFBVV95cUxPWmlVSHlkMXZnNmxNcklwWkNseU9UMF9xdzdnT2RZYWw4a05hTlhVRGRETUMwZnlmMnozNENzRnlwYWp2bG8za3QyZzFxeGEtVk15WEpRR2NfQmpSRElDWEdhV1d4eml3QUhzNXVDdEtpUGlxUVA1Nldyd1JBS09FNzM4RkdUUXpfNTktb3kzX0k5Qlp2V0VSOGJTcFA1elpyUFg0YzlSNGlQSmV5dDZDUEJaTVowd3ZCYWs2blVkcDlxTDlQQ2tfMXRjQQ?oc=5\" target=\"_blank\" rel=\"nofollow noopener\">Battre Sinner en indoor, le nouveau d\u00e9fi ultime du tennis sur lequel Alcaraz progresse<\/a>&nbsp;&nbsp;L&rsquo;\u00c9quipe<\/li>\n<li><a href=\"https:\/\/news.google.com\/rss\/articles\/CBMiyAFBVV95cUxPdkh2aUVabHNLb0wzSXMyczRZblRfNGlOb2VPMXZTSDRqVDBoNXNKS2lqVHk1dU1tejN2ZE9sT3JsMHZSaV9CSlVucm5iMHJhSUswOElkcEQ5bjFMTHMyUXFldGpqaXF0TkFpS245R1hESmdnb0ctcmpMSzRuNmtBdkZYcGp0dEdXZlhDdXBfaG9jdjBLRUdZU1JmN1VZZGZnN2lib0R1MjVOWENmV2c3V2V3ZEE5d0Y4aUJJX2hqUnBSX1dnUHF4V9IBxwFBVV95cUxOeElvNU1DQllGUjhqWTM2Tm1EOXpQVUQtUi1OQlEtZHQ2QVcyUWhOSHNFRFg2Um9EbmdUZkhJWUpTeWVQY1NLTzBzdExpX09ZU28wU0R2SWdVYmhMTmM5MEgzU0F1YldQNVFLa1doN29hbHUwUTZkZWg2bExTM3ZQU253YzVMekFoZGg0aUg0WEpWS3o1RHdGYWFnM2pwSXBYNEUzV3JVaHJNMFBjSlM0Y0ZweFlLb0F5d014b3BoVVpLT2JZNlhz?oc=5\" target=\"_blank\" rel=\"nofollow noopener\">ATP Finals : Alcaraz donne rendez-vous l&rsquo;an prochain \u00e0 Sinner : Sports &#8211; Orange<\/a>&nbsp;&nbsp;Sports &#8211; Orange<\/li>\n<\/ol>\n","protected":false},"excerpt":{"rendered":"D\u00e8s d\u00e9but 2026, la place de num\u00e9ro 1 mondial va continuer d&rsquo;alimenter la rivalit\u00e9 entre Sinner et Alcaraz&nbsp;&nbsp;L&rsquo;\u00c9quipe&hellip;\n","protected":false},"author":2,"featured_media":539756,"comment_status":"","ping_status":"","sticky":false,"template":"","format":"standard","meta":{"footnotes":""},"categories":[1415],"tags":[1011,27,60,1467],"class_list":{"0":"post-539755","1":"post","2":"type-post","3":"status-publish","4":"format-standard","5":"has-post-thumbnail","7":"category-tennis","8":"tag-fr","9":"tag-france","10":"tag-sports","11":"tag-tennis"},"share_on_mastodon":{"url":"https:\/\/pubeurope.com\/@fr\/115563894016049180","error":""},"_links":{"self":[{"href":"https:\/\/www.europesays.com\/fr\/wp-json\/wp\/v2\/posts\/539755","targetHints":{"allow":["GET"]}}],"collection":[{"href":"https:\/\/www.europesays.com\/fr\/wp-json\/wp\/v2\/posts"}],"about":[{"href":"https:\/\/www.europesays.com\/fr\/wp-json\/wp\/v2\/types\/post"}],"author":[{"embeddable":true,"href":"https:\/\/www.europesays.com\/fr\/wp-json\/wp\/v2\/users\/2"}],"replies":[{"embeddable":true,"href":"https:\/\/www.europesays.com\/fr\/wp-json\/wp\/v2\/comments?post=539755"}],"version-history":[{"count":0,"href":"https:\/\/www.europesays.com\/fr\/wp-json\/wp\/v2\/posts\/539755\/revisions"}],"wp:featuredmedia":[{"embeddable":true,"href":"https:\/\/www.europesays.com\/fr\/wp-json\/wp\/v2\/media\/539756"}],"wp:attachment":[{"href":"https:\/\/www.europesays.com\/fr\/wp-json\/wp\/v2\/media?parent=539755"}],"wp:term":[{"taxonomy":"category","embeddable":true,"href":"https:\/\/www.europesays.com\/fr\/wp-json\/wp\/v2\/categories?post=539755"},{"taxonomy":"post_tag","embeddable":true,"href":"https:\/\/www.europesays.com\/fr\/wp-json\/wp\/v2\/tags?post=539755"}],"curies":[{"name":"wp","href":"https:\/\/api.w.org\/{rel}","templated":true}]}}