{"id":539757,"date":"2025-11-17T07:40:22","date_gmt":"2025-11-17T07:40:22","guid":{"rendered":"https:\/\/www.europesays.com\/fr\/539757\/"},"modified":"2025-11-17T07:40:22","modified_gmt":"2025-11-17T07:40:22","slug":"disparition-paige-greco-championne-de-cyclisme-paralympique-est-decedee-a-28-ans","status":"publish","type":"post","link":"https:\/\/www.europesays.com\/fr\/539757\/","title":{"rendered":"Disparition. Paige Greco, championne de cyclisme paralympique, est d\u00e9c\u00e9d\u00e9e \u00e0 28 ans"},"content":{"rendered":"<p>La m\u00e9daill\u00e9e d&rsquo;or de <a href=\"https:\/\/www.ledauphine.com\/sport\/2021\/08\/25\/un-jour-deux-medailles-pour-la-france\" target=\"_blank\" rel=\"noopener\">cyclisme paralympique<\/a> australienne Paige Greco est d\u00e9c\u00e9d\u00e9e dimanche \u00e0 l&rsquo;\u00e2ge de 28 ans, apr\u00e8s un \u00ab probl\u00e8me m\u00e9dical soudain \u00bb, a annonc\u00e9 sa famille lundi.<\/p>\n<p>Paige Greco avait battu son propre record du monde en remportant la victoire en poursuite individuelle sur 3\u00a0000 m dans la cat\u00e9gorie C1-C3 aux Jeux de Tokyo en 2021.\u00a0Elle a ensuite ajout\u00e9 une m\u00e9daille de bronze dans la course sur route et le contre-la-montre C1\u20133, consolidant ainsi son statut de comp\u00e9titrice de haut niveau \u00e0 la fois sur piste et sur route.<\/p>\n<p>\u00ab\u00a0Incroyablement fiers de la personne qu&rsquo;elle \u00e9tait\u00a0\u00bb<\/p>\n<p>La jeune femme est d\u00e9c\u00e9d\u00e9e dimanche, chez elle, dans la ville d&rsquo;Ad\u00e9la\u00efde, dans le sud de l&rsquo;Australie. Elle \u00e9tait n\u00e9e avec une paralysie c\u00e9r\u00e9brale, affectant la partie droite de son corps.<\/p>\n<p>\u00ab Bien que nous soyons d\u00e9vast\u00e9s par sa perte, nous sommes incroyablement fiers de la personne qu&rsquo;elle \u00e9tait et de la mani\u00e8re dont elle repr\u00e9sentait l&rsquo;Australie \u00bb, a d\u00e9clar\u00e9 sa m\u00e8re, Natalie Greco, dans un communiqu\u00e9 publi\u00e9 par la F\u00e9d\u00e9ration australienne de cyclisme (AusCycling).<\/p>\n<p>Ce contenu est bloqu\u00e9 car vous n&rsquo;avez pas accept\u00e9 les cookies et autres traceurs.<\/p>\n<p>En cliquant sur \u00ab J\u2019accepte \u00bb, les cookies et autres traceurs seront d\u00e9pos\u00e9s et vous pourrez visualiser les contenus  (<a href=\"\" class=\"consentModule_policy\" target=\"_blank\" title=\"Consulter la politique de protection des donn\u00e9es du fournisseur\">plus d&rsquo;informations<\/a>).<\/p>\n<p>En cliquant sur \u00ab J\u2019accepte tous les cookies \u00bb, vous autorisez des d\u00e9p\u00f4ts de cookies et autres traceurs pour le stockage de vos donn\u00e9es sur nos sites et applications \u00e0 des fins de personnalisation et de ciblage publicitaire.<\/p>\n<p class=\"consentModule_secondaryText\">Vous gardez la possibilit\u00e9 de retirer votre consentement \u00e0 tout moment en consultant notre <a href=\"https:\/\/www.ledauphine.com\/protection-des-donnees\" target=\"_blank\" title=\"Consulter notre politique de protection des donn\u00e9es\" rel=\"noopener\">politique de protection des donn\u00e9es<\/a>. <br \/>&#13;<br \/>\n            <a href=\"https:\/\/www.ledauphine.com\/societe\/2025\/11\/17\/javascript:Didomi.notice.show()\" class=\"consentModule_cmp\" target=\"_blank\" rel=\"noopener\">G\u00e9rer mes choix<\/a>&#13;\n        <\/p>\n<p>&#13;<br \/>\n                        J&rsquo;accepte&#13;<br \/>\n            J&rsquo;accepte tous les cookies&#13;\n        <\/p>\n<p>  Elle a remport\u00e9 de nombreux titres mondiaux<\/p>\n<p>\u00ab Paige ch\u00e9rissait les liens qu&rsquo;elle avait tiss\u00e9s gr\u00e2ce \u00e0 son sport, et nous trouvons du r\u00e9confort en sachant \u00e0 quel point elle \u00e9tait aim\u00e9e. \u00bb<\/p>\n<p>Paige Greco a remport\u00e9 de nombreux titres dans des comp\u00e9titions d&rsquo;envergure mondiale.\u00a0En ao\u00fbt dernier, elle avait d\u00e9croch\u00e9 la m\u00e9daille de bronze lors du championnat du monde de course sur route paralympique en Belgique.<\/p>\n","protected":false},"excerpt":{"rendered":"La m\u00e9daill\u00e9e d&rsquo;or de cyclisme paralympique australienne Paige Greco est d\u00e9c\u00e9d\u00e9e dimanche \u00e0 l&rsquo;\u00e2ge de 28 ans, apr\u00e8s&hellip;\n","protected":false},"author":2,"featured_media":539758,"comment_status":"","ping_status":"","sticky":false,"template":"","format":"standard","meta":{"footnotes":""},"categories":[1411],"tags":[1154,207,107,1011,27,329,28367,1391,517,1947,60],"class_list":{"0":"post-539757","1":"post","2":"type-post","3":"status-publish","4":"format-standard","5":"has-post-thumbnail","7":"category-cyclisme","8":"tag-cycling","9":"tag-cyclisme","10":"tag-fil-info","11":"tag-fr","12":"tag-france","13":"tag-france-monde","14":"tag-jeux-paralympiques","15":"tag-necrologie","16":"tag-sport","17":"tag-sport-national","18":"tag-sports"},"share_on_mastodon":{"url":"https:\/\/pubeurope.com\/@fr\/115563909887963931","error":""},"_links":{"self":[{"href":"https:\/\/www.europesays.com\/fr\/wp-json\/wp\/v2\/posts\/539757","targetHints":{"allow":["GET"]}}],"collection":[{"href":"https:\/\/www.europesays.com\/fr\/wp-json\/wp\/v2\/posts"}],"about":[{"href":"https:\/\/www.europesays.com\/fr\/wp-json\/wp\/v2\/types\/post"}],"author":[{"embeddable":true,"href":"https:\/\/www.europesays.com\/fr\/wp-json\/wp\/v2\/users\/2"}],"replies":[{"embeddable":true,"href":"https:\/\/www.europesays.com\/fr\/wp-json\/wp\/v2\/comments?post=539757"}],"version-history":[{"count":0,"href":"https:\/\/www.europesays.com\/fr\/wp-json\/wp\/v2\/posts\/539757\/revisions"}],"wp:featuredmedia":[{"embeddable":true,"href":"https:\/\/www.europesays.com\/fr\/wp-json\/wp\/v2\/media\/539758"}],"wp:attachment":[{"href":"https:\/\/www.europesays.com\/fr\/wp-json\/wp\/v2\/media?parent=539757"}],"wp:term":[{"taxonomy":"category","embeddable":true,"href":"https:\/\/www.europesays.com\/fr\/wp-json\/wp\/v2\/categories?post=539757"},{"taxonomy":"post_tag","embeddable":true,"href":"https:\/\/www.europesays.com\/fr\/wp-json\/wp\/v2\/tags?post=539757"}],"curies":[{"name":"wp","href":"https:\/\/api.w.org\/{rel}","templated":true}]}}