{"id":539767,"date":"2025-11-17T07:46:11","date_gmt":"2025-11-17T07:46:11","guid":{"rendered":"https:\/\/www.europesays.com\/fr\/539767\/"},"modified":"2025-11-17T07:46:11","modified_gmt":"2025-11-17T07:46:11","slug":"florent-pagny-malade-il-a-tellement-maigri-quil-lui-est-arrive-limprobable-en-plein-tournage","status":"publish","type":"post","link":"https:\/\/www.europesays.com\/fr\/539767\/","title":{"rendered":"Florent Pagny malade, il a tellement maigri qu\u2019il lui est arriv\u00e9 l\u2019improbable en plein tournage"},"content":{"rendered":"<p>Il suffit parfois d\u2019un d\u00e9tail pour mesurer le chemin parcouru.<br \/>\nPour Florent Pagny, ce d\u00e9tail est arriv\u00e9 sous les projecteurs, au<br \/>\nmoment o\u00f9 il retrouvait enfin la sc\u00e8ne. Apr\u00e8s pr\u00e8s de <a href=\"https:\/\/www.closermag.fr\/people\/florent-pagny-face-au-cancer-le-chanteur-craint-toujours-le-pire-cest-la-que-je-sais-si-3534750\" rel=\"nofollow noopener\" target=\"_blank\"><br \/>\nquatre ann\u00e9es \u00e0 lutter contre le cancer<\/a>, le chanteur de 64 ans<br \/>\nrenoue avec son public, sa musique, ses ambitions, et m\u00eame quelques<br \/>\nimpr\u00e9vus. Car s\u2019il a retrouv\u00e9 l\u2019\u00e9nergie, la voix et l\u2019envie, sa<br \/>\nsilhouette, elle, a tellement fondu <strong>qu\u2019un petit accident<br \/>\ns\u2019est gliss\u00e9 lors de l\u2019enregistrement de l\u2019\u00e9mission<br \/>\nTaratata.<\/strong><\/p>\n<p>Ce retour, Florent Pagny l\u2019a imagin\u00e9 fort. Son album Grandeur<br \/>\nnature, sorti en septembre, a marqu\u00e9 le d\u00e9but d\u2019une nouvelle \u00e9tape.<br \/>\nEt pour 2026, il a pr\u00e9vu une tourn\u00e9e XXL : soixante-dix dates en<br \/>\nFrance, en Belgique et en Suisse. Avant ce marathon, il a r\u00e9pondu \u00e0<br \/>\nl\u2019invitation de Nagui pour une \u00e9mission sp\u00e9ciale, diffus\u00e9e le 29<br \/>\nnovembre 2025.<\/p>\n<p>Florent Pagny : sa silhouette a bien chang\u00e9<\/p>\n<p>Pour nos confr\u00e8res de T\u00e9l\u00e9-Loisirs, <a href=\"https:\/\/www.closermag.fr\/people\/florent-pagny-face-au-cancer-a-la-prise-de-sang-on-ma-dit-il-leve-le-voile-sur-son-etat-de-sante-3578700\" rel=\"nofollow noopener\" target=\"_blank\"><br \/>\nl\u2019artiste, qui \u00e9voque aussi ses r\u00e9sultats de sant\u00e9,<\/a> s\u2019est<br \/>\nconfi\u00e9 sur cette reprise, mais aussi sur la peur l\u00e9gitime li\u00e9e \u00e0<br \/>\nson pass\u00e9 m\u00e9dical : \u201c<strong>Taratata, c\u2019est physique.<\/strong><br \/>\nQuand on a pris la claque que j\u2019ai prise, on se pose des questions,<br \/>\nsurtout pour les poumons. Mais la voix reste un muscle, et tout va<br \/>\nbien\u201d. Une affirmation qui rassure autant qu\u2019elle<br \/>\nimpressionne.<\/p>\n<p>Mais la perte de poids, elle, a provoqu\u00e9 une sc\u00e8ne pour le moins<br \/>\nimprobable lors du tournage de l\u2019\u00e9mission. Aminci au point d\u2019\u00eatre<br \/>\ndifficile \u00e0 reconna\u00eetre, Florent Pagny n\u2019avait pas anticip\u00e9 qu\u2019un<br \/>\npantalon trop grand pourrait le trahir. \u201cJe l\u2019ai perdu en plein<br \/>\ntournage. J\u2019ai d\u00fb filer en coulisses pour le fixer, <strong>\u00e7a<br \/>\ndevenait g\u00eanant\u201d<\/strong><strong>,<\/strong> raconte-t-il avec<br \/>\nhumour.<\/p>\n<p>\u00ab\u00a0J&rsquo;ai eu de la chance dans mon<br \/>\nmalheur\u00a0\u00bb<\/p>\n<p>Le combat n\u2019a pas \u00e9pargn\u00e9 Florent Pagny, mais il reconna\u00eet<br \/>\naujourd\u2019hui certains effets inattendus de cette travers\u00e9e<br \/>\ndouloureuse. Sa voix, par exemple : \u201cJ\u2019ai retrouv\u00e9 de la<br \/>\nbrillance\u201d, dit-il, presque surpris d\u2019entendre ses propres<br \/>\n<a href=\"https:\/\/www.closermag.fr\/people\/en-attendant-les-resultats-florent-pagny-se-livre-sur-levolution-de-son-cancer-3574650\" rel=\"nofollow noopener\" target=\"_blank\"><br \/>\nprogr\u00e8s apr\u00e8s la chimioth\u00e9rapie<\/a>. Il confie n\u2019avoir jamais<br \/>\nvraiment craint pour ses cordes vocales, m\u00eame lorsque la maladie<br \/>\nrevenait : \u201cElle a toujours fonctionn\u00e9. J\u2019ai eu de la chance<br \/>\ndans mon malheur\u2026\u201d. Il admet aussi que <strong>l\u2019arr\u00eat brutal<br \/>\ndu tabac,<\/strong> il y a presque cinq ans, a peut-\u00eatre jou\u00e9 en sa<br \/>\nfaveur.<\/p>\n<p>Toujours en mouvement Rien d\u2019\u00e9tonnant finalement : Florent Pagny<br \/>\nn\u2019a jamais \u00e9t\u00e9 du genre \u00e0 rester immobile. En France, il accumule<br \/>\nles pompes pour entretenir sa forme. En Argentine, il bouge sans<br \/>\narr\u00eat : \u201cJe porte, je soul\u00e8ve, je charge, j\u2019attache\u2026\u201d. Une<br \/>\nvie physique, simple, presque rustique, qui semble lui r\u00e9ussir.<\/p>\n","protected":false},"excerpt":{"rendered":"Il suffit parfois d\u2019un d\u00e9tail pour mesurer le chemin parcouru. Pour Florent Pagny, ce d\u00e9tail est arriv\u00e9 sous&hellip;\n","protected":false},"author":2,"featured_media":539768,"comment_status":"","ping_status":"","sticky":false,"template":"","format":"standard","meta":{"footnotes":""},"categories":[1355],"tags":[58,59,3109,1011,27,1361,873],"class_list":{"0":"post-539767","1":"post","2":"type-post","3":"status-publish","4":"format-standard","5":"has-post-thumbnail","7":"category-musique","8":"tag-divertissement","9":"tag-entertainment","10":"tag-florent-pagny","11":"tag-fr","12":"tag-france","13":"tag-music","14":"tag-musique"},"share_on_mastodon":{"url":"https:\/\/pubeurope.com\/@fr\/115563933665605988","error":""},"_links":{"self":[{"href":"https:\/\/www.europesays.com\/fr\/wp-json\/wp\/v2\/posts\/539767","targetHints":{"allow":["GET"]}}],"collection":[{"href":"https:\/\/www.europesays.com\/fr\/wp-json\/wp\/v2\/posts"}],"about":[{"href":"https:\/\/www.europesays.com\/fr\/wp-json\/wp\/v2\/types\/post"}],"author":[{"embeddable":true,"href":"https:\/\/www.europesays.com\/fr\/wp-json\/wp\/v2\/users\/2"}],"replies":[{"embeddable":true,"href":"https:\/\/www.europesays.com\/fr\/wp-json\/wp\/v2\/comments?post=539767"}],"version-history":[{"count":0,"href":"https:\/\/www.europesays.com\/fr\/wp-json\/wp\/v2\/posts\/539767\/revisions"}],"wp:featuredmedia":[{"embeddable":true,"href":"https:\/\/www.europesays.com\/fr\/wp-json\/wp\/v2\/media\/539768"}],"wp:attachment":[{"href":"https:\/\/www.europesays.com\/fr\/wp-json\/wp\/v2\/media?parent=539767"}],"wp:term":[{"taxonomy":"category","embeddable":true,"href":"https:\/\/www.europesays.com\/fr\/wp-json\/wp\/v2\/categories?post=539767"},{"taxonomy":"post_tag","embeddable":true,"href":"https:\/\/www.europesays.com\/fr\/wp-json\/wp\/v2\/tags?post=539767"}],"curies":[{"name":"wp","href":"https:\/\/api.w.org\/{rel}","templated":true}]}}