{"id":539779,"date":"2025-11-17T07:53:12","date_gmt":"2025-11-17T07:53:12","guid":{"rendered":"https:\/\/www.europesays.com\/fr\/539779\/"},"modified":"2025-11-17T07:53:12","modified_gmt":"2025-11-17T07:53:12","slug":"australie-et-turquie-se-dechirent-pour-organiser-la-cop31-lallemagne-en-embuscade","status":"publish","type":"post","link":"https:\/\/www.europesays.com\/fr\/539779\/","title":{"rendered":"Australie et Turquie se d\u00e9chirent pour organiser la COP31, l\u2019Allemagne en embuscade"},"content":{"rendered":"<p>La COP30 <a href=\"https:\/\/www.20minutes.fr\/planete\/cop\/4185830-20251115-cop-30-belem-militants-autochtones-rassembles-defendre-climat-denoncer-imperialisme\" target=\"_blank\" class=\"c-link c-link--is-underlined\" rel=\"noopener\">qui se d\u00e9roule actuellement au Br\u00e9sil<\/a> n\u2019est pas termin\u00e9e que d\u00e9j\u00e0 un bras de fer se joue sur la COP31. Deux pays souhaitent en effet l\u2019organiser\u00a0: la <a href=\"https:\/\/www.20minutes.fr\/monde\/turquie\/\" target=\"_blank\" class=\"c-link c-link--is-underlined\" rel=\"noopener\">Turquie<\/a> et l\u2019<a href=\"https:\/\/www.20minutes.fr\/dossier\/australie\" target=\"_blank\" class=\"c-link c-link--is-underlined\" rel=\"noopener\">Australie<\/a>.<\/p>\n<p>Lundi, le Premier ministre australien a rejet\u00e9 l\u2019offre de la Turquie de coorganiser le sommet de l\u2019ONU sur le climat de l\u2019an prochain, que Canberra souhaite voir se tenir \u00e0 Ad\u00e9la\u00efde. \u00ab\u00a0Non, nous ne serons pas co-h\u00f4tes\u00a0\u00bb, a soutenu Anthony Albanese, rappelant que la co-organisation \u00ab\u00a0n\u2019est pas pr\u00e9vue\u00a0\u00bb par les r\u00e8gles de la Convention-cadre des Nations unies sur les changements climatiques. \u00ab\u00a0Ce n\u2019est pas une option, et les gens ont conscience que ce n\u2019est pas une option, c\u2019est pourquoi cela a \u00e9t\u00e9 \u00e9cart\u00e9\u00a0\u00bb, a ajout\u00e9 le chef du gouvernement.<\/p>\n<p>Un choix devant se faire par consensus<\/p>\n<p>L\u2019Australie et la Turquie, chacune candidate, sont dans l\u2019impasse quant \u00e0 l\u2019organisation de cette 31e Conf\u00e9rence des Nations Unies sur le changement climatique qui doit avoir lieu en\u00a02026. Le pays h\u00f4te devant \u00eatre choisi par consensus, aucun des deux pays ne sera retenu si l\u2019un ou l\u2019autre ne retire pas sa candidature, ou s\u2019ils ne parviennent pas \u00e0 un accord pour partager cette responsabilit\u00e9.<\/p>\n<\/p>\n<p>Une situation in\u00e9dite, qui verrait l\u2019organisation de la prochaine conf\u00e9rence revenir par d\u00e9faut \u00e0 Bonn, ville d\u2019Allemagne qui abrite le secr\u00e9tariat de l\u2019ONU pour le climat. Une source diplomatique turque a d\u00e9clar\u00e9 dimanche que son pays \u00ab\u00a0(continuait) de plaider en faveur d\u2019un mod\u00e8le de copr\u00e9sidence\u00a0\u00bb pour la prochaine COP.<\/p>\n<p><a href=\"https:\/\/www.20minutes.fr\/dossier\/changement_climatique\" target=\"_blank\" class=\"c-link c-btn c-btn--primary\" rel=\"noopener\">Notre dossier sur le Changement climatique<\/a><\/p>\n<p>En organisant le prochain sommet \u00e0 Ad\u00e9la\u00efde aux c\u00f4t\u00e9s de ses voisins insulaires du Pacifique, l\u2019Australie souhaite attirer l\u2019attention sur une r\u00e9gion du monde en premi\u00e8re ligne face aux cons\u00e9quences du changement climatique. Le pays, qui reste l\u2019un des plus grands exportateurs de charbon au monde et continue de subventionner largement ses combustibles fossiles, serait le premier de l\u2019histoire de la r\u00e9gion Pacifique \u00e0 accueillir une COP sur son sol.<\/p>\n","protected":false},"excerpt":{"rendered":"La COP30 qui se d\u00e9roule actuellement au Br\u00e9sil n\u2019est pas termin\u00e9e que d\u00e9j\u00e0 un bras de fer se&hellip;\n","protected":false},"author":2,"featured_media":539780,"comment_status":"","ping_status":"","sticky":false,"template":"","format":"standard","meta":{"footnotes":""},"categories":[5],"tags":[47,11,672,5035,4734,63463,1011,27,14,74,12,52,5140,3496,133,28],"class_list":{"0":"post-539779","1":"post","2":"type-post","3":"status-publish","4":"format-standard","5":"has-post-thumbnail","7":"category-international","8":"tag-actualite","9":"tag-actualites","10":"tag-allemagne","11":"tag-australie","12":"tag-changement-climatique","13":"tag-cop-30","14":"tag-fr","15":"tag-france","16":"tag-international","17":"tag-monde","18":"tag-news","19":"tag-planete","20":"tag-rechauffement-climatique","21":"tag-turquie","22":"tag-video","23":"tag-world"},"share_on_mastodon":{"url":"https:\/\/pubeurope.com\/@fr\/115563961062146282","error":""},"_links":{"self":[{"href":"https:\/\/www.europesays.com\/fr\/wp-json\/wp\/v2\/posts\/539779","targetHints":{"allow":["GET"]}}],"collection":[{"href":"https:\/\/www.europesays.com\/fr\/wp-json\/wp\/v2\/posts"}],"about":[{"href":"https:\/\/www.europesays.com\/fr\/wp-json\/wp\/v2\/types\/post"}],"author":[{"embeddable":true,"href":"https:\/\/www.europesays.com\/fr\/wp-json\/wp\/v2\/users\/2"}],"replies":[{"embeddable":true,"href":"https:\/\/www.europesays.com\/fr\/wp-json\/wp\/v2\/comments?post=539779"}],"version-history":[{"count":0,"href":"https:\/\/www.europesays.com\/fr\/wp-json\/wp\/v2\/posts\/539779\/revisions"}],"wp:featuredmedia":[{"embeddable":true,"href":"https:\/\/www.europesays.com\/fr\/wp-json\/wp\/v2\/media\/539780"}],"wp:attachment":[{"href":"https:\/\/www.europesays.com\/fr\/wp-json\/wp\/v2\/media?parent=539779"}],"wp:term":[{"taxonomy":"category","embeddable":true,"href":"https:\/\/www.europesays.com\/fr\/wp-json\/wp\/v2\/categories?post=539779"},{"taxonomy":"post_tag","embeddable":true,"href":"https:\/\/www.europesays.com\/fr\/wp-json\/wp\/v2\/tags?post=539779"}],"curies":[{"name":"wp","href":"https:\/\/api.w.org\/{rel}","templated":true}]}}