{"id":539787,"date":"2025-11-17T07:59:28","date_gmt":"2025-11-17T07:59:28","guid":{"rendered":"https:\/\/www.europesays.com\/fr\/539787\/"},"modified":"2025-11-17T07:59:28","modified_gmt":"2025-11-17T07:59:28","slug":"nancy-pourquoi-na-t-on-pas-deboulonne-la-statue-du-sergent-blandan","status":"publish","type":"post","link":"https:\/\/www.europesays.com\/fr\/539787\/","title":{"rendered":"Nancy. Pourquoi n\u2019a-t-on pas d\u00e9boulonn\u00e9 la statue du sergent Blandan\u00a0?"},"content":{"rendered":"<p>Il n\u2019est ni n\u00e9 ni mort \u00e0 Nancy. Il n\u2019y a sans doute m\u00eame jamais mis les pieds. Pourtant, il tr\u00f4ne, fier et conqu\u00e9rant sur son socle, le sergent Blandan. Symbole d\u2019une France qui, arme au poing, s\u2019est rendue ma\u00eetresse d\u2019un territoire qui n\u2019\u00e9tait pas le sien, il y a pr\u00e8s de 200 ans.<\/p>\n<p>Dans le soleil automnal nanc\u00e9ien, sa silhouette haut perch\u00e9e prend des airs martiaux de vainqueur triomphant. Un&#8230;<\/p>\n","protected":false},"excerpt":{"rendered":"Il n\u2019est ni n\u00e9 ni mort \u00e0 Nancy. Il n\u2019y a sans doute m\u00eame jamais mis les pieds.&hellip;\n","protected":false},"author":2,"featured_media":539788,"comment_status":"","ping_status":"","sticky":false,"template":"","format":"standard","meta":{"footnotes":""},"categories":[9635],"tags":[1111,11,1687,3206,1704,1777,674,1011,27,775,937,1702,1703,12,2661,25,104],"class_list":{"0":"post-539787","1":"post","2":"type-post","3":"status-publish","4":"format-standard","5":"has-post-thumbnail","7":"category-nancy","8":"tag-actu","9":"tag-actualites","10":"tag-culture-loisirs","11":"tag-defense-guerre-conflit","12":"tag-edition-nancy-et-agglomeration","13":"tag-eu","14":"tag-europe","15":"tag-fr","16":"tag-france","17":"tag-grand-est","18":"tag-histoire","19":"tag-nancy","20":"tag-nancy-ville-54b","21":"tag-news","22":"tag-patrimoine-culturel","23":"tag-republique-francaise","24":"tag-societe"},"share_on_mastodon":{"url":"https:\/\/pubeurope.com\/@fr\/115563984606616085","error":""},"_links":{"self":[{"href":"https:\/\/www.europesays.com\/fr\/wp-json\/wp\/v2\/posts\/539787","targetHints":{"allow":["GET"]}}],"collection":[{"href":"https:\/\/www.europesays.com\/fr\/wp-json\/wp\/v2\/posts"}],"about":[{"href":"https:\/\/www.europesays.com\/fr\/wp-json\/wp\/v2\/types\/post"}],"author":[{"embeddable":true,"href":"https:\/\/www.europesays.com\/fr\/wp-json\/wp\/v2\/users\/2"}],"replies":[{"embeddable":true,"href":"https:\/\/www.europesays.com\/fr\/wp-json\/wp\/v2\/comments?post=539787"}],"version-history":[{"count":0,"href":"https:\/\/www.europesays.com\/fr\/wp-json\/wp\/v2\/posts\/539787\/revisions"}],"wp:featuredmedia":[{"embeddable":true,"href":"https:\/\/www.europesays.com\/fr\/wp-json\/wp\/v2\/media\/539788"}],"wp:attachment":[{"href":"https:\/\/www.europesays.com\/fr\/wp-json\/wp\/v2\/media?parent=539787"}],"wp:term":[{"taxonomy":"category","embeddable":true,"href":"https:\/\/www.europesays.com\/fr\/wp-json\/wp\/v2\/categories?post=539787"},{"taxonomy":"post_tag","embeddable":true,"href":"https:\/\/www.europesays.com\/fr\/wp-json\/wp\/v2\/tags?post=539787"}],"curies":[{"name":"wp","href":"https:\/\/api.w.org\/{rel}","templated":true}]}}