{"id":539805,"date":"2025-11-17T08:10:19","date_gmt":"2025-11-17T08:10:19","guid":{"rendered":"https:\/\/www.europesays.com\/fr\/539805\/"},"modified":"2025-11-17T08:10:19","modified_gmt":"2025-11-17T08:10:19","slug":"le-rcv-simpose-face-a-grenoble-28-18-au-roazhon-park","status":"publish","type":"post","link":"https:\/\/www.europesays.com\/fr\/539805\/","title":{"rendered":"Le RCV s&rsquo;impose face \u00e0 Grenoble (28-18) au Roazhon Park"},"content":{"rendered":"<p class=\"block date\" id=\"dateEtAuteur\">Publi\u00e9 : 2h55 &#8211; Modifi\u00e9 : 7h01 Romain  Houeix <\/p>\n<p><img decoding=\"async\" class=\"\" style=\"width:100%\" src=\"https:\/\/www.europesays.com\/fr\/wp-content\/uploads\/2025\/11\/583115332_1678142636840254_5081824009882562257_n1763358190800.jpg\" alt=\"Roazhon Park\"\/><\/p>\n<p>Roazhon Park<\/p>\n<p>Cr\u00e9dit : Romain Houeix<\/p>\n<p>Au Roazhon Park devant pr\u00e8s de 30 000 spectateurs, le RC Vannes n\u2019a pas vacill\u00e9 dimanche soir, (16 novembre). Face \u00e0 Grenoble, les Bretons se sont impos\u00e9s 28 \u00e0 18, signant une prestation solide qui leur permet de conserver la t\u00eate du classement de Pro D2. <\/p>\n<p>Annonc\u00e9e comme une simple rumeur la saison derni\u00e8re en Top 14, la d\u00e9localisation du RC Vannes est finalement devenue r\u00e9alit\u00e9 lors de cette 11\u00e8me journ\u00e9e de Pro D2.<\/p>\n<p>\u00a0<\/p>\n<blockquote><p>\nExit La Rabine, place au Roazhon Park\n<\/p><\/blockquote>\n<p>\u00a0<\/p>\n<p>Exit La Rabine, place au Roazhon Park. Le stade, par\u00e9 pour l\u2019occasion du bleu vannetais en lieu et place du traditionnel rouge du SRFC, a plut\u00f4t bien r\u00e9ussi aux Morbihannais. \u00ab\u00a0Le stade est magnifique, et il est propice \u00e0 une bonne ambiance parce qu&rsquo;il a des tribunes tr\u00e8s verticales. Les gens sont tr\u00e8s proches du terrain, d&rsquo;autant plus qu&rsquo;on avait optimis\u00e9 au maximum la surface engazonn\u00e9e. <\/p>\n<p>Fatalement, on savait qu&rsquo;il y aurait du bruit ! Ce qui ne veut pas dire qu&rsquo;on n&rsquo;a pas eu du mal \u00e0 s&rsquo;adapter. Il y a eu au moins un gros bug en touche li\u00e9 \u00e0 \u00e7a, mais le bruit \u00e9tait pour les deux \u00e9quipes. On a jou\u00e9 il n&rsquo;y a pas si longtemps en p\u00e9riode Covid. C&rsquo;est mieux de voir les stades pleins que vides. <\/p>\n<p><strong>C&rsquo;est un moment particulier pour le club, par un match d\u00e9cisif pour nous. Important sur le plan moral de le gagner. O<\/strong>n savait que la performance risquait de ne pas \u00eatre aboutie ou celle qu&rsquo;on souhaitait, parce que c&rsquo;est quand m\u00eame une pr\u00e9paration un peu diff\u00e9rente dans un autre contexte. On regarde ce qui se passe ailleurs sur des d\u00e9localisations et ce n&rsquo;est que c&rsquo;est jamais facile de recevoir,\u00a0\u00bb a r\u00e9agi Jean-No\u00ebl Spitzer, manager g\u00e9n\u00e9ral du RCV Vannes.<\/p>\n<p>R\u00e9action de Jean No\u00ebl SpitzerR\u00e9action de Jean No\u00ebl Spitzer <\/p>\n<p>Si, sportivement, le RC Vannes n\u2019a jamais vraiment \u00e9t\u00e9 inqui\u00e9t\u00e9 par Grenoble, c\u2019est surtout l\u2019ambiance qui aura marqu\u00e9 cette soir\u00e9e de dimanche. Habitu\u00e9s aux 12 000 voix de La Rabine, les joueurs vannetais ont cette fois \u00e9volu\u00e9 dans une enceinte port\u00e9e par pr\u00e8s de 30 000 supporters. \u00ab\u00a0C\u2019est l\u2019un des plus beaux moments de ma carri\u00e8re\u00a0\u00bb, avouait le troisi\u00e8me ligne Simon Augry, auteur du premier essai du match.<\/p>\n<p>\u00a0<\/p>\n<blockquote><p>\n\u00ab\u00a0C\u2019est un moment qui restera grav\u00e9 !\u00a0\u00bb\n<\/p><\/blockquote>\n<p>\u00a0<\/p>\n<p><strong>\u00ab\u00a0Je suis toujours dans ma routine et ma bulle, mais c&rsquo;est assez impressionnant quand on passe de beaucoup de bruit \u00e0 ce calme, avec cette hauteur de tribune, cette foule qu&rsquo;il y a c&rsquo;est impressionnant ! <\/strong>C&rsquo;\u00e9tait un bon moment \u00e0 vivre&#8230; D\u00e8s l&rsquo;arriv\u00e9e au stade avec cette foule, on en parlait d\u00e9j\u00e0 dans les vestiaires, c&rsquo;\u00e9tait un moment incroyable, et apr\u00e8s bien s\u00fbr, rentrer dans ce stade plein, l&rsquo;ambiance, le bruit qu&rsquo;il y avait, c&rsquo;\u00e9tait un moment magique et qui restera grav\u00e9\u00a0\u00bb, pour Maxime Lafage.<\/p>\n<p>R\u00e9actions de Simon Augry et Maxime Lafage R\u00e9actions de Simon Augry et Maxime Lafage <\/p>\n<p>Cr\u00e9dit : Romain H<\/p>\n<p style=\"text-align: center;\">\n<p>\u00a0<\/p>\n<p>Maxime Lafage, l\u2019ouvreur du RCV, n\u2019a pas cach\u00e9 en conf\u00e9rence de presse son envie de revivre une telle exp\u00e9rience : \u00ab\u00a0ce sont des matchs qui nous pr\u00e9parent pour la suite, que ce soit pour le public ou pour nous, c&rsquo;est un grand moment. <strong>Des stades comme \u00e7a avec beaucoup d&rsquo;ambiance, avec une pelouse incroyable, avec aussi un temps qui \u00e9tait top. Bien s\u00fbr qu&rsquo;on a envie que \u00e7a arrive une deuxi\u00e8me fois apr\u00e8s cela appartient \u00e0 la direction.\u00a0\u00bb<\/strong><\/p>\n<p><strong>Le RC Vannes retrouvera son stade de La Rabine le 28 novembre pour la r\u00e9ception d&rsquo;Agen (21h).\u00a0<\/strong><\/p>\n","protected":false},"excerpt":{"rendered":"Publi\u00e9 : 2h55 &#8211; Modifi\u00e9 : 7h01 Romain Houeix Roazhon Park Cr\u00e9dit : Romain Houeix Au Roazhon Park&hellip;\n","protected":false},"author":2,"featured_media":539806,"comment_status":"","ping_status":"","sticky":false,"template":"","format":"standard","meta":{"footnotes":""},"categories":[9566],"tags":[1111,11,2430,829,1777,674,1011,27,2731,62271,12,65814,3164,25,7091,479,60,3087],"class_list":{"0":"post-539805","1":"post","2":"type-post","3":"status-publish","4":"format-standard","5":"has-post-thumbnail","7":"category-grenoble","8":"tag-actu","9":"tag-actualites","10":"tag-auvergne-rhone-alpes","11":"tag-bretagne","12":"tag-eu","13":"tag-europe","14":"tag-fr","15":"tag-france","16":"tag-grenoble","17":"tag-la-rabine","18":"tag-news","19":"tag-prod2","20":"tag-rc-vannes","21":"tag-republique-francaise","22":"tag-roazhon-park","23":"tag-rugby","24":"tag-sports","25":"tag-stade-rennais"},"share_on_mastodon":{"url":"https:\/\/pubeurope.com\/@fr\/115564027913798993","error":""},"_links":{"self":[{"href":"https:\/\/www.europesays.com\/fr\/wp-json\/wp\/v2\/posts\/539805","targetHints":{"allow":["GET"]}}],"collection":[{"href":"https:\/\/www.europesays.com\/fr\/wp-json\/wp\/v2\/posts"}],"about":[{"href":"https:\/\/www.europesays.com\/fr\/wp-json\/wp\/v2\/types\/post"}],"author":[{"embeddable":true,"href":"https:\/\/www.europesays.com\/fr\/wp-json\/wp\/v2\/users\/2"}],"replies":[{"embeddable":true,"href":"https:\/\/www.europesays.com\/fr\/wp-json\/wp\/v2\/comments?post=539805"}],"version-history":[{"count":0,"href":"https:\/\/www.europesays.com\/fr\/wp-json\/wp\/v2\/posts\/539805\/revisions"}],"wp:featuredmedia":[{"embeddable":true,"href":"https:\/\/www.europesays.com\/fr\/wp-json\/wp\/v2\/media\/539806"}],"wp:attachment":[{"href":"https:\/\/www.europesays.com\/fr\/wp-json\/wp\/v2\/media?parent=539805"}],"wp:term":[{"taxonomy":"category","embeddable":true,"href":"https:\/\/www.europesays.com\/fr\/wp-json\/wp\/v2\/categories?post=539805"},{"taxonomy":"post_tag","embeddable":true,"href":"https:\/\/www.europesays.com\/fr\/wp-json\/wp\/v2\/tags?post=539805"}],"curies":[{"name":"wp","href":"https:\/\/api.w.org\/{rel}","templated":true}]}}