{"id":539807,"date":"2025-11-17T08:11:28","date_gmt":"2025-11-17T08:11:28","guid":{"rendered":"https:\/\/www.europesays.com\/fr\/539807\/"},"modified":"2025-11-17T08:11:28","modified_gmt":"2025-11-17T08:11:28","slug":"chantepie-une-collecte-pour-soutenir-les-animaux-abandonnes","status":"publish","type":"post","link":"https:\/\/www.europesays.com\/fr\/539807\/","title":{"rendered":"Chantepie. Une collecte pour soutenir les animaux abandonn\u00e9s"},"content":{"rendered":"<p>L\u2019enseigne Maxi Zoo se mobilise pour soutenir les animaux abandonn\u00e9s ou maltrait\u00e9s, en jouant un r\u00f4le de relais pour les associations Agir pour la vie animale et la Conf\u00e9d\u00e9ration de la d\u00e9fense de l\u2019animal.<\/p>\n<p>Cynthia Marchais est une nouvelle responsable du Maxi Zoo de la ville. \u00ab<strong>\u00a0Nos clients avaient la possibilit\u00e9 d\u2019acqu\u00e9rir, pour 2\u00a0\u20ac, un bracelet de l\u2019amiti\u00e9. La recette correspondante \u00e9tant revers\u00e9e aux deux associations<\/strong>. <strong>Nous avions un stock de 222\u00a0bracelets, il a \u00e9t\u00e9 rapidement \u00e9puis\u00e9 gr\u00e2ce \u00e0 leur soutien. Mais il reste des m\u00e9daillons qu\u2019ils peuvent encore acheter jusqu\u2019\u00e0 la date du 25\u00a0novembr<\/strong><strong>e.\u00a0\u00bb<\/strong><\/p>\n<p>\u00a0<\/p>\n","protected":false},"excerpt":{"rendered":"L\u2019enseigne Maxi Zoo se mobilise pour soutenir les animaux abandonn\u00e9s ou maltrait\u00e9s, en jouant un r\u00f4le de relais&hellip;\n","protected":false},"author":2,"featured_media":539808,"comment_status":"","ping_status":"","sticky":false,"template":"","format":"standard","meta":{"footnotes":""},"categories":[2821],"tags":[65831,1111,11,1867,829,12790,10957,1777,674,1011,27,12,3086,584,25,13699],"class_list":{"0":"post-539807","1":"post","2":"type-post","3":"status-publish","4":"format-standard","5":"has-post-thumbnail","7":"category-rennes","8":"tag-abandonnes","9":"tag-actu","10":"tag-actualites","11":"tag-animaux","12":"tag-bretagne","13":"tag-chantepie","14":"tag-collecte","15":"tag-eu","16":"tag-europe","17":"tag-fr","18":"tag-france","19":"tag-news","20":"tag-redon","21":"tag-rennes","22":"tag-republique-francaise","23":"tag-soutenir"},"share_on_mastodon":{"url":"https:\/\/pubeurope.com\/@fr\/115564031866461433","error":""},"_links":{"self":[{"href":"https:\/\/www.europesays.com\/fr\/wp-json\/wp\/v2\/posts\/539807","targetHints":{"allow":["GET"]}}],"collection":[{"href":"https:\/\/www.europesays.com\/fr\/wp-json\/wp\/v2\/posts"}],"about":[{"href":"https:\/\/www.europesays.com\/fr\/wp-json\/wp\/v2\/types\/post"}],"author":[{"embeddable":true,"href":"https:\/\/www.europesays.com\/fr\/wp-json\/wp\/v2\/users\/2"}],"replies":[{"embeddable":true,"href":"https:\/\/www.europesays.com\/fr\/wp-json\/wp\/v2\/comments?post=539807"}],"version-history":[{"count":0,"href":"https:\/\/www.europesays.com\/fr\/wp-json\/wp\/v2\/posts\/539807\/revisions"}],"wp:featuredmedia":[{"embeddable":true,"href":"https:\/\/www.europesays.com\/fr\/wp-json\/wp\/v2\/media\/539808"}],"wp:attachment":[{"href":"https:\/\/www.europesays.com\/fr\/wp-json\/wp\/v2\/media?parent=539807"}],"wp:term":[{"taxonomy":"category","embeddable":true,"href":"https:\/\/www.europesays.com\/fr\/wp-json\/wp\/v2\/categories?post=539807"},{"taxonomy":"post_tag","embeddable":true,"href":"https:\/\/www.europesays.com\/fr\/wp-json\/wp\/v2\/tags?post=539807"}],"curies":[{"name":"wp","href":"https:\/\/api.w.org\/{rel}","templated":true}]}}