{"id":539813,"date":"2025-11-17T08:14:13","date_gmt":"2025-11-17T08:14:13","guid":{"rendered":"https:\/\/www.europesays.com\/fr\/539813\/"},"modified":"2025-11-17T08:14:13","modified_gmt":"2025-11-17T08:14:13","slug":"conference-autour-de-la-mission-meconnue-des-soldats-colmariens-en-algerie","status":"publish","type":"post","link":"https:\/\/www.europesays.com\/fr\/539813\/","title":{"rendered":"conf\u00e9rence autour de la mission m\u00e9connue des soldats colmariens en Alg\u00e9rie"},"content":{"rendered":"<p>L\u2019expos\u00e9 donn\u00e9 par Jacques Vogelweith le 20 novembre prochain \u00e0 la facult\u00e9 de chirurgie dentaire de Strasbourg portera <a href=\"https:\/\/www.dna.fr\/defense-guerre-conflit\/2021\/09\/24\/sauvetage-des-harkis-les-diables-rouges-en-premiere-ligne\" target=\"_blank\" rel=\"noopener\">sur une mission m\u00e9connue du 152e r\u00e9giment d\u2019infanterie de Colmar<\/a> , apr\u00e8s les accords d\u2019Evian (18 mars 1962) mettant fin \u00e0 la guerre d\u2019Alg\u00e9rie.<\/p>\n<p>L\u2019Alsacien est le dernier survivant \u00e0 pouvoir t\u00e9moigner de cette p\u00e9riode troubl\u00e9e, les autres soldats du r\u00e9giment colmarien \u00e9tant d\u00e9c\u00e9d\u00e9s.<\/p>\n<p>Z\u00e9ralda, un camp de transit<\/p>\n<p>\u00c0 l\u2019\u00e9poque sous-lieutenant, Jacques Vogelweith \u00e9tait affect\u00e9 \u00e0 la s\u00e9curisation d\u2019un camp, Z\u00e9ralda, situ\u00e9 \u00e0 l\u2019ouest d\u2019Alger.<\/p>\n<p>L\u2019endroit est devenu officieusement le camp de transit des milliers de harkis. Les suppl\u00e9tifs de l\u2019arm\u00e9e fran\u00e7aise et leurs familles ont ainsi \u00e9t\u00e9 regroup\u00e9s \u00e0 Z\u00e9ralda avant d\u2019\u00eatre \u00e9vacu\u00e9s (et donc sauv\u00e9s) vers la France par bateau.<\/p>\n<p class=\"note\">(*) \u00ab Le sauvetage des harkis \u00bb par Jacques Vogelweith, le jeudi 20 novembre \u00e0 18h, \u00e0 la Facult\u00e9 de chirurgie dentaire, 8 rue Sainte-Elisabeth \u00e0 Strasbourg. Entr\u00e9e libre.<\/p>\n","protected":false},"excerpt":{"rendered":"L\u2019expos\u00e9 donn\u00e9 par Jacques Vogelweith le 20 novembre prochain \u00e0 la facult\u00e9 de chirurgie dentaire de Strasbourg portera&hellip;\n","protected":false},"author":2,"featured_media":539814,"comment_status":"","ping_status":"","sticky":false,"template":"","format":"standard","meta":{"footnotes":""},"categories":[2820],"tags":[1111,11,3206,2880,1777,674,107,1011,27,775,937,12,25,104,640,2879],"class_list":{"0":"post-539813","1":"post","2":"type-post","3":"status-publish","4":"format-standard","5":"has-post-thumbnail","7":"category-strasbourg","8":"tag-actu","9":"tag-actualites","10":"tag-defense-guerre-conflit","11":"tag-edition-strasbourg","12":"tag-eu","13":"tag-europe","14":"tag-fil-info","15":"tag-fr","16":"tag-france","17":"tag-grand-est","18":"tag-histoire","19":"tag-news","20":"tag-republique-francaise","21":"tag-societe","22":"tag-strasbourg","23":"tag-strasbourg-ville"},"share_on_mastodon":{"url":"https:\/\/pubeurope.com\/@fr\/115564043583498628","error":""},"_links":{"self":[{"href":"https:\/\/www.europesays.com\/fr\/wp-json\/wp\/v2\/posts\/539813","targetHints":{"allow":["GET"]}}],"collection":[{"href":"https:\/\/www.europesays.com\/fr\/wp-json\/wp\/v2\/posts"}],"about":[{"href":"https:\/\/www.europesays.com\/fr\/wp-json\/wp\/v2\/types\/post"}],"author":[{"embeddable":true,"href":"https:\/\/www.europesays.com\/fr\/wp-json\/wp\/v2\/users\/2"}],"replies":[{"embeddable":true,"href":"https:\/\/www.europesays.com\/fr\/wp-json\/wp\/v2\/comments?post=539813"}],"version-history":[{"count":0,"href":"https:\/\/www.europesays.com\/fr\/wp-json\/wp\/v2\/posts\/539813\/revisions"}],"wp:featuredmedia":[{"embeddable":true,"href":"https:\/\/www.europesays.com\/fr\/wp-json\/wp\/v2\/media\/539814"}],"wp:attachment":[{"href":"https:\/\/www.europesays.com\/fr\/wp-json\/wp\/v2\/media?parent=539813"}],"wp:term":[{"taxonomy":"category","embeddable":true,"href":"https:\/\/www.europesays.com\/fr\/wp-json\/wp\/v2\/categories?post=539813"},{"taxonomy":"post_tag","embeddable":true,"href":"https:\/\/www.europesays.com\/fr\/wp-json\/wp\/v2\/tags?post=539813"}],"curies":[{"name":"wp","href":"https:\/\/api.w.org\/{rel}","templated":true}]}}