{"id":539831,"date":"2025-11-17T08:23:10","date_gmt":"2025-11-17T08:23:10","guid":{"rendered":"https:\/\/www.europesays.com\/fr\/539831\/"},"modified":"2025-11-17T08:23:10","modified_gmt":"2025-11-17T08:23:10","slug":"debut-de-journee-complique-sur-la-ligne-1-du-metro-de-lille-ilevia","status":"publish","type":"post","link":"https:\/\/www.europesays.com\/fr\/539831\/","title":{"rendered":"d\u00e9but de journ\u00e9e compliqu\u00e9 sur la ligne 1 du m\u00e9tro de Lille Il\u00e9via"},"content":{"rendered":"<p>                    Par<br \/>\n        <strong><br \/>\n            <a href=\"https:\/\/actu.fr\/auteur\/nicolas-demollien\" title=\"Consulter tous les articles de Nicolas Demollien\" rel=\"nofollow noopener\" target=\"_blank\">Nicolas Demollien<\/a><br \/>\n                    <\/strong><\/p>\n<p>        Publi\u00e9 le<\/p>\n<p>            17 nov. 2025 \u00e0 8h46        <\/p>\n<p>Les usagers crient une nouvelle fois leur <b>col\u00e8re<\/b>. Ce <b>lundi 17 novembre 2025<\/b>, il faut se montrer tr\u00e8s patient pour pouvoir emprunter la <b>ligne 1 du m\u00e9tro<\/b> <a href=\"https:\/\/actu.fr\/tag\/ilevia\" rel=\"nofollow noopener\" target=\"_blank\">Il\u00e9via<\/a> de la m\u00e9tropole de <a href=\"https:\/\/actu.fr\/hauts-de-france\/lille_59350\" rel=\"nofollow noopener\" target=\"_blank\">Lille<\/a> (Nord). Apr\u00e8s une <b>interruption<\/b> matinale, de <b>gros retards<\/b> rendent difficiles l\u2019acc\u00e8s aux rames.<\/p>\n<p>La ligne 1 du m\u00e9tro de Lille circule avec beaucoup de retard ce lundi<\/p>\n<p class=\" wall-content\">D\u00e8s le d\u00e9but de matin\u00e9e, la ligne a \u00e9t\u00e9 interrompue entre <a href=\"https:\/\/actu.fr\/hauts-de-france\/villeneuve-d-ascq_59009\" rel=\"nofollow noopener\" target=\"_blank\">Villeneuve-d\u2019Ascq<\/a> et Lille Fives, \u00ab\u00a0en raison d\u2019un <b>d\u00e9faut sur le nouveau pilote automatique<\/b>\u00ab\u00a0, annon\u00e7ait l\u2019entreprise de <a href=\"https:\/\/actu.fr\/tag\/transport\" rel=\"nofollow noopener\" target=\"_blank\">transport<\/a>.<\/p>\n<p class=\" wall-content\">Le trafic a repris assez rapidement mais \u00ab\u00a0avec un temps d\u2019attente entre deux m\u00e9tros qui est allong\u00e9\u00a0\u00bb.<\/p>\n<p class=\" wall-content\">\n<p class=\" wall-content\">Un temps tr\u00e8s long alors que l\u2019<b>affluence est importante<\/b> le lundi matin. Des b<b>us relais ont alors \u00e9t\u00e9 d\u00e9ploy\u00e9s<\/b>. Mais pas assez au go\u00fbt des usagers qui les trouvaient bien peu nombreux.<\/p>\n<p class=\" wall-content\">A l\u2019heure o\u00f9 nous bouclons ces lignes, le trafic n\u2019avait toujours pas repris. Et sur les r\u00e9seaux comme dans les stations, la col\u00e8re est bien pr\u00e9sente. \u00ab\u00a0Je vais encore devoir me d\u00e9brouiller et arriver en retard\u00a0\u00bb, s\u2019agace ainsi Antoine \u00e0 Hellemmes, d\u00e9pit\u00e9 en apprenant la nouvelle.<\/p>\n<p class=\" wall-content\">Plus d\u2019informations \u00e0 venir.<\/p>\n<p class=\" wall-content\">Personnalisez votre actualit\u00e9 en ajoutant vos villes et m\u00e9dias en favori avec <a href=\"https:\/\/moncompte.actu.fr\" title=\"D\u00e9couvez Mon Actu\" rel=\"nofollow noopener\" data-trk=\"{&quot;cta&quot;:{&quot;action&quot;:&quot;https:\\\/\\\/moncompte.actu.fr&quot;,&quot;category&quot;:&quot;mon compte&quot;,&quot;from&quot;:&quot;article footer&quot;,&quot;name&quot;:&quot;Mon actu&quot;,&quot;type&quot;:&quot;cta&quot;}}\" target=\"_blank\">Mon Actu<\/a>.<\/p>\n","protected":false},"excerpt":{"rendered":"Par Nicolas Demollien Publi\u00e9 le 17 nov. 2025 \u00e0 8h46 Les usagers crient une nouvelle fois leur col\u00e8re.&hellip;\n","protected":false},"author":2,"featured_media":539832,"comment_status":"","ping_status":"","sticky":false,"template":"","format":"standard","meta":{"footnotes":""},"categories":[2815],"tags":[1111,11,1777,674,1011,27,811,4288,1307,12,25,104,2803],"class_list":{"0":"post-539831","1":"post","2":"type-post","3":"status-publish","4":"format-standard","5":"has-post-thumbnail","7":"category-lille","8":"tag-actu","9":"tag-actualites","10":"tag-eu","11":"tag-europe","12":"tag-fr","13":"tag-france","14":"tag-hauts-de-france","15":"tag-ilevia","16":"tag-lille","17":"tag-news","18":"tag-republique-francaise","19":"tag-societe","20":"tag-transport"},"share_on_mastodon":{"url":"https:\/\/pubeurope.com\/@fr\/115564079030874104","error":""},"_links":{"self":[{"href":"https:\/\/www.europesays.com\/fr\/wp-json\/wp\/v2\/posts\/539831","targetHints":{"allow":["GET"]}}],"collection":[{"href":"https:\/\/www.europesays.com\/fr\/wp-json\/wp\/v2\/posts"}],"about":[{"href":"https:\/\/www.europesays.com\/fr\/wp-json\/wp\/v2\/types\/post"}],"author":[{"embeddable":true,"href":"https:\/\/www.europesays.com\/fr\/wp-json\/wp\/v2\/users\/2"}],"replies":[{"embeddable":true,"href":"https:\/\/www.europesays.com\/fr\/wp-json\/wp\/v2\/comments?post=539831"}],"version-history":[{"count":0,"href":"https:\/\/www.europesays.com\/fr\/wp-json\/wp\/v2\/posts\/539831\/revisions"}],"wp:featuredmedia":[{"embeddable":true,"href":"https:\/\/www.europesays.com\/fr\/wp-json\/wp\/v2\/media\/539832"}],"wp:attachment":[{"href":"https:\/\/www.europesays.com\/fr\/wp-json\/wp\/v2\/media?parent=539831"}],"wp:term":[{"taxonomy":"category","embeddable":true,"href":"https:\/\/www.europesays.com\/fr\/wp-json\/wp\/v2\/categories?post=539831"},{"taxonomy":"post_tag","embeddable":true,"href":"https:\/\/www.europesays.com\/fr\/wp-json\/wp\/v2\/tags?post=539831"}],"curies":[{"name":"wp","href":"https:\/\/api.w.org\/{rel}","templated":true}]}}