{"id":539835,"date":"2025-11-17T08:25:13","date_gmt":"2025-11-17T08:25:13","guid":{"rendered":"https:\/\/www.europesays.com\/fr\/539835\/"},"modified":"2025-11-17T08:25:13","modified_gmt":"2025-11-17T08:25:13","slug":"karimeh-abbud-lady-oubliee-de-la-photographie-en-palestine","status":"publish","type":"post","link":"https:\/\/www.europesays.com\/fr\/539835\/","title":{"rendered":"Karimeh Abbud, \u00ab\u00a0lady\u00a0\u00bb oubli\u00e9e de la photographie en Palestine"},"content":{"rendered":"<p>Elle se pr\u00e9sentait elle-m\u00eame comme \u00ab\u00a0Lady Photographer\u00a0\u00bb et bien qu\u2019elle soit aujourd\u2019hui consid\u00e9r\u00e9e par certains comme \u00ab\u00a0la premi\u00e8re femme photographe de Palestine et du Moyen-Orient\u00a0\u00bb, vous n\u2019avez sans doute jamais entendu parler de Karimeh Abbud. <a href=\"https:\/\/www.laprovence.com\/region\/Edition-marseille\" target=\"_blank\" rel=\"noopener\">\u00c0 Marseille<\/a>, la maison d\u2019\u00e9dition Images plurielles (associ\u00e9 \u00e0 Barzakh, \u00e0 Alger) rend aujourd\u2019hui hommage \u00e0 cette artiste oubli\u00e9e, dans une belle monographie trilingue (fran\u00e7ais, arabe, anglais), Karimeh Abbud, images de <a href=\"https:\/\/www.laprovence.com\/article\/france-monde\/26764191080410\/letat-de-palestine-reconnu-par-plus-de-150-pays-qui-peut-le-gouverner\" target=\"_blank\" rel=\"noopener\">Palestine<\/a>. Elle fera aussi l\u2019objet d\u2019une exposition, le 4\u00a0d\u00e9cembre \u00e0 18h \u00e0 la <a href=\"https:\/\/www.laprovence.com\/article\/region\/74074729851821\/entreprise-centenaire-la-librairie-maupetit-a-marseille-depuis-1919\" target=\"_blank\" rel=\"noopener\">librairie Maupetit<\/a> (142, La Canebi\u00e8re).<\/p>\n<p>Qu\u00eate<\/p>\n<p>\u00ab\u00a0J\u2019aime les regards d\u2019auteurs croisant l\u2019Histoire\u00a0\u00bb, explique <a href=\"https:\/\/www.laprovence.com\/article\/sortie-loisirs\/24990228718044\/marseille-sur-le-boulevard-national-une-synthese-marseillaise-avec-une-exposition-photo-en-trois-lieux\" target=\"_blank\" rel=\"noopener\">Abed Abidat<\/a>, \u00e9diteur et photographe marseillais. Celui pos\u00e9 dans les ann\u00e9es 1915-1940 par cette fille de pasteur, n\u00e9e \u00e0 Bethl\u00e9em en 1893, et \u00e0 la t\u00eate de son propre studio &#8211;\u00a0fait rarissime \u00e0 l\u2019\u00e9poque pour une femme\u00a0&#8211; ne pouvait que l\u2019int\u00e9resser. \u00ab\u00a0Elle documente un monde d\u2019avant la <a href=\"https:\/\/www.laprovence.com\/article\/france-monde\/49385674001773\/les-palestiniens-commemorent-la-nakba-craignant-que-lhistoire-ne-se-repete\" target=\"_blank\" rel=\"noopener\">Nakba<\/a>\u00ab\u00a0, l\u2019expulsion et l\u2019exode des populations arabes de Palestine en\u00a01948, pr\u00e9cise-t-il. Il y a quatre ans, c\u2019est une enseignante parisienne qui lui parle la premi\u00e8re de Karimeh Abbud et de la qu\u00eate entreprise depuis\u00a02006 par Ahmad Marwat, un chercheur en histoire palestinien qui a cr\u00e9\u00e9 un fonds m\u00e9moriel \u00e0 l\u2019histoire de cette terre.<\/p>\n<p>\u00ab\u00a0Au d\u00e9part, il y a la d\u00e9couverte, dans une vieille maison de Qatamon, un quartier de J\u00e9rusalem, d\u2019un ensemble de cartes postales, retrace Abed Abidat. Celles-ci portent au dos un tampon\u00a0: Karimeh Abbud, lady photographer.\u00a0\u00bb Des portraits de femmes, d\u2019enfants, essentiellement. Pour Ahmad Marwat, des ann\u00e9es d\u2019enqu\u00eate difficile commencent. Qui est cette femme, d\u00e9c\u00e9d\u00e9e en\u00a01940\u00a0? Toutes n\u2019ont pas trouv\u00e9 de r\u00e9ponse\u00a0: \u00ab\u00a0Ainsi, nous ne connaissons pas encore le nom de la personne qui l\u2019a initi\u00e9e \u00e0 la photographie, admet ce chercheur. Mais de nombreux Arm\u00e9niens travaillaient dans le domaine de la photographie dans cette r\u00e9gion du monde.\u00a0\u00bb<\/p>\n<p>Ce qu\u2019on sait n\u00e9anmoins, c\u2019est que la jeune femme est la fille d\u2019un pasteur, Sa\u00efd Abbud, pr\u00e9dicateur de l\u2019\u00e9glise luth\u00e9rienne de la Nativit\u00e9 \u00e0 Bethl\u00e9em et \u00e0 J\u00e9rusalem. Karimeh commence \u00e0 exercer son art en saisissant sa famille puis la bonne soci\u00e9t\u00e9 locale. \u00ab\u00a0Ses photos ont contribu\u00e9 \u00e0 une pr\u00e9sence sociale qui a jou\u00e9 un r\u00f4le tant dans la soci\u00e9t\u00e9 civile que dans les villages\u00a0\u00bb, soutient Ahmad Marwat. \u00ab\u00a0Les voyages qu\u2019elle effectue lui permettront d\u2019\u00eatre l\u2019observatrice privil\u00e9gi\u00e9e\u00a0\u00bb de la Palestine, appuie l\u2019historienne Sandrine Mansour, qui pr\u00e9face le livre.<\/p>\n<p>\u00ab\u00a0Karimeh Abbud, images de Palestine\u00a0\u00bb, \u00e9dition Images plurielles et Barzakh, 248\u00a0pages, 39\u00a0euros.<\/p>\n","protected":false},"excerpt":{"rendered":"Elle se pr\u00e9sentait elle-m\u00eame comme \u00ab\u00a0Lady Photographer\u00a0\u00bb et bien qu\u2019elle soit aujourd\u2019hui consid\u00e9r\u00e9e par certains comme \u00ab\u00a0la premi\u00e8re&hellip;\n","protected":false},"author":2,"featured_media":539836,"comment_status":"","ping_status":"","sticky":false,"template":"","format":"standard","meta":{"footnotes":""},"categories":[2814],"tags":[17,65833,1111,11,251,1777,674,1011,27,65832,1232,884,12,61256,3518,1756,882,25],"class_list":{"0":"post-539835","1":"post","2":"type-post","3":"status-publish","4":"format-standard","5":"has-post-thumbnail","7":"category-marseille","8":"tag-17","9":"tag-abbud","10":"tag-actu","11":"tag-actualites","12":"tag-culture","13":"tag-eu","14":"tag-europe","15":"tag-fr","16":"tag-france","17":"tag-karimeh","18":"tag-lady","19":"tag-marseille","20":"tag-news","21":"tag-oubliee","22":"tag-palestine","23":"tag-photographie","24":"tag-provence-alpes-cote-dazur","25":"tag-republique-francaise"},"share_on_mastodon":{"url":"https:\/\/pubeurope.com\/@fr\/115564086934775819","error":""},"_links":{"self":[{"href":"https:\/\/www.europesays.com\/fr\/wp-json\/wp\/v2\/posts\/539835","targetHints":{"allow":["GET"]}}],"collection":[{"href":"https:\/\/www.europesays.com\/fr\/wp-json\/wp\/v2\/posts"}],"about":[{"href":"https:\/\/www.europesays.com\/fr\/wp-json\/wp\/v2\/types\/post"}],"author":[{"embeddable":true,"href":"https:\/\/www.europesays.com\/fr\/wp-json\/wp\/v2\/users\/2"}],"replies":[{"embeddable":true,"href":"https:\/\/www.europesays.com\/fr\/wp-json\/wp\/v2\/comments?post=539835"}],"version-history":[{"count":0,"href":"https:\/\/www.europesays.com\/fr\/wp-json\/wp\/v2\/posts\/539835\/revisions"}],"wp:featuredmedia":[{"embeddable":true,"href":"https:\/\/www.europesays.com\/fr\/wp-json\/wp\/v2\/media\/539836"}],"wp:attachment":[{"href":"https:\/\/www.europesays.com\/fr\/wp-json\/wp\/v2\/media?parent=539835"}],"wp:term":[{"taxonomy":"category","embeddable":true,"href":"https:\/\/www.europesays.com\/fr\/wp-json\/wp\/v2\/categories?post=539835"},{"taxonomy":"post_tag","embeddable":true,"href":"https:\/\/www.europesays.com\/fr\/wp-json\/wp\/v2\/tags?post=539835"}],"curies":[{"name":"wp","href":"https:\/\/api.w.org\/{rel}","templated":true}]}}